{"id":3223,"date":"2024-04-04T11:00:17","date_gmt":"2024-04-04T11:00:17","guid":{"rendered":"https:\/\/www.automakers.cz\/?p=3223"},"modified":"2024-04-04T11:42:32","modified_gmt":"2024-04-04T11:42:32","slug":"importersky-special-prinasi-prehled-tiskovek-1-kvartalu-2024","status":"publish","type":"post","link":"https:\/\/www.automakers.cz\/?p=3223","title":{"rendered":"P\u0159ehled tiskovek SDA 1. kvart\u00e1lu v Import\u00e9rsk\u00e9m speci\u00e1lu 2024"},"content":{"rendered":"<p><strong>Import\u00e9rsk\u00fd speci\u00e1l Automakers 2024 p\u0159in\u00e1\u0161\u00ed tradi\u010dn\u00ed bilan\u010dn\u00ed rozhovory s mana\u017eery SDA a tak\u00e9 p\u0159ehled bilan\u010dn\u00edch tiskov\u00fdch konferenc\u00ed prvn\u00edho leto\u0161n\u00edho kvart\u00e1lu.<\/strong><!--more--><\/p>\n<p>Motonovin\u00e1\u0159sk\u00fd rok 2024 za\u010dal 5. ledna tradi\u010dn\u00ed v\u00fdro\u010dn\u00ed tiskovkou SDA, na kter\u00e9 \u010dlenov\u00e9 v\u00fdkonn\u00e9ho v\u00fdboru svazu zhodnotili rok p\u0159edchoz\u00ed a nast\u00ednili o\u010dek\u00e1van\u00fd v\u00fdvoj v roce 2024.<\/p>\n<p><img loading=\"lazy\" decoding=\"async\" class=\"size-medium wp-image-1251\" src=\"http:\/\/www.automakers.cz\/wp-content\/uploads\/2024\/01\/TK-SDA-leden-Pokorny-Hurt-Saitz-900x505.jpg\" alt=\"\" width=\"900\" height=\"505\" srcset=\"https:\/\/www.automakers.cz\/wp-content\/uploads\/2024\/01\/TK-SDA-leden-Pokorny-Hurt-Saitz-900x505.jpg 900w, https:\/\/www.automakers.cz\/wp-content\/uploads\/2024\/01\/TK-SDA-leden-Pokorny-Hurt-Saitz-1024x575.jpg 1024w, https:\/\/www.automakers.cz\/wp-content\/uploads\/2024\/01\/TK-SDA-leden-Pokorny-Hurt-Saitz-768x431.jpg 768w, https:\/\/www.automakers.cz\/wp-content\/uploads\/2024\/01\/TK-SDA-leden-Pokorny-Hurt-Saitz.jpg 1179w\" sizes=\"auto, (max-width: 900px) 100vw, 900px\" \/>N\u00e1sledovala \u0159ada bilan\u010dn\u00edch konferenc\u00ed \u010dlensk\u00fdch firem. V prvn\u00edm leto\u0161n\u00edm kvart\u00e1lu jsme napo\u010d\u00edtali celkem osm bilan\u010dn\u00edch konferenc\u00ed \u010dlensk\u00fdch firem Svazu dovozc\u016f automobil\u016f.<\/p>\n<figure id=\"attachment_1543\" aria-describedby=\"caption-attachment-1543\" style=\"width: 900px\" class=\"wp-caption alignnone\"><img loading=\"lazy\" decoding=\"async\" class=\"size-medium wp-image-1543\" src=\"http:\/\/www.automakers.cz\/wp-content\/uploads\/2024\/01\/Porsche-Alcron-Hurt-2024-900x505.jpg\" alt=\"\" width=\"900\" height=\"505\" srcset=\"https:\/\/www.automakers.cz\/wp-content\/uploads\/2024\/01\/Porsche-Alcron-Hurt-2024-900x505.jpg 900w, https:\/\/www.automakers.cz\/wp-content\/uploads\/2024\/01\/Porsche-Alcron-Hurt-2024-1024x575.jpg 1024w, https:\/\/www.automakers.cz\/wp-content\/uploads\/2024\/01\/Porsche-Alcron-Hurt-2024-768x431.jpg 768w, https:\/\/www.automakers.cz\/wp-content\/uploads\/2024\/01\/Porsche-Alcron-Hurt-2024.jpg 1179w\" sizes=\"auto, (max-width: 900px) 100vw, 900px\" \/><figcaption id=\"caption-attachment-1543\" class=\"wp-caption-text\">Jednatel Porsche \u010cR Jan Hurt sezval novin\u00e1\u0159skou obec do Alcronu<\/figcaption><\/figure>\n<p>Svoje prodejn\u00ed v\u00fdkony nbilancoval nejv\u011bt\u0161\u00ed \u010desk\u00fdch import\u00e9r Porsche \u010cR a to hned za v\u0161echny zna\u010dky (VW, VW U\u017eitkov\u00e9, Audi, SEAT, CUPRA).<\/p>\n<figure id=\"attachment_1709\" aria-describedby=\"caption-attachment-1709\" style=\"width: 900px\" class=\"wp-caption alignnone\"><img loading=\"lazy\" decoding=\"async\" class=\"size-medium wp-image-1709\" src=\"http:\/\/www.automakers.cz\/wp-content\/uploads\/2024\/01\/Toyota-bilancni-TK-Peleska-2024-900x675.jpg\" alt=\"\" width=\"900\" height=\"675\" srcset=\"https:\/\/www.automakers.cz\/wp-content\/uploads\/2024\/01\/Toyota-bilancni-TK-Peleska-2024-900x675.jpg 900w, https:\/\/www.automakers.cz\/wp-content\/uploads\/2024\/01\/Toyota-bilancni-TK-Peleska-2024-1024x768.jpg 1024w, https:\/\/www.automakers.cz\/wp-content\/uploads\/2024\/01\/Toyota-bilancni-TK-Peleska-2024-768x576.jpg 768w, https:\/\/www.automakers.cz\/wp-content\/uploads\/2024\/01\/Toyota-bilancni-TK-Peleska-2024-1536x1152.jpg 1536w, https:\/\/www.automakers.cz\/wp-content\/uploads\/2024\/01\/Toyota-bilancni-TK-Peleska-2024.jpg 2040w\" sizes=\"auto, (max-width: 900px) 100vw, 900px\" \/><figcaption id=\"caption-attachment-1709\" class=\"wp-caption-text\">Martin Pele\u0161ka shrnul v\u00fdsledky Toyoty a Lexusu v centr\u00e1le obou zna\u010dek<\/figcaption><\/figure>\n<figure id=\"attachment_1360\" aria-describedby=\"caption-attachment-1360\" style=\"width: 900px\" class=\"wp-caption alignnone\"><img loading=\"lazy\" decoding=\"async\" class=\"size-medium wp-image-1360\" src=\"http:\/\/www.automakers.cz\/wp-content\/uploads\/2024\/01\/Opel-Tancici-dum-Sopik-orez-900x584.jpg\" alt=\"\" width=\"900\" height=\"584\" srcset=\"https:\/\/www.automakers.cz\/wp-content\/uploads\/2024\/01\/Opel-Tancici-dum-Sopik-orez-900x584.jpg 900w, https:\/\/www.automakers.cz\/wp-content\/uploads\/2024\/01\/Opel-Tancici-dum-Sopik-orez-1024x664.jpg 1024w, https:\/\/www.automakers.cz\/wp-content\/uploads\/2024\/01\/Opel-Tancici-dum-Sopik-orez-768x498.jpg 768w, https:\/\/www.automakers.cz\/wp-content\/uploads\/2024\/01\/Opel-Tancici-dum-Sopik-orez-1536x996.jpg 1536w, https:\/\/www.automakers.cz\/wp-content\/uploads\/2024\/01\/Opel-Tancici-dum-Sopik-orez.jpg 2040w\" sizes=\"auto, (max-width: 900px) 100vw, 900px\" \/><figcaption id=\"caption-attachment-1360\" class=\"wp-caption-text\">\u0160\u00e9f Opelu Josef \u0160op\u00edk se pochlubil s \u010d\u00edsly v Tan\u010d\u00edc\u00edm dom\u011b<\/figcaption><\/figure>\n<p>Novin\u00e1\u0159e svolaly Renault s Daci\u00ed, Ford nebo Opel.<\/p>\n<p><img loading=\"lazy\" decoding=\"async\" class=\"alignnone size-medium wp-image-2229\" src=\"http:\/\/www.automakers.cz\/wp-content\/uploads\/2024\/02\/Renault-tiskovka-Karlin-celek-Skalickova-900x506.jpg\" alt=\"\" width=\"900\" height=\"506\" srcset=\"https:\/\/www.automakers.cz\/wp-content\/uploads\/2024\/02\/Renault-tiskovka-Karlin-celek-Skalickova-900x506.jpg 900w, https:\/\/www.automakers.cz\/wp-content\/uploads\/2024\/02\/Renault-tiskovka-Karlin-celek-Skalickova-768x432.jpg 768w, https:\/\/www.automakers.cz\/wp-content\/uploads\/2024\/02\/Renault-tiskovka-Karlin-celek-Skalickova.jpg 1024w\" sizes=\"auto, (max-width: 900px) 100vw, 900px\" \/><\/p>\n<figure id=\"attachment_1416\" aria-describedby=\"caption-attachment-1416\" style=\"width: 900px\" class=\"wp-caption alignnone\"><img loading=\"lazy\" decoding=\"async\" class=\"size-medium wp-image-1416\" src=\"http:\/\/www.automakers.cz\/wp-content\/uploads\/2024\/01\/Ford-Benes-Revir-900x675.jpg\" alt=\"\" width=\"900\" height=\"675\" srcset=\"https:\/\/www.automakers.cz\/wp-content\/uploads\/2024\/01\/Ford-Benes-Revir-900x675.jpg 900w, https:\/\/www.automakers.cz\/wp-content\/uploads\/2024\/01\/Ford-Benes-Revir-1024x768.jpg 1024w, https:\/\/www.automakers.cz\/wp-content\/uploads\/2024\/01\/Ford-Benes-Revir-768x576.jpg 768w, https:\/\/www.automakers.cz\/wp-content\/uploads\/2024\/01\/Ford-Benes-Revir-1536x1152.jpg 1536w, https:\/\/www.automakers.cz\/wp-content\/uploads\/2024\/01\/Ford-Benes-Revir.jpg 2040w\" sizes=\"auto, (max-width: 900px) 100vw, 900px\" \/><figcaption id=\"caption-attachment-1416\" class=\"wp-caption-text\">\u0160\u00e9f importu Libor Bene\u0161 odhalil pl\u00e1ny na rok 2024 na tiskovce v Rev\u00edru<\/figcaption><\/figure>\n<p>Bilan\u010dnku uspo\u0159\u00e1dala i nov\u00e1 zna\u010dka na \u010desk\u00e9om trhu &#8211; \u010d\u00ednsk\u00e1 MG.<\/p>\n<figure id=\"attachment_1310\" aria-describedby=\"caption-attachment-1310\" style=\"width: 900px\" class=\"wp-caption alignnone\"><img loading=\"lazy\" decoding=\"async\" class=\"size-medium wp-image-1310\" src=\"http:\/\/www.automakers.cz\/wp-content\/uploads\/2024\/01\/MG-Kralicek-Joglova-Vodicka-1-900x675.jpg\" alt=\"\" width=\"900\" height=\"675\" srcset=\"https:\/\/www.automakers.cz\/wp-content\/uploads\/2024\/01\/MG-Kralicek-Joglova-Vodicka-1-900x675.jpg 900w, https:\/\/www.automakers.cz\/wp-content\/uploads\/2024\/01\/MG-Kralicek-Joglova-Vodicka-1-1024x768.jpg 1024w, https:\/\/www.automakers.cz\/wp-content\/uploads\/2024\/01\/MG-Kralicek-Joglova-Vodicka-1-768x576.jpg 768w, https:\/\/www.automakers.cz\/wp-content\/uploads\/2024\/01\/MG-Kralicek-Joglova-Vodicka-1-1536x1152.jpg 1536w, https:\/\/www.automakers.cz\/wp-content\/uploads\/2024\/01\/MG-Kralicek-Joglova-Vodicka-1.jpg 2040w\" sizes=\"auto, (max-width: 900px) 100vw, 900px\" \/><figcaption id=\"caption-attachment-1310\" class=\"wp-caption-text\">\u0160\u00e9f MG Martin Kr\u00e1l\u00ed\u010dek a market\u00e9r Marek Vodi\u010dka vyhl\u00e1sili ofenzivu v Bastionu<\/figcaption><\/figure>\n<figure id=\"attachment_1826\" aria-describedby=\"caption-attachment-1826\" style=\"width: 900px\" class=\"wp-caption alignnone\"><img loading=\"lazy\" decoding=\"async\" class=\"size-medium wp-image-1826\" src=\"http:\/\/www.automakers.cz\/wp-content\/uploads\/2024\/01\/BMW_3_Haidinger-900x469.jpg\" alt=\"\" width=\"900\" height=\"469\" srcset=\"https:\/\/www.automakers.cz\/wp-content\/uploads\/2024\/01\/BMW_3_Haidinger-900x469.jpg 900w, https:\/\/www.automakers.cz\/wp-content\/uploads\/2024\/01\/BMW_3_Haidinger-1024x533.jpg 1024w, https:\/\/www.automakers.cz\/wp-content\/uploads\/2024\/01\/BMW_3_Haidinger-768x400.jpg 768w, https:\/\/www.automakers.cz\/wp-content\/uploads\/2024\/01\/BMW_3_Haidinger-1536x800.jpg 1536w, https:\/\/www.automakers.cz\/wp-content\/uploads\/2024\/01\/BMW_3_Haidinger-2048x1066.jpg 2048w\" sizes=\"auto, (max-width: 900px) 100vw, 900px\" \/><figcaption id=\"caption-attachment-1826\" class=\"wp-caption-text\">Bilan\u010dn\u00ed tiskovku BMW svolal mluv\u010d\u00ed zna\u010dky David Haidinger do pra\u017esk\u00fdch Ko\u0161\u00ed\u0159<\/figcaption><\/figure>\n<p>F Automobil Import p\u0159ibl\u00ed\u017eil v\u00fdsledky Fiatu a dal\u0161\u00edch italsk\u00fdch zna\u010dek nov\u011b sdru\u017een\u00fdch pod Emilem Freyem.<\/p>\n<figure id=\"attachment_1587\" aria-describedby=\"caption-attachment-1587\" style=\"width: 900px\" class=\"wp-caption alignnone\"><img loading=\"lazy\" decoding=\"async\" class=\"size-medium wp-image-1587\" src=\"http:\/\/www.automakers.cz\/wp-content\/uploads\/2024\/01\/Fiat-Hermansky-900x506.jpg\" alt=\"\" width=\"900\" height=\"506\" srcset=\"https:\/\/www.automakers.cz\/wp-content\/uploads\/2024\/01\/Fiat-Hermansky-900x506.jpg 900w, https:\/\/www.automakers.cz\/wp-content\/uploads\/2024\/01\/Fiat-Hermansky-1024x576.jpg 1024w, https:\/\/www.automakers.cz\/wp-content\/uploads\/2024\/01\/Fiat-Hermansky-768x432.jpg 768w, https:\/\/www.automakers.cz\/wp-content\/uploads\/2024\/01\/Fiat-Hermansky-1536x863.jpg 1536w, https:\/\/www.automakers.cz\/wp-content\/uploads\/2024\/01\/Fiat-Hermansky-1280x720.jpg 1280w, https:\/\/www.automakers.cz\/wp-content\/uploads\/2024\/01\/Fiat-Hermansky.jpg 2048w\" sizes=\"auto, (max-width: 900px) 100vw, 900px\" \/><figcaption id=\"caption-attachment-1587\" class=\"wp-caption-text\">Jarom\u00edr He\u0159mansk\u00fd p\u0159ibl\u00ed\u017eil situaci F Automobil Importu stylov\u011b v italsk\u00e9m Wine Foodu<\/figcaption><\/figure>\n<p><img loading=\"lazy\" decoding=\"async\" class=\"alignnone size-medium wp-image-1586\" src=\"http:\/\/www.automakers.cz\/wp-content\/uploads\/2024\/01\/Fiat-Wine-Food-900x506.jpg\" alt=\"\" width=\"900\" height=\"506\" srcset=\"https:\/\/www.automakers.cz\/wp-content\/uploads\/2024\/01\/Fiat-Wine-Food-900x506.jpg 900w, https:\/\/www.automakers.cz\/wp-content\/uploads\/2024\/01\/Fiat-Wine-Food-1024x576.jpg 1024w, https:\/\/www.automakers.cz\/wp-content\/uploads\/2024\/01\/Fiat-Wine-Food-768x432.jpg 768w, https:\/\/www.automakers.cz\/wp-content\/uploads\/2024\/01\/Fiat-Wine-Food-1536x863.jpg 1536w, https:\/\/www.automakers.cz\/wp-content\/uploads\/2024\/01\/Fiat-Wine-Food-1280x720.jpg 1280w, https:\/\/www.automakers.cz\/wp-content\/uploads\/2024\/01\/Fiat-Wine-Food.jpg 2048w\" sizes=\"auto, (max-width: 900px) 100vw, 900px\" \/><\/p>\n<p><strong>Zdroj: Import\u00e9rsk\u00fd speci\u00e1l 2024<\/strong><\/p>\n","protected":false},"excerpt":{"rendered":"<p>Import\u00e9rsk\u00fd speci\u00e1l Automakers 2024 p\u0159in\u00e1\u0161\u00ed tradi\u010dn\u00ed bilan\u010dn\u00ed rozhovory s mana\u017eery SDA a tak\u00e9 p\u0159ehled bilan\u010dn\u00edch&#8230;<\/p>\n","protected":false},"author":1,"featured_media":3213,"comment_status":"closed","ping_status":"closed","sticky":false,"template":"","format":"standard","meta":{"footnotes":""},"categories":[11,49,53],"tags":[],"class_list":["post-3223","post","type-post","status-publish","format-standard","has-post-thumbnail","hentry","category-importeri","category-media","category-vysledky"],"_links":{"self":[{"href":"https:\/\/www.automakers.cz\/index.php?rest_route=\/wp\/v2\/posts\/3223","targetHints":{"allow":["GET"]}}],"collection":[{"href":"https:\/\/www.automakers.cz\/index.php?rest_route=\/wp\/v2\/posts"}],"about":[{"href":"https:\/\/www.automakers.cz\/index.php?rest_route=\/wp\/v2\/types\/post"}],"author":[{"embeddable":true,"href":"https:\/\/www.automakers.cz\/index.php?rest_route=\/wp\/v2\/users\/1"}],"replies":[{"embeddable":true,"href":"https:\/\/www.automakers.cz\/index.php?rest_route=%2Fwp%2Fv2%2Fcomments&post=3223"}],"version-history":[{"count":8,"href":"https:\/\/www.automakers.cz\/index.php?rest_route=\/wp\/v2\/posts\/3223\/revisions"}],"predecessor-version":[{"id":3233,"href":"https:\/\/www.automakers.cz\/index.php?rest_route=\/wp\/v2\/posts\/3223\/revisions\/3233"}],"wp:featuredmedia":[{"embeddable":true,"href":"https:\/\/www.automakers.cz\/index.php?rest_route=\/wp\/v2\/media\/3213"}],"wp:attachment":[{"href":"https:\/\/www.automakers.cz\/index.php?rest_route=%2Fwp%2Fv2%2Fmedia&parent=3223"}],"wp:term":[{"taxonomy":"category","embeddable":true,"href":"https:\/\/www.automakers.cz\/index.php?rest_route=%2Fwp%2Fv2%2Fcategories&post=3223"},{"taxonomy":"post_tag","embeddable":true,"href":"https:\/\/www.automakers.cz\/index.php?rest_route=%2Fwp%2Fv2%2Ftags&post=3223"}],"curies":[{"name":"wp","href":"https:\/\/api.w.org\/{rel}","templated":true}]}}