{"id":3259,"date":"2024-04-08T07:39:22","date_gmt":"2024-04-08T07:39:22","guid":{"rendered":"https:\/\/www.automakers.cz\/?p=3259"},"modified":"2024-04-08T08:10:26","modified_gmt":"2024-04-08T08:10:26","slug":"sda-dotace-zbrzdily-zimni-prodej-elektromobilu","status":"publish","type":"post","link":"https:\/\/www.automakers.cz\/?p=3259","title":{"rendered":"SDA se\u010detl b\u0159eznov\u00e9 registrace vozidel"},"content":{"rendered":"<p><strong>Svaz dovozc\u016f automobil\u016f svolal 5. dubna novin\u00e1\u0159e na kvart\u00e1ln\u00ed tiskovku do hotelu Eden. Registrace nov\u00fdch osobn\u00edch aut za 1. \u010dtvrtlet\u00ed 2024 dos\u00e1hly 57 605 kus\u016f, co\u017e p\u0159edstavuje meziro\u010dn\u00ed n\u00e1r\u016fst o 2,24 %. V b\u0159eznu v\u0161ak \u010d\u00edsla o 15,47 % poklesla. V zim\u011b prudce klesl z\u00e1jem o elektromobily. Pro\u010d?<br \/>\n<\/strong><!--more--><\/p>\n<p>&#8222;Registrace elektromobil\u016f letos klesly z lo\u0148sk\u00fdch t\u0159\u00ed procent na dv\u011b. P\u0159\u00ed\u010dinou je v prosinci vyhl\u00e1\u0161en\u00e1 dota\u010dn\u00ed v\u00fdzva podnikatel\u016fm pro n\u00e1kup elektrick\u00fdch voz\u016f. Firmy a \u017eivnostn\u00edci v lednu a \u00fanoru vy\u010dk\u00e1vali na b\u0159ezen, kdy byl dota\u010dn\u00ed probl\u00e9m spu\u0161t\u011bn a proto do\u0161lo k uveden\u00e9mu poklesu,&#8220; komentoval situaci tajemn\u00edk Josef Pokorn\u00fd.<\/p>\n<p>Zat\u00edm nerealizovan\u00fd v\u00fdzva \u201eZ\u00e1ruka\u201c na podporu n\u00e1kupu bezemisn\u00edch automobil\u016f pro podnikatele podle odhad\u016f SDA zp\u016fsobila pokles za cel\u00fd kvart\u00e1l\u00a0 o 1,82 % a v samotn\u00e9m b\u0159eznu dokonce 35,14 %. Po\u010det hybridn\u00edch vozidel ale naopak vzrostl o 26,3 %.<\/p>\n<p><strong>Mal\u00fd z\u00e1jem o motocykly<\/strong><\/p>\n<p>Relativn\u011b tepl\u00fd konec b\u0159ezna motork\u00e1\u0159e nep\u0159esv\u011bd\u010dil, p\u0159esto meziro\u010dn\u011b registrace motocykl\u016f za 1. Q 2024 vzrostly t\u00e9m\u011b\u0159 o osm procent.<\/p>\n<p>V ostatn\u00edch kategori\u00edch s v\u00fdjimkou velk\u00fdch n\u00e1kladn\u00edch voz\u016f registrace meziro\u010dn\u011b vzrostly.<\/p>\n<p><strong>Odhad leto\u0161n\u00edch registrac\u00ed<\/strong><\/p>\n<p>Podle odhadu Daniela Jane\u010dka z PwC se v leto\u0161n\u00edm roce pozitivn\u011b projev\u00ed skute\u010dnost, \u017ee dovozci u\u017e maj\u00ed dostatek vozidel z v\u00fdroby v nab\u00eddce. Popt\u00e1vku po zahrani\u010dn\u00edch vozech ale bude naopak tlumit slab\u0161\u00ed kurz koruny. Leto\u0161n\u00ed prodeje tak budou zhruba na lo\u0148sk\u00e9 \u00farovni.<\/p>\n<p><img loading=\"lazy\" decoding=\"async\" class=\"alignnone size-medium wp-image-3266\" src=\"http:\/\/www.automakers.cz\/wp-content\/uploads\/2024\/04\/SDA-TK-PWC-Janecek-900x675.jpg\" alt=\"\" width=\"900\" height=\"675\" srcset=\"https:\/\/www.automakers.cz\/wp-content\/uploads\/2024\/04\/SDA-TK-PWC-Janecek-900x675.jpg 900w, https:\/\/www.automakers.cz\/wp-content\/uploads\/2024\/04\/SDA-TK-PWC-Janecek-1024x768.jpg 1024w, https:\/\/www.automakers.cz\/wp-content\/uploads\/2024\/04\/SDA-TK-PWC-Janecek-768x576.jpg 768w, https:\/\/www.automakers.cz\/wp-content\/uploads\/2024\/04\/SDA-TK-PWC-Janecek-1536x1152.jpg 1536w, https:\/\/www.automakers.cz\/wp-content\/uploads\/2024\/04\/SDA-TK-PWC-Janecek.jpg 2040w\" sizes=\"auto, (max-width: 900px) 100vw, 900px\" \/><\/p>\n<p>A kam se pohnou elektromobily? &#8222;V\u00fd\u0161e uveden\u00e1 dotace se projev\u00ed r\u016fstem v po\u010dtem prodan\u00fdch elektromobil\u016f na tuzemsk\u00e9m trhu, kter\u00fd ale nebude v\u00fdrazn\u00fd,&#8220; \u0159ekl \u010dasopisu Automakers Jane\u010dek.<\/p>\n<p>&#8222;Jde o ojedin\u011blou v\u00fdzvu bez n\u00e1vazn\u00fdch pob\u00eddek, kter\u00e1 dle odhad\u016f p\u0159isp\u011bje k prodeji 4400 vozidel, ale nebude v\u00e9st k hromadn\u00e9mu dlouhodob\u00e9mu z\u00e1jmu o elektrick\u00e1 vozidla,&#8220; doplnil odpov\u011b\u010f Josef Pokorn\u00fd.<\/p>\n<p><strong>Erich Handl, TK SDA, Eden<\/strong><\/p>\n<p><img loading=\"lazy\" decoding=\"async\" class=\"alignnone size-medium wp-image-3265\" src=\"http:\/\/www.automakers.cz\/wp-content\/uploads\/2024\/04\/TK-SDA-Eden-2024-duben-Pokorny-kamera-orez-900x527.jpg\" alt=\"\" width=\"900\" height=\"527\" srcset=\"https:\/\/www.automakers.cz\/wp-content\/uploads\/2024\/04\/TK-SDA-Eden-2024-duben-Pokorny-kamera-orez-900x527.jpg 900w, https:\/\/www.automakers.cz\/wp-content\/uploads\/2024\/04\/TK-SDA-Eden-2024-duben-Pokorny-kamera-orez-1024x599.jpg 1024w, https:\/\/www.automakers.cz\/wp-content\/uploads\/2024\/04\/TK-SDA-Eden-2024-duben-Pokorny-kamera-orez-768x450.jpg 768w, https:\/\/www.automakers.cz\/wp-content\/uploads\/2024\/04\/TK-SDA-Eden-2024-duben-Pokorny-kamera-orez-1536x899.jpg 1536w, https:\/\/www.automakers.cz\/wp-content\/uploads\/2024\/04\/TK-SDA-Eden-2024-duben-Pokorny-kamera-orez.jpg 2040w\" sizes=\"auto, (max-width: 900px) 100vw, 900px\" \/><\/p>\n","protected":false},"excerpt":{"rendered":"<p>Svaz dovozc\u016f automobil\u016f svolal 5. dubna novin\u00e1\u0159e na kvart\u00e1ln\u00ed tiskovku do hotelu Eden. Registrace nov\u00fdch&#8230;<\/p>\n","protected":false},"author":1,"featured_media":3264,"comment_status":"closed","ping_status":"closed","sticky":false,"template":"","format":"standard","meta":{"footnotes":""},"categories":[9,11,48],"tags":[],"class_list":["post-3259","post","type-post","status-publish","format-standard","has-post-thumbnail","hentry","category-elektromobily","category-importeri","category-registrace"],"_links":{"self":[{"href":"https:\/\/www.automakers.cz\/index.php?rest_route=\/wp\/v2\/posts\/3259","targetHints":{"allow":["GET"]}}],"collection":[{"href":"https:\/\/www.automakers.cz\/index.php?rest_route=\/wp\/v2\/posts"}],"about":[{"href":"https:\/\/www.automakers.cz\/index.php?rest_route=\/wp\/v2\/types\/post"}],"author":[{"embeddable":true,"href":"https:\/\/www.automakers.cz\/index.php?rest_route=\/wp\/v2\/users\/1"}],"replies":[{"embeddable":true,"href":"https:\/\/www.automakers.cz\/index.php?rest_route=%2Fwp%2Fv2%2Fcomments&post=3259"}],"version-history":[{"count":5,"href":"https:\/\/www.automakers.cz\/index.php?rest_route=\/wp\/v2\/posts\/3259\/revisions"}],"predecessor-version":[{"id":3298,"href":"https:\/\/www.automakers.cz\/index.php?rest_route=\/wp\/v2\/posts\/3259\/revisions\/3298"}],"wp:featuredmedia":[{"embeddable":true,"href":"https:\/\/www.automakers.cz\/index.php?rest_route=\/wp\/v2\/media\/3264"}],"wp:attachment":[{"href":"https:\/\/www.automakers.cz\/index.php?rest_route=%2Fwp%2Fv2%2Fmedia&parent=3259"}],"wp:term":[{"taxonomy":"category","embeddable":true,"href":"https:\/\/www.automakers.cz\/index.php?rest_route=%2Fwp%2Fv2%2Fcategories&post=3259"},{"taxonomy":"post_tag","embeddable":true,"href":"https:\/\/www.automakers.cz\/index.php?rest_route=%2Fwp%2Fv2%2Ftags&post=3259"}],"curies":[{"name":"wp","href":"https:\/\/api.w.org\/{rel}","templated":true}]}}