{"id":3273,"date":"2024-04-08T07:38:30","date_gmt":"2024-04-08T07:38:30","guid":{"rendered":"https:\/\/www.automakers.cz\/?p=3273"},"modified":"2024-04-08T07:38:30","modified_gmt":"2024-04-08T07:38:30","slug":"grunt-hlasi-stabilni-zajem-o-luv-renaultu","status":"publish","type":"post","link":"https:\/\/www.automakers.cz\/?p=3273","title":{"rendered":"Grunt hl\u00e1s\u00ed stabiln\u00ed z\u00e1jem o LUV Renaultu"},"content":{"rendered":"<p><strong>Renault letos potvrzuje dobr\u00e9 v\u00fdsledky v kategorii LUV a chv\u00e1l\u00ed si za posledn\u00ed t\u0159i roky stabiln\u00ed z\u00e1jem o sv\u00e9 modely. V\u00fdsledky komentuje \u0161\u00e9f importu Zden\u011bk Grunt.<br \/>\n<\/strong><!--more--><\/p>\n<p>&#8222;I kdy\u017e se v n\u011bkter\u00fdch d\u00edl\u010d\u00edch obdob\u00edch objevily informace, \u017ee konkuren\u010dn\u00ed zna\u010dky dos\u00e1hly kr\u00e1tkodob\u011b ur\u010dit\u00e9, sp\u00ed\u0161e jednor\u00e1zov\u00e9 prodejn\u00ed \u00fasp\u011bchy, lehk\u00e9 u\u017eitkov\u00e9 automobily Renault si stabiln\u011b udr\u017euj\u00ed tak\u00e9 letos solidn\u00ed n\u00e1skok p\u0159ed v\u0161emi ostatn\u00edmi. To potvrzuj\u00ed i leto\u0161n\u00ed registrace zna\u010dek na prvn\u00edch p\u011bti m\u00edstech, kdy Renault dos\u00e1hl nejvyrovnan\u011bj\u0161\u00ed hodnoty prodej\u016f bez v\u011bt\u0161\u00edch v\u00fdkyv\u016f,&#8220; uvedla zna\u010dka.<\/p>\n<p>Prakticky stejn\u011b \u00fasp\u011b\u0161n\u00e1 je situace u jednotliv\u00fdch model\u016f lehk\u00fdch u\u017eitkov\u00fdch automobil\u016f, kde se m\u016f\u017ee Renault op\u011bt op\u0159\u00edt o vyv\u00e1\u017een\u00e9 rozlo\u017een\u00ed sil. Modelu Kangoo se skv\u011ble dob\u0159e da\u0159\u00ed mezi mal\u00fdmi dod\u00e1vkami do 2.0 tuny, a stejn\u011b tak velk\u00fd Master m\u00e1 na \u0161pici velk\u00fdch dod\u00e1vek tak\u00e9 dlouhodob\u011b vyrovnanou bilanci, bez v\u00fdrazn\u011bj\u0161\u00edch jednor\u00e1zov\u00fdch v\u00fdkyv\u016f. Leto\u0161n\u00ed prodeje<br \/>\nlehk\u00fdch u\u017eitkov\u00fdch automobil\u016f Renault tak navazuj\u00ed na p\u0159edchoz\u00ed t\u0159i velmi \u00fasp\u011b\u0161n\u00e9 roky \u2013 2021, 2022 a 2023 \u2013 kdy byly suver\u00e9nn\u00ed \u010deskou jedni\u010dkou t\u00e9to kategorie.<\/p>\n<p><img loading=\"lazy\" decoding=\"async\" class=\"alignnone size-medium wp-image-2227\" src=\"http:\/\/www.automakers.cz\/wp-content\/uploads\/2024\/02\/Renualt-TK-Grunt-bilancni-Karlin-900x506.jpg\" alt=\"\" width=\"900\" height=\"506\" srcset=\"https:\/\/www.automakers.cz\/wp-content\/uploads\/2024\/02\/Renualt-TK-Grunt-bilancni-Karlin-900x506.jpg 900w, https:\/\/www.automakers.cz\/wp-content\/uploads\/2024\/02\/Renualt-TK-Grunt-bilancni-Karlin-768x432.jpg 768w, https:\/\/www.automakers.cz\/wp-content\/uploads\/2024\/02\/Renualt-TK-Grunt-bilancni-Karlin.jpg 1024w\" sizes=\"auto, (max-width: 900px) 100vw, 900px\" \/><\/p>\n<p><strong>Gener\u00e1ln\u00ed \u0159editel Renault \u010cR Zden\u011bk Grunt k obchodn\u00edm v\u00fdsledk\u016fm za prvn\u00ed \u010dtvrtlet\u00ed 2024 uvedl:<\/strong><\/p>\n<p>\u201eNa\u0161\u00ed zna\u010dkou i letos dosahovan\u00e9 prodeje sv\u011bd\u010d\u00ed o tom, \u017ee cesta, kterou jsme p\u0159ed lety nastoupili byla spr\u00e1vn\u011b zvolen\u00e1. Z\u00e1kladem na\u0161ich obchodn\u00edch \u00fasp\u011bch\u016f je p\u0159edev\u0161\u00edm \u0161irok\u00e1 a atraktivn\u00ed nab\u00eddka kvalitn\u00edch a hospod\u00e1rn\u00fdch model\u016f, podpo\u0159en\u00e1 mo\u017enostmi dod\u00e1n\u00ed verz\u00ed se speci\u00e1ln\u00edmi p\u0159estavbami podle pot\u0159eb z\u00e1kazn\u00edk\u016f, a to za z\u00e1kaznicky akceptovateln\u00e9 ceny. Tak\u00e9 obchodn\u00ed koncept center PRO+ zam\u011b\u0159en\u00fdch na firemn\u00ed odb\u011bratele se v\u00fdznamnou m\u011brou pod\u00edl\u00ed na \u00fasp\u011bchu LUV Renault a jsem r\u00e1d, \u017ee dod\u00e1vky Renault nach\u00e1zej\u00ed tak stabiln\u00ed z\u00e1jem \u010desk\u00fdch z\u00e1kazn\u00edk\u016f\u201c.<\/p>\n<p>V r\u00e1mci dal\u0161\u00edho pos\u00edlen\u00ed vedouc\u00ed pozice na trhu LUV v \u010cesk\u00e9 republice v roce 2024, Renault o\u010dek\u00e1v\u00e1 n\u011bkolik novinek, kter\u00e9 uvede je\u0161t\u011b do konce leto\u0161n\u00edho roku.<\/p>\n<p>Z\u00e1sadn\u00ed ud\u00e1lost\u00ed roku bude uveden\u00ed nov\u00e9 modelov\u00e9 generace modelu Master. Z\u00e1kazn\u00edci v \u010cR si budou moci objednat tuto novou generaci popul\u00e1rn\u00ed dod\u00e1vky je\u0161t\u011b p\u0159ed pr\u00e1zdninami. Dal\u0161\u00ed novinkou, jen\u017e p\u0159ijde v tomto roce, je p\u0159echod model\u016f Kangoo a Trafic do nov\u00e9 identity po vzoru osobn\u00edch voz\u016f. Konkr\u00e9tn\u011b u modelu Kangoo Van se pak nab\u00eddka roz\u0161\u00ed\u0159\u00ed i o novou verzi \u201edvoukabina\u201c (v proveden\u00ed a\u017e pro 5 osob) na prodlou\u017een\u00e9 verzi L2.<\/p>\n<p><strong>Zdroj: Jitka Skali\u010dkov\u00e1<\/strong><\/p>\n","protected":false},"excerpt":{"rendered":"<p>Renault letos potvrzuje dobr\u00e9 v\u00fdsledky v kategorii LUV a chv\u00e1l\u00ed si za posledn\u00ed t\u0159i roky&#8230;<\/p>\n","protected":false},"author":1,"featured_media":1072,"comment_status":"closed","ping_status":"closed","sticky":false,"template":"","format":"standard","meta":{"footnotes":""},"categories":[1],"tags":[],"class_list":["post-3273","post","type-post","status-publish","format-standard","has-post-thumbnail","hentry","category-uncategorized"],"_links":{"self":[{"href":"https:\/\/www.automakers.cz\/index.php?rest_route=\/wp\/v2\/posts\/3273","targetHints":{"allow":["GET"]}}],"collection":[{"href":"https:\/\/www.automakers.cz\/index.php?rest_route=\/wp\/v2\/posts"}],"about":[{"href":"https:\/\/www.automakers.cz\/index.php?rest_route=\/wp\/v2\/types\/post"}],"author":[{"embeddable":true,"href":"https:\/\/www.automakers.cz\/index.php?rest_route=\/wp\/v2\/users\/1"}],"replies":[{"embeddable":true,"href":"https:\/\/www.automakers.cz\/index.php?rest_route=%2Fwp%2Fv2%2Fcomments&post=3273"}],"version-history":[{"count":3,"href":"https:\/\/www.automakers.cz\/index.php?rest_route=\/wp\/v2\/posts\/3273\/revisions"}],"predecessor-version":[{"id":3276,"href":"https:\/\/www.automakers.cz\/index.php?rest_route=\/wp\/v2\/posts\/3273\/revisions\/3276"}],"wp:featuredmedia":[{"embeddable":true,"href":"https:\/\/www.automakers.cz\/index.php?rest_route=\/wp\/v2\/media\/1072"}],"wp:attachment":[{"href":"https:\/\/www.automakers.cz\/index.php?rest_route=%2Fwp%2Fv2%2Fmedia&parent=3273"}],"wp:term":[{"taxonomy":"category","embeddable":true,"href":"https:\/\/www.automakers.cz\/index.php?rest_route=%2Fwp%2Fv2%2Fcategories&post=3273"},{"taxonomy":"post_tag","embeddable":true,"href":"https:\/\/www.automakers.cz\/index.php?rest_route=%2Fwp%2Fv2%2Ftags&post=3273"}],"curies":[{"name":"wp","href":"https:\/\/api.w.org\/{rel}","templated":true}]}}