{"id":3278,"date":"2024-04-08T07:43:44","date_gmt":"2024-04-08T07:43:44","guid":{"rendered":"https:\/\/www.automakers.cz\/?p=3278"},"modified":"2024-04-08T07:51:01","modified_gmt":"2024-04-08T07:51:01","slug":"hvezdy-zlateho-volantu-odstartuji-oldtimer-express","status":"publish","type":"post","link":"https:\/\/www.automakers.cz\/?p=3278","title":{"rendered":"Hv\u011bzdy Zlat\u00e9ho volantu odstartuj\u00ed Oldtimer Express"},"content":{"rendered":"<div><b>Anketa o nejlep\u0161\u00ed z\u00e1vodn\u00edky &#8211; Zlat\u00fd volant &#8211; ocen\u00ed na za\u010d\u00e1tku kv\u011btna hv\u011bzdy dom\u00e1c\u00edho i sv\u011btov\u00e9ho motorsportu. Fanou\u0161ci mohou o sv\u00fdch favoritech hlasovat online do 15. dubna na webu<\/b><a href=\"https:\/\/autodrom-mostcz.t.mailkit.eu\/mc\/VEQECIUQ\/NCCAZEFYGLSONTMPQJ\" target=\"_blank\" rel=\"noopener\"><b> www.zlatyvolant.cz<\/b><\/a><b>. S anketou se letos ji\u017e podruh\u00e9 poj\u00ed tak\u00e9 j\u00edzda \u010desk\u00fdch veter\u00e1n\u016f Oldtimer Express, kter\u00e1 tentokr\u00e1t m\u00ed\u0159\u00ed do At\u00e9n.<\/b><\/div>\n<p><!--more--><\/p>\n<div>V p\u00e1tek 3. kv\u011btna prob\u011bhne v N\u00e1rodn\u00edm technick\u00e9m muzeu slavnostn\u00ed vyhl\u00e1\u0161en\u00ed ankety Zlat\u00fd volant. O \u010desk\u00fdch v\u00edt\u011bz\u00edch rozhodne hlasov\u00e1n\u00ed ve\u0159ejnosti a poroty slo\u017een\u00e9 z p\u0159edn\u00edch motoristick\u00fdch novin\u00e1\u0159\u016f. Jm\u00e9na zahrani\u010dn\u00edch hv\u011bzd, kter\u00e9 p\u0159evezmou ocen\u011bn\u00ed, v\u0161ak ozn\u00e1mili po\u0159adatel\u00e9 ji\u017e nyn\u00ed.<\/div>\n<div><\/div>\n<div>Zlat\u00fd volant pro sv\u011btovou osobnost motorsportu p\u0159evezme p\u011btin\u00e1sobn\u00fd v\u00edt\u011bz 24 hodin Le Mans a jezdec formule 1 <strong>Emanuele Pirro<\/strong>. Italsk\u00fd z\u00e1vodn\u00edk, kter\u00fd doned\u00e1vna p\u016fsobil u McLarenu jako \u0159editel programu na podporu mlad\u00fdch jezdc\u016f, se tak za\u0159ad\u00ed do vybran\u00e9 spole\u010dnosti hv\u011bzd jako je Emerson Fittipaldi, Michael Schumacher, Mika Hakkinen, nebo John Haugland, kte\u0159\u00ed si p\u0159evzali Zlat\u00fd volant u\u017e v minulosti.<\/div>\n<div><\/div>\n<div>Zlat\u00e1 \u0159\u00edd\u00edtka si p\u0159ijede osobn\u011b p\u0159evz\u00edt <strong>Gregorio Lavilla<\/strong>, b\u00fdval\u00fd \u0161pan\u011blsk\u00fd motocyklov\u00fd z\u00e1vodn\u00edk, kter\u00fd nyn\u00ed stoj\u00ed v \u010dele mistrovstv\u00ed sv\u011bta superbik\u016f WorldSBK jako \u0159editel cel\u00e9ho \u0161ampion\u00e1tu. Cenu Eli\u0161ky Junkov\u00e9 pro nejlep\u0161\u00ed z\u00e1vodnici p\u0159evezme \u010desko-slovensk\u00e1 z\u00e1vodnice <strong>Katar\u00edna K\u00fdvalov\u00e1<\/strong>.<\/div>\n<div><\/div>\n<div>V\u0161ichni spole\u010dn\u011b pak v sobotu 4. kv\u011btna odstartuj\u00ed od N\u00e1rodn\u00edho technick\u00e9ho muzea vytrvalostn\u00ed j\u00edzdu 43 \u010desk\u00fdch veter\u00e1n\u016f Oldtimer Express, kter\u00e1 se vyd\u00e1 p\u0159es Rakousko, Slovinsko, Chorvatsko a \u010cernou Horu do \u0158ecka. Po 2500 km rozd\u011blen\u00fdch do p\u011bti etap pak vozy doraz\u00ed do c\u00edle v At\u00e9n\u00e1ch.<\/div>\n<div><\/div>\n<div><i>\u201eLoni jsme se s Oldtimer Expressem vydali do Istanbulu, v leto\u0161n\u00edm olympijsk\u00e9m roce jsme symbolicky vybrali At\u00e9ny,\u201c<\/i> popisuje z\u00e1m\u011br Josef Zaj\u00ed\u010dek, kter\u00fd je zakladatelem Oldtimer Expressu a z\u00e1rove\u0148 organiz\u00e1torem ankety Zlat\u00fd volant a rozhodl se tak ob\u011b akce propojit.<\/div>\n<div>\n<figure id=\"attachment_97\" aria-describedby=\"caption-attachment-97\" style=\"width: 300px\" class=\"wp-caption alignnone\"><img loading=\"lazy\" decoding=\"async\" class=\"size-medium wp-image-97\" src=\"http:\/\/www.automakers.cz\/wp-content\/uploads\/2023\/11\/Autodrom-Most-Zajicek-TK-Stovicek-300x178.jpg\" alt=\"\" width=\"300\" height=\"178\" srcset=\"https:\/\/www.automakers.cz\/wp-content\/uploads\/2023\/11\/Autodrom-Most-Zajicek-TK-Stovicek-300x178.jpg 300w, https:\/\/www.automakers.cz\/wp-content\/uploads\/2023\/11\/Autodrom-Most-Zajicek-TK-Stovicek-1024x607.jpg 1024w, https:\/\/www.automakers.cz\/wp-content\/uploads\/2023\/11\/Autodrom-Most-Zajicek-TK-Stovicek-768x455.jpg 768w, https:\/\/www.automakers.cz\/wp-content\/uploads\/2023\/11\/Autodrom-Most-Zajicek-TK-Stovicek.jpg 1391w\" sizes=\"auto, (max-width: 300px) 100vw, 300px\" \/><figcaption id=\"caption-attachment-97\" class=\"wp-caption-text\"><strong>Majitel Autodromu Most Josef Zaj\u00ed\u010dek letos vyprav\u00ed Oldtimer Express do At\u00e9n<\/strong><\/figcaption><\/figure>\n<\/div>\n<div><\/div>\n<div><i>\u201eD\u011bkuji porot\u011b a v\u0161em fanou\u0161k\u016fm motorsportu, kte\u0159\u00ed po\u0161lou hlasy sv\u00fdm favorit\u016fm v leto\u0161n\u00edm ro\u010dn\u00edku Zlat\u00e9ho volantu, a z\u00e1rove\u0148 bych cht\u011bl v\u0161echny pozvat i na slavnostn\u00ed start Oldtimer Expressu. Vedle kr\u00e1sn\u00fdch veter\u00e1n\u016f se zde budou moci setkat i s hlavn\u00edmi hv\u011bzdami Zlat\u00e9ho volantu a dal\u0161\u00edmi zaj\u00edmav\u00fdmi osobnostmi nejen ze sv\u011bta motorsportu,\u201c<\/i>zve Josef Zaj\u00ed\u010dek na slavnostn\u00ed start Oldtimer Expressu, kter\u00fd se uskute\u010dn\u00ed v sobotu r\u00e1no 4. kv\u011btna od N\u00e1rodn\u00edho technick\u00e9ho muzea v Praze.<\/div>\n<div><\/div>\n<div><strong>Tradice Zlat\u00e9ho volantu<\/strong><\/div>\n<div><\/div>\n<div>Anketa Zlat\u00fd Volant je nejstar\u0161\u00ed \u010deskou motoristickou anketou a existuje ji\u017e od roku 1976. <strong>Jm\u00e9na nominovan\u00fdch sportovc\u016f v kategori\u00edch Zlat\u00fd volant, Zlat\u00e1 \u0159\u00edd\u00edtka a Talent roku najdete na webu <a href=\"https:\/\/autodrom-mostcz.t.mailkit.eu\/mc\/VEQECICV\/WTKDYBDFHTQFJJCKJR\" target=\"_blank\" rel=\"noopener\">www.zlatyvolant.cz<\/a>, kde prob\u00edh\u00e1 od 8. do 15. dubna hlasov\u00e1n\u00ed ve\u0159ejnosti.<\/strong> Sou\u010d\u00e1st\u00ed Zlat\u00e9ho volantu je tradi\u010dn\u011b i anketa <strong>Zlat\u00e9 oko<\/strong>, kam mohou sv\u00e9 sn\u00edmky pos\u00edlat fotografov\u00e9 specializuj\u00edc\u00ed se na motorsport.<\/div>\n<div><\/div>\n<div><u><strong>Harmonogram<\/strong><\/u><\/div>\n<div>8. dubna &#8211; za\u010d\u00e1tek hlasov\u00e1n\u00ed ve\u0159ejnosti<\/div>\n<div>15. dubna &#8211; konec hlasov\u00e1n\u00ed ve\u0159ejnosti<\/div>\n<div>3. kv\u011btna &#8211; slavnostn\u00ed vyhl\u00e1\u0161en\u00ed ankety Zlat\u00fd volant v NTM Praha<\/div>\n<div>4. kv\u011btna &#8211; start Oldtimer Express<\/div>\n<div><\/div>\n<div><img loading=\"lazy\" decoding=\"async\" class=\"alignnone size-medium wp-image-3283\" src=\"http:\/\/www.automakers.cz\/wp-content\/uploads\/2024\/04\/pirro_zv-900x600.jpg\" alt=\"\" width=\"900\" height=\"600\" srcset=\"https:\/\/www.automakers.cz\/wp-content\/uploads\/2024\/04\/pirro_zv-900x600.jpg 900w, https:\/\/www.automakers.cz\/wp-content\/uploads\/2024\/04\/pirro_zv-1024x683.jpg 1024w, https:\/\/www.automakers.cz\/wp-content\/uploads\/2024\/04\/pirro_zv-768x512.jpg 768w, https:\/\/www.automakers.cz\/wp-content\/uploads\/2024\/04\/pirro_zv.jpg 1280w\" sizes=\"auto, (max-width: 900px) 100vw, 900px\" \/><\/div>\n<div><b>Emanuele Pirro<\/b> (12. ledna 1962) je v\u00fdznamn\u00fd italsk\u00fd z\u00e1vodn\u00edk s bohatou kari\u00e9rou, kter\u00e1 zahrnuje \u00fasp\u011bchy ve Formuli 1, cestovn\u00edch vozech a vytrvalostn\u00edch z\u00e1vodech, v\u010detn\u011b 24 hodin Le Mans, kde p\u011btkr\u00e1t triumfoval. Pirro se stal tak\u00e9 dvakr\u00e1t mistrem It\u00e1lie v motok\u00e1r\u00e1ch (1976, 1979) a mistrem Formule Fiat Abarth (1980). Dvojn\u00e1sobn\u00fd mistr It\u00e1lie v cestovn\u00edch vozech (1994, 1995), dvojn\u00e1sobn\u00fd mistr It\u00e1lie v celkov\u00e9m hodnocen\u00ed (1995, 1996) a mistr N\u011bmecka v cestovn\u00edch vozech (1996). Impozantn\u00ed \u00fasp\u011bchy ve vytrvalostn\u00edch z\u00e1vodech ho \u0159ad\u00ed mezi nejlep\u0161\u00ed jezdce v t\u00e9to discipl\u00edn\u011b. Krom\u011b rekordn\u00edch p\u011bti v\u00edt\u011bzstv\u00ed v z\u00e1vod\u011b 24 hodin Le Mans (2000, 2001, 2002, 2006, 2007) si odnesl i dvojn\u00e1sobn\u00e9 v\u00edt\u011bzstv\u00ed v \u0161ampion\u00e1tu ALMS (2001, 2005) a triumfy v\u00a0z\u00e1vodech jako v 12 hodin Sebringu (2000, 2007) \u010di Petit Le Mans (2001, 2005, 2008). Mezi jeho v\u00fdznamn\u00e9 \u00fasp\u011bchy pat\u0159\u00ed i v\u00edt\u011bzstv\u00ed v z\u00e1vodech jako 24 hodin N\u00fcrburgringu (1989), Macau Guia Race (1991, 1992) a Goodwood RAC Historic TT. Pirro se zapojil do v\u00edce ne\u017e 500 ofici\u00e1ln\u00edch n\u00e1rodn\u00edch a mezin\u00e1rodn\u00edch z\u00e1vod\u016f, \u010d\u00edm\u017e zanechal nezapomenutelnou stopu ve sv\u011bt\u011b motorsportu a stal se ikonou sv\u00e9ho oboru.<\/div>\n<div><img loading=\"lazy\" decoding=\"async\" class=\"alignnone size-medium wp-image-3284\" src=\"http:\/\/www.automakers.cz\/wp-content\/uploads\/2024\/04\/lavilla_zv-900x603.jpeg\" alt=\"\" width=\"900\" height=\"603\" srcset=\"https:\/\/www.automakers.cz\/wp-content\/uploads\/2024\/04\/lavilla_zv-900x603.jpeg 900w, https:\/\/www.automakers.cz\/wp-content\/uploads\/2024\/04\/lavilla_zv-1024x686.jpeg 1024w, https:\/\/www.automakers.cz\/wp-content\/uploads\/2024\/04\/lavilla_zv-768x515.jpeg 768w, https:\/\/www.automakers.cz\/wp-content\/uploads\/2024\/04\/lavilla_zv-1536x1030.jpeg 1536w, https:\/\/www.automakers.cz\/wp-content\/uploads\/2024\/04\/lavilla_zv-2048x1373.jpeg 2048w\" sizes=\"auto, (max-width: 900px) 100vw, 900px\" \/><\/div>\n<div><\/div>\n<div><b>Gregorio Lavilla<\/b> (29. z\u00e1\u0159\u00ed 1973) je b\u00fdval\u00fd \u0161pan\u011blsk\u00fd silni\u010dn\u00ed motocyklov\u00fd z\u00e1vodn\u00edk. Z\u00e1vodil v MotoGP (250\/500\/MotoGP), v mistrovstv\u00ed sv\u011bta superbik\u016f a v britsk\u00e9m \u0161ampion\u00e1tu superbik\u016f, kde v roce 2005 z\u00edskal britskou korunu. V roce 2008 z\u00e1vodil ve WSB za t\u00fdm Ventaxia Honda a v \u0161ampion\u00e1tu skon\u010dil na 12. m\u00edst\u011b. V roce 2009 z\u00e1vodil ve \u010dty\u0159ech kolech seri\u00e1lu WSB s t\u00fdmem Guandalini Racing Ducati. V\u00a0roce 2013 se p\u0159ipojil k\u00a0promot\u00e9rovi MotoGP a WorldSBK Dorna a dnes p\u016fsob\u00ed jako v\u00fdkonn\u00fd \u0159editel \u0161ampion\u00e1tu WorldSBK.<\/div>\n<div><img loading=\"lazy\" decoding=\"async\" class=\"alignnone size-medium wp-image-3285\" src=\"http:\/\/www.automakers.cz\/wp-content\/uploads\/2024\/04\/kyvalova_zv-900x600.jpg\" alt=\"\" width=\"900\" height=\"600\" srcset=\"https:\/\/www.automakers.cz\/wp-content\/uploads\/2024\/04\/kyvalova_zv-900x600.jpg 900w, https:\/\/www.automakers.cz\/wp-content\/uploads\/2024\/04\/kyvalova_zv-1024x682.jpg 1024w, https:\/\/www.automakers.cz\/wp-content\/uploads\/2024\/04\/kyvalova_zv-768x512.jpg 768w, https:\/\/www.automakers.cz\/wp-content\/uploads\/2024\/04\/kyvalova_zv-1536x1023.jpg 1536w, https:\/\/www.automakers.cz\/wp-content\/uploads\/2024\/04\/kyvalova_zv.jpg 1600w\" sizes=\"auto, (max-width: 900px) 100vw, 900px\" \/><\/div>\n<div><\/div>\n<div><b>Katar\u00edna K\u00fdvalov\u00e1<\/b>, z\u00e1vodnice \u010desko-slovensk\u00e9ho p\u016fvodu \u017eij\u00edc\u00ed v\u00a0N\u011bmecku. Zam\u011b\u0159uje se p\u0159edev\u0161\u00edm na z\u00e1vody historick\u00fdch voz\u016f. Zalo\u017eila \u017eensk\u00fd t\u00fdm Bentley Belles, pravideln\u011b startuje na akc\u00edch jako Le Mans Classic, Mille Miglia, Monaco Grand Prix Historique a dal\u0161\u00ed. Kr\u00e1tce pot\u00e9 co v\u00a0Praze p\u0159evezme cenu Eli\u0161ky Junkov\u00e9 se vyd\u00e1 do \u010c\u00edny, kde se 18. kv\u011btna postav\u00ed na start z\u00e1vodu Peking Pa\u0159\u00ed\u017e 2024.<\/div>\n<div><\/div>\n<div><strong>Zdroj: Radek Laube<\/strong><\/div>\n","protected":false},"excerpt":{"rendered":"<p>Anketa o nejlep\u0161\u00ed z\u00e1vodn\u00edky &#8211; Zlat\u00fd volant &#8211; ocen\u00ed na za\u010d\u00e1tku kv\u011btna hv\u011bzdy dom\u00e1c\u00edho i&#8230;<\/p>\n","protected":false},"author":1,"featured_media":3279,"comment_status":"closed","ping_status":"closed","sticky":false,"template":"","format":"standard","meta":{"footnotes":""},"categories":[32,19,34],"tags":[],"class_list":["post-3278","post","type-post","status-publish","format-standard","has-post-thumbnail","hentry","category-ankety","category-motorsport","category-veterani"],"_links":{"self":[{"href":"https:\/\/www.automakers.cz\/index.php?rest_route=\/wp\/v2\/posts\/3278","targetHints":{"allow":["GET"]}}],"collection":[{"href":"https:\/\/www.automakers.cz\/index.php?rest_route=\/wp\/v2\/posts"}],"about":[{"href":"https:\/\/www.automakers.cz\/index.php?rest_route=\/wp\/v2\/types\/post"}],"author":[{"embeddable":true,"href":"https:\/\/www.automakers.cz\/index.php?rest_route=\/wp\/v2\/users\/1"}],"replies":[{"embeddable":true,"href":"https:\/\/www.automakers.cz\/index.php?rest_route=%2Fwp%2Fv2%2Fcomments&post=3278"}],"version-history":[{"count":6,"href":"https:\/\/www.automakers.cz\/index.php?rest_route=\/wp\/v2\/posts\/3278\/revisions"}],"predecessor-version":[{"id":3282,"href":"https:\/\/www.automakers.cz\/index.php?rest_route=\/wp\/v2\/posts\/3278\/revisions\/3282"}],"wp:featuredmedia":[{"embeddable":true,"href":"https:\/\/www.automakers.cz\/index.php?rest_route=\/wp\/v2\/media\/3279"}],"wp:attachment":[{"href":"https:\/\/www.automakers.cz\/index.php?rest_route=%2Fwp%2Fv2%2Fmedia&parent=3278"}],"wp:term":[{"taxonomy":"category","embeddable":true,"href":"https:\/\/www.automakers.cz\/index.php?rest_route=%2Fwp%2Fv2%2Fcategories&post=3278"},{"taxonomy":"post_tag","embeddable":true,"href":"https:\/\/www.automakers.cz\/index.php?rest_route=%2Fwp%2Fv2%2Ftags&post=3278"}],"curies":[{"name":"wp","href":"https:\/\/api.w.org\/{rel}","templated":true}]}}