{"id":3301,"date":"2024-04-09T17:15:30","date_gmt":"2024-04-09T17:15:30","guid":{"rendered":"https:\/\/www.automakers.cz\/?p=3301"},"modified":"2024-04-09T17:16:29","modified_gmt":"2024-04-09T17:16:29","slug":"ridicak-expiruje-vice-nez-360-tisicum-motoristu","status":"publish","type":"post","link":"https:\/\/www.automakers.cz\/?p=3301","title":{"rendered":"\u0158idi\u010d\u00e1k expiruje v\u00edce ne\u017e 360 tis\u00edc\u016fm motorist\u016f"},"content":{"rendered":"<p class=\"-wm-MsoNormal\" style=\"text-align: left;\" align=\"center\"><b>Od za\u010d\u00e1tku leto\u0161n\u00edho roku u\u017e sice nen\u00ed povinn\u00e9 m\u00edt na cest\u00e1ch po \u010cesk\u00e9 republice \u0159idi\u010dsk\u00fd pr\u016fkaz v\u017edy u sebe, je ale nutn\u00e9, aby byl platn\u00fd. Do konce roku zb\u00fdv\u00e1 vym\u011bnit je\u0161t\u011b p\u0159es 360 tis\u00edc doklad\u016f s kon\u010d\u00edc\u00ed platnost\u00ed, nejv\u00edce ve St\u0159edo\u010desk\u00e9m kraji (50 850), nejm\u00e9n\u011b v kraji Karlovarsk\u00e9m (9 506).<br \/>\n<\/b><!--more--><\/p>\n<p class=\"-wm-MsoNormal\"><i>\u201eDoporu\u010dujeme v\u0161em \u0159idi\u010d\u016fm za\u017e\u00e1dat si o nov\u00fd \u0159idi\u010dsk\u00fd pr\u016fkaz online p\u0159es Port\u00e1l dopravy. Tato mo\u017enost u\u0161et\u0159\u00ed \u0159idi\u010d\u016fm jednu n\u00e1v\u0161t\u011bvu \u00fa\u0159adu a usnadn\u00ed a urychl\u00ed cel\u00fd proces d\u00edky automatick\u00e9mu p\u0159edvypln\u011bn\u00ed formul\u00e1\u0159e v\u010detn\u011b fotografie a podpisu. \u017dadatel si tak jen nastav\u00ed kontaktn\u00ed \u00fadaje a\u00a0<\/i><a href=\"https:\/\/www.mdcr.cz\/Dokumenty\/Silnicni-doprava\/Registrace-vozidel\/Obecni-urady-s-rozsirenou-pusobnosti\" target=\"_blank\" rel=\"noopener\"><i>vybere si ten \u00fa\u0159ad<\/i><\/a><i>, kde si doklad vyzvedne,\u201c\u00a0<\/i>p\u0159ipom\u00edn\u00e1 ministr dopravy Martin Kupka a dod\u00e1v\u00e1, \u017ee i nad\u00e1le je mo\u017en\u00e9 o nov\u00fd pr\u016fkaz \u017e\u00e1dat fyzicky na \u00fa\u0159ad\u011b.<\/p>\n<p class=\"-wm-MsoNormal\">Elektronicky i fyzicky je mo\u017en\u00e9 podat \u017e\u00e1dost o v\u00fdm\u011bnu neplatn\u00e9ho \u0159idi\u010dsk\u00e9ho pr\u016fkazu jak ve lh\u016ft\u011b standardn\u00ed, tj. do 20 dn\u00ed (bez poplatku), tak ale i ve lh\u016ft\u011b krat\u0161\u00ed, tj. do 5 pracovn\u00edch dn\u016f. Tento \u00fakon je ji\u017e zpoplatn\u011bn \u010d\u00e1stkou 700 K\u010d, p\u0159i\u010dem\u017e p\u0159i elektronick\u00e9 \u017e\u00e1dosti k \u00fahrad\u011b tohoto spr\u00e1vn\u00edho poplatku doch\u00e1z\u00ed v okam\u017eiku vyzvednut\u00ed nov\u00e9ho \u0159idi\u010dsk\u00e9ho pr\u016fkazu.<\/p>\n<p class=\"-wm-MsoNormal\">D\u016fle\u017eit\u00e9 je m\u00edt na pam\u011bti, \u017ee a\u010dkoli novela silni\u010dn\u00edho z\u00e1kona zru\u0161ila od 1. ledna 2024 povinnost m\u00edt \u0159idi\u010dsk\u00fd pr\u016fkaz na na\u0161em \u00fazem\u00ed v\u017edy u sebe, nad\u00e1le plat\u00ed povinnost \u0159idi\u010d\u016f disponovat platn\u00fdm dokladem, co\u017e vypl\u00fdv\u00e1 z\u00a0mezin\u00e1rodn\u00edch p\u0159edpis\u016f, proto\u017ee \u0159idi\u010dsk\u00fd pr\u016fkaz je mezin\u00e1rodn\u00edm dokladem.<\/p>\n<p class=\"-wm-MsoNormal\">Do\u00a0<a href=\"https:\/\/portaldopravy.cz\/login\" target=\"_blank\" rel=\"noopener\">Port\u00e1lu dopravy<\/a>\u00a0se ob\u010dan\u00e9 mohou p\u0159ihl\u00e1sit pomoc\u00ed sv\u00e9 bankovn\u00ed identity, identity ob\u010dana, mobiln\u00edm kl\u00ed\u010dem eGovernmentu nebo pomoc\u00ed eOb\u010danky. Videon\u00e1vod k ePod\u00e1n\u00ed skrze Port\u00e1l dopravy naleznete\u00a0<a href=\"https:\/\/www.facebook.com\/watch\/?v=3330788290496204\" target=\"_blank\" rel=\"noopener\">zde<\/a>.<\/p>\n<p class=\"-wm-MsoNormal\"><i>Podrobnosti ke konci platnosti \u0159idi\u010d\u00e1k\u016f v\u00a0leto\u0161n\u00edm roce naleznete\u00a0<\/i><a href=\"https:\/\/www.mdcr.cz\/Statistiky\/Silnicni-doprava\/Ridicske-prukazy\/Statistika-koncicich-ridicskych-prukazu-v-roce-202\" target=\"_blank\" rel=\"noopener\"><i>zde<\/i><\/a><i>.<\/i><\/p>\n<p><a href=\"https:\/\/www.facebook.com\/mdcr.cz\/videos\/3330788290496204\/\">https:\/\/www.facebook.com\/mdcr.cz\/videos\/3330788290496204\/<\/a><\/p>\n","protected":false},"excerpt":{"rendered":"<p>Od za\u010d\u00e1tku leto\u0161n\u00edho roku u\u017e sice nen\u00ed povinn\u00e9 m\u00edt na cest\u00e1ch po \u010cesk\u00e9 republice \u0159idi\u010dsk\u00fd&#8230;<\/p>\n","protected":false},"author":2,"featured_media":3304,"comment_status":"closed","ping_status":"closed","sticky":false,"template":"","format":"standard","meta":{"footnotes":""},"categories":[47],"tags":[],"class_list":["post-3301","post","type-post","status-publish","format-standard","has-post-thumbnail","hentry","category-doprava"],"_links":{"self":[{"href":"https:\/\/www.automakers.cz\/index.php?rest_route=\/wp\/v2\/posts\/3301","targetHints":{"allow":["GET"]}}],"collection":[{"href":"https:\/\/www.automakers.cz\/index.php?rest_route=\/wp\/v2\/posts"}],"about":[{"href":"https:\/\/www.automakers.cz\/index.php?rest_route=\/wp\/v2\/types\/post"}],"author":[{"embeddable":true,"href":"https:\/\/www.automakers.cz\/index.php?rest_route=\/wp\/v2\/users\/2"}],"replies":[{"embeddable":true,"href":"https:\/\/www.automakers.cz\/index.php?rest_route=%2Fwp%2Fv2%2Fcomments&post=3301"}],"version-history":[{"count":3,"href":"https:\/\/www.automakers.cz\/index.php?rest_route=\/wp\/v2\/posts\/3301\/revisions"}],"predecessor-version":[{"id":3307,"href":"https:\/\/www.automakers.cz\/index.php?rest_route=\/wp\/v2\/posts\/3301\/revisions\/3307"}],"wp:featuredmedia":[{"embeddable":true,"href":"https:\/\/www.automakers.cz\/index.php?rest_route=\/wp\/v2\/media\/3304"}],"wp:attachment":[{"href":"https:\/\/www.automakers.cz\/index.php?rest_route=%2Fwp%2Fv2%2Fmedia&parent=3301"}],"wp:term":[{"taxonomy":"category","embeddable":true,"href":"https:\/\/www.automakers.cz\/index.php?rest_route=%2Fwp%2Fv2%2Fcategories&post=3301"},{"taxonomy":"post_tag","embeddable":true,"href":"https:\/\/www.automakers.cz\/index.php?rest_route=%2Fwp%2Fv2%2Ftags&post=3301"}],"curies":[{"name":"wp","href":"https:\/\/api.w.org\/{rel}","templated":true}]}}