{"id":3308,"date":"2024-04-10T06:18:26","date_gmt":"2024-04-10T06:18:26","guid":{"rendered":"https:\/\/www.automakers.cz\/?p=3308"},"modified":"2024-04-11T14:23:38","modified_gmt":"2024-04-11T14:23:38","slug":"skoda-ukazala-novy-kodiaq-v-barcelone","status":"publish","type":"post","link":"https:\/\/www.automakers.cz\/?p=3308","title":{"rendered":"\u0160koda uk\u00e1zala nov\u00fd Kodiaq v Barcelon\u011b"},"content":{"rendered":"<p><span style=\"color: #000000;\"><span style=\"font-family: Times New Roman, serif;\"><span style=\"font-size: medium;\"><strong>\u0160koda Auto svolala evropsk\u00e9 novin\u00e1\u0159e na premi\u00e9ru nov\u00e9 verze modelu Kodiaq do \u0161pan\u011blsk\u00e9 Barcelony. V pr\u016fb\u011bhu dvou t\u00fddn\u016f p\u0159edvedla novinku na tras\u00e1ch mezi leti\u0161t\u011bm a golfov\u00fdm resortem Camiral, specifikace vysv\u011btloval \u0161\u00e9f produktu automobilky Ji\u0159\u00ed Dytrych.<\/strong><br \/>\n<\/span><\/span><\/span><!--more--><\/p>\n<p><span style=\"color: #000000;\"><span style=\"font-family: Times New Roman, serif;\"><span style=\"font-size: medium;\">Druh\u00e1 generace modelu je v\u011bt\u0161\u00ed a je vybavena nov\u00fdm infotainmentem, v\u010detn\u011b na p\u0159\u00e1n\u00ed dostupn\u00e9 13\u201d obrazovky a head-up displeje. Multifunk\u010dn\u00ed oto\u010dn\u00e9 ovlada\u010de s manu\u00e1ln\u00edmi ovl\u00e1dac\u00edmi prvky a 10\u201d virtu\u00e1ln\u00ed kokpit jsou sou\u010d\u00e1st\u00ed standardn\u00ed v\u00fdbavy. Hlasov\u00e9 ovl\u00e1d\u00e1n\u00ed bude od poloviny roku 2024 pokro\u010dilej\u0161\u00ed d\u00edky integraci chatbota ChatGPT zalo\u017een\u00e9ho na um\u011bl\u00e9 inteligenci. <\/span><\/span><\/span><\/p>\n<p><img loading=\"lazy\" decoding=\"async\" class=\"alignnone size-medium wp-image-3312\" src=\"http:\/\/www.automakers.cz\/wp-content\/uploads\/2024\/04\/Skoda-Kodiaq-Kokpit-900x506.jpg\" alt=\"\" width=\"900\" height=\"506\" srcset=\"https:\/\/www.automakers.cz\/wp-content\/uploads\/2024\/04\/Skoda-Kodiaq-Kokpit-900x506.jpg 900w, https:\/\/www.automakers.cz\/wp-content\/uploads\/2024\/04\/Skoda-Kodiaq-Kokpit-768x432.jpg 768w, https:\/\/www.automakers.cz\/wp-content\/uploads\/2024\/04\/Skoda-Kodiaq-Kokpit.jpg 1024w\" sizes=\"auto, (max-width: 900px) 100vw, 900px\" \/><\/p>\n<p><span style=\"color: #000000;\"><span style=\"font-family: Times New Roman, serif;\"><span style=\"font-size: medium;\">Velk\u00e9 SUV m\u00e1 v nab\u00eddce p\u011bt pohonn\u00fdch jednotek s v\u00fdkony od 110 do 150 kilowatt\u016f, kter\u00e9 se v\u017edy poj\u00ed s automatickou p\u0159evodovkou DSG. Nab\u00eddka motor\u016f zahrnuje rovn\u011b\u017e plug-in hybridn\u00ed verzi s dojezdem na elekt\u0159inu v\u00edce ne\u017e 100 km a z\u00e1kladn\u00ed mild-hybridn\u00ed pohonnou jednotku. <\/span><\/span><\/span><\/p>\n<figure class=\"wp-block-embed wp-block-embed-youtube is-type-video is-provider-youtube epyt-figure\"><div class=\"wp-block-embed__wrapper\"><iframe loading=\"lazy\"  id=\"_ytid_30862\"  width=\"640\" height=\"360\"  data-origwidth=\"640\" data-origheight=\"360\" src=\"https:\/\/www.youtube.com\/embed\/LNVhDO21nbc?enablejsapi=1&autoplay=0&cc_load_policy=0&cc_lang_pref=&iv_load_policy=1&loop=0&modestbranding=0&rel=1&fs=1&playsinline=0&autohide=2&theme=dark&color=red&controls=1&\" class=\"__youtube_prefs__  no-lazyload\" title=\"YouTube player\"  allow=\"accelerometer; autoplay; clipboard-write; encrypted-media; gyroscope; picture-in-picture\" allowfullscreen data-no-lazy=\"1\" data-skipgform_ajax_framebjll=\"\"><\/iframe><\/div><\/figure>\n<p><span style=\"color: #000000;\"><span style=\"font-family: Times New Roman, serif;\"><span style=\"font-size: medium;\">Dva vrcholn\u00e9 motory se standardn\u011b poj\u00ed s pohonem v\u0161ech kol. Svou premi\u00e9ru m\u011bly v Barcelon\u011b tak\u00e9 Matrix-LED p\u0159edn\u00ed sv\u011btlomety s vy\u0161\u0161\u00edm sv\u011bteln\u00fdm v\u00fdkonem a adaptivn\u00ed podvozek.<\/span><\/span><\/span><\/p>\n<p><strong>Erich Handl, Barcelona, Video: Lud\u011bk Kortus<\/strong><\/p>\n<p><img loading=\"lazy\" decoding=\"async\" class=\"alignnone size-medium wp-image-3315\" src=\"http:\/\/www.automakers.cz\/wp-content\/uploads\/2024\/04\/Skoda-Kodiaq-TK-Barcelona-900x675.jpg\" alt=\"\" width=\"900\" height=\"675\" srcset=\"https:\/\/www.automakers.cz\/wp-content\/uploads\/2024\/04\/Skoda-Kodiaq-TK-Barcelona-900x675.jpg 900w, https:\/\/www.automakers.cz\/wp-content\/uploads\/2024\/04\/Skoda-Kodiaq-TK-Barcelona-1024x768.jpg 1024w, https:\/\/www.automakers.cz\/wp-content\/uploads\/2024\/04\/Skoda-Kodiaq-TK-Barcelona-768x576.jpg 768w, https:\/\/www.automakers.cz\/wp-content\/uploads\/2024\/04\/Skoda-Kodiaq-TK-Barcelona-1536x1152.jpg 1536w, https:\/\/www.automakers.cz\/wp-content\/uploads\/2024\/04\/Skoda-Kodiaq-TK-Barcelona.jpg 2040w\" sizes=\"auto, (max-width: 900px) 100vw, 900px\" \/><\/p>\n","protected":false},"excerpt":{"rendered":"<p>\u0160koda Auto svolala evropsk\u00e9 novin\u00e1\u0159e na premi\u00e9ru nov\u00e9 verze modelu Kodiaq do \u0161pan\u011blsk\u00e9 Barcelony. V&#8230;<\/p>\n","protected":false},"author":1,"featured_media":3309,"comment_status":"closed","ping_status":"closed","sticky":false,"template":"","format":"standard","meta":{"footnotes":""},"categories":[12,66],"tags":[],"class_list":["post-3308","post","type-post","status-publish","format-standard","has-post-thumbnail","hentry","category-premiery","category-video"],"_links":{"self":[{"href":"https:\/\/www.automakers.cz\/index.php?rest_route=\/wp\/v2\/posts\/3308","targetHints":{"allow":["GET"]}}],"collection":[{"href":"https:\/\/www.automakers.cz\/index.php?rest_route=\/wp\/v2\/posts"}],"about":[{"href":"https:\/\/www.automakers.cz\/index.php?rest_route=\/wp\/v2\/types\/post"}],"author":[{"embeddable":true,"href":"https:\/\/www.automakers.cz\/index.php?rest_route=\/wp\/v2\/users\/1"}],"replies":[{"embeddable":true,"href":"https:\/\/www.automakers.cz\/index.php?rest_route=%2Fwp%2Fv2%2Fcomments&post=3308"}],"version-history":[{"count":4,"href":"https:\/\/www.automakers.cz\/index.php?rest_route=\/wp\/v2\/posts\/3308\/revisions"}],"predecessor-version":[{"id":3316,"href":"https:\/\/www.automakers.cz\/index.php?rest_route=\/wp\/v2\/posts\/3308\/revisions\/3316"}],"wp:featuredmedia":[{"embeddable":true,"href":"https:\/\/www.automakers.cz\/index.php?rest_route=\/wp\/v2\/media\/3309"}],"wp:attachment":[{"href":"https:\/\/www.automakers.cz\/index.php?rest_route=%2Fwp%2Fv2%2Fmedia&parent=3308"}],"wp:term":[{"taxonomy":"category","embeddable":true,"href":"https:\/\/www.automakers.cz\/index.php?rest_route=%2Fwp%2Fv2%2Fcategories&post=3308"},{"taxonomy":"post_tag","embeddable":true,"href":"https:\/\/www.automakers.cz\/index.php?rest_route=%2Fwp%2Fv2%2Ftags&post=3308"}],"curies":[{"name":"wp","href":"https:\/\/api.w.org\/{rel}","templated":true}]}}