{"id":3317,"date":"2024-04-10T06:42:40","date_gmt":"2024-04-10T06:42:40","guid":{"rendered":"https:\/\/www.automakers.cz\/?p=3317"},"modified":"2024-04-10T06:51:33","modified_gmt":"2024-04-10T06:51:33","slug":"volkswagen-ukazal-tri-novinky-ve-zlatnikach","status":"publish","type":"post","link":"https:\/\/www.automakers.cz\/?p=3317","title":{"rendered":"Volkswagen p\u0159edvedl t\u0159i novinky ve Zlatn\u00edk\u00e1ch"},"content":{"rendered":"<p><strong>V prostor\u00e1ch Tr\u00e9ninkov\u00e9 akademie Porsche \u010cesk\u00e1 republika ve Zlatn\u00edk\u00e1ch u Prahy p\u0159estavili mana\u017ee\u0159i importu zna\u010dky Volkswagen trojici nov\u00fdch model\u016f \u2013 ID. Buzz Long, dev\u00e1tou generaci Passatu a t\u0159et\u00ed generaci Tiguanu.<\/strong><!--more--><\/p>\n<p>Produktovou prezentaci zah\u00e1jili Jakub \u0160ebesta, vedouc\u00ed divize Volkswagen osobn\u00ed vozy, Mirka Cimrov\u00e1, vedouc\u00ed divize Volkswagen U\u017eitkov\u00e9 vozy a Lenka Va\u0148kov\u00e1, nov\u00e1 \u0161\u00e9fka komunikace obou diviz\u00ed.<\/p>\n<p><img loading=\"lazy\" decoding=\"async\" class=\"alignnone size-medium wp-image-3319\" src=\"http:\/\/www.automakers.cz\/wp-content\/uploads\/2024\/04\/VW-Tiguan-Sebesta-Cimrova-900x541.jpg\" alt=\"\" width=\"900\" height=\"541\" srcset=\"https:\/\/www.automakers.cz\/wp-content\/uploads\/2024\/04\/VW-Tiguan-Sebesta-Cimrova-900x541.jpg 900w, https:\/\/www.automakers.cz\/wp-content\/uploads\/2024\/04\/VW-Tiguan-Sebesta-Cimrova-1024x615.jpg 1024w, https:\/\/www.automakers.cz\/wp-content\/uploads\/2024\/04\/VW-Tiguan-Sebesta-Cimrova-768x461.jpg 768w, https:\/\/www.automakers.cz\/wp-content\/uploads\/2024\/04\/VW-Tiguan-Sebesta-Cimrova.jpg 1493w\" sizes=\"auto, (max-width: 900px) 100vw, 900px\" \/><strong>Prostor pro cestov\u00e1n\u00ed \u2013 ID. Buzz Long<\/strong><\/p>\n<p>S velk\u00fdm nad\u0161en\u00edm prezentoval prodlou\u017eenou verzi modelu ID. Buzz Martin Pokorn\u00fd, kter\u00fd ji ozna\u010dil za jeden z nejprostorn\u011bj\u0161\u00edch elektromobil\u016f na trhu, s m\u00edstem pro p\u011bt, \u0161est nebo a\u017e pro sedm osob, velk\u00fdm zavazadlov\u00fdm prostorem a vyu\u017e\u00edvaj\u00edc\u00edm mno\u017estv\u00ed nejmodern\u011bj\u0161\u00edch technologi\u00ed.<\/p>\n<p><img loading=\"lazy\" decoding=\"async\" class=\"alignnone size-medium wp-image-3325\" src=\"http:\/\/www.automakers.cz\/wp-content\/uploads\/2024\/04\/Buzz-900x506.jpg\" alt=\"\" width=\"900\" height=\"506\" srcset=\"https:\/\/www.automakers.cz\/wp-content\/uploads\/2024\/04\/Buzz-900x506.jpg 900w, https:\/\/www.automakers.cz\/wp-content\/uploads\/2024\/04\/Buzz-768x432.jpg 768w, https:\/\/www.automakers.cz\/wp-content\/uploads\/2024\/04\/Buzz.jpg 905w\" sizes=\"auto, (max-width: 900px) 100vw, 900px\" \/><\/p>\n<p>Long je o 250 mm del\u0161\u00ed ne\u017e z\u00e1kladn\u00ed verze a m\u011b\u0159\u00ed bez \u010dty\u0159 mm p\u011bt metr\u016f. Nabit\u00ed akumul\u00e1torov\u00e9 baterie p\u0159i nab\u00edjec\u00edm v\u00fdkonu 200 kW je pouh\u00fdch 25 minut. Import o\u010dek\u00e1v\u00e1, \u017ee verze Long, spolu s verz\u00ed GTX (s pohonem 4&#215;4 s kr\u00e1tk\u00fdm i dlouh\u00fdm rozvorem), jejich\u017e p\u0159edprodej za\u010dne v l\u00e9t\u011b, se na \u010desk\u00e9m trhu budou prod\u00e1vat od podzimu, najde u n\u00e1s pades\u00e1t a\u017e sto sv\u00fdch z\u00e1kazn\u00edk\u016f.<\/p>\n<p><strong>Dev\u00e1t\u00e1 generace Passatu<\/strong><\/p>\n<p>Nejnov\u011bj\u0161\u00ed verze modelu Passat p\u0159edstavil Radim Sad\u00edlek, kter\u00fd p\u0159ipomn\u011bl, \u017ee od roku 1973 bylo vyrobeno u\u017e na 34 milion\u016f kus\u016f t\u011bchto z\u00e1kaznicky velmi obl\u00edben\u00fdch kombi a v men\u0161\u00ed m\u00ed\u0159e prod\u00e1van\u00fdch sedan\u016f. Za hlavn\u00ed charakteristick\u00e9 znaky nov\u00e9 generace ozna\u010dil mimo\u0159\u00e1dn\u00fd d\u016fraz na komfort, prostornost, technologie, kvalitu, efektivitu a j\u00edzdn\u00ed dynamiku.<\/p>\n<p><img loading=\"lazy\" decoding=\"async\" class=\"alignnone size-medium wp-image-3320\" src=\"http:\/\/www.automakers.cz\/wp-content\/uploads\/2024\/04\/VW-skoleni-Zlatniky-900x542.jpg\" alt=\"\" width=\"900\" height=\"542\" srcset=\"https:\/\/www.automakers.cz\/wp-content\/uploads\/2024\/04\/VW-skoleni-Zlatniky-900x542.jpg 900w, https:\/\/www.automakers.cz\/wp-content\/uploads\/2024\/04\/VW-skoleni-Zlatniky-1024x617.jpg 1024w, https:\/\/www.automakers.cz\/wp-content\/uploads\/2024\/04\/VW-skoleni-Zlatniky-768x463.jpg 768w, https:\/\/www.automakers.cz\/wp-content\/uploads\/2024\/04\/VW-skoleni-Zlatniky.jpg 1489w\" sizes=\"auto, (max-width: 900px) 100vw, 900px\" \/>T\u00e9m\u011b\u0159 p\u011bt metr\u016f dlouh\u00e9 kombi m\u00e1 vynikaj\u00edc\u00ed aerodynamiku s hodnotou sou\u010dinitele odporu vzduchu Cd = 0,25, co\u017e p\u0159isp\u00edv\u00e1 nejen k hospod\u00e1rn\u011bj\u0161\u00ed j\u00edzd\u011b, ale tak ni\u017e\u0161\u00ed hlu\u010dnosti. Paleta pohonn\u00fdch jednotek obsahuje benzinov\u00e9, naftov\u00e9 i plug-in hybridn\u00ed verze s rozp\u011bt\u00edm v\u00fdkonu od 90 do 200 kW. Ceny Passatu Combi za\u010d\u00ednaj\u00ed od 999 900 K\u010d s DPH, v\u017edy se samo\u010dinnou p\u0159evodovkou.<\/p>\n<p><strong>Nastupuje nov\u00fd Tiguan<br \/>\n<\/strong><\/p>\n<p>A\u010d se to nezd\u00e1, model Tiguan je ve v\u00fdrob\u011b u\u017e od roku 2007, dos\u00e1hl v\u00fdroby v\u00edce ne\u017e sedmi milion\u016f kus\u016f a stal se jedn\u00edm z bestseeler\u016f zna\u010dky VW posledn\u00ed doby. U n\u00e1s je druh\u00fdm nejprod\u00e1van\u011bj\u0161\u00edm modelem z portfolia VW (po Golfu). P\u0159esto\u017ee v nejnov\u011bj\u0161\u00ed verzi p\u0159ibyl na d\u00e9lce o 30 mm, st\u00e1le pat\u0159\u00ed sv\u00fdmi 4,539 mm do kategorie kompaktn\u00edch SUV.<\/p>\n<p>Nab\u00edz\u00ed velmi solidn\u00ed vnit\u0159n\u00ed prostor pro p\u011bt cestuj\u00edc\u00edch a 650 l zavazadel, pohodl\u00ed, bezpe\u010dnost a na SUV excelentn\u00ed aerodynamiku s Cd = 0,28. Nab\u00eddka motor\u016f zahrnuje benzinov\u00e9, hybridn\u00ed, naftov\u00e9 a plug-in hybridn\u00ed jednotky. Nechyb\u00ed samoz\u0159ejm\u011b ani pohon 4&#215;4, ovl\u00e1d\u00e1n\u00ed j\u00edzdn\u00edch re\u017eim\u016f nebo atmosf\u00e9ry v interi\u00e9ru. Cenov\u011b startuje nov\u00fd Tiguan od 899 900 K\u010d.<\/p>\n<p><strong>\u0160pi\u010dkov\u00e9 technologie<\/strong><\/p>\n<p>Ve v\u00fdbav\u011b obou novinek \u2013 Passata i Tiguana \u2013 nechyb\u00ed nejnov\u011bj\u0161\u00ed verze inteligentn\u00edch sv\u011btlomet\u016f IQ. Light LED Matrix s dalek\u00fdm dosahem a n\u011bkolika re\u017eimy sv\u00edcen\u00ed, nebo adaptivn\u00ed regulace podvozku DCC pro, u modelu Passat. Zaj\u00edmav\u00fd je tak\u00e9 dal\u0161\u00ed, u\u017eivatelsky atraktivn\u00ed asisten\u010dn\u00ed syst\u00e9m Park assist Pro s mo\u017enost\u00ed d\u00e1lkov\u00e9ho ovl\u00e1d\u00e1n\u00ed a pam\u011b\u0165ovou funkc\u00ed.<\/p>\n<p>Ob\u011b novinky osobn\u00edch voz\u016f maj\u00ed velkou nad\u011bji na z\u00e1kaznick\u00fd \u00fasp\u011bch, Tiguan\u016f bylo u n\u00e1s loni registrov\u00e1no p\u0159es 2 a p\u016fl tis\u00edce kus\u016f. U elektrick\u00e9ho ID. Buzzu Long se nech\u00e1me p\u0159ekvapit.<\/p>\n<p><strong>Karel Ber\u00e1nek, Zlatn\u00edky<\/strong><\/p>\n","protected":false},"excerpt":{"rendered":"<p>V prostor\u00e1ch Tr\u00e9ninkov\u00e9 akademie Porsche \u010cesk\u00e1 republika ve Zlatn\u00edk\u00e1ch u Prahy p\u0159estavili mana\u017ee\u0159i importu zna\u010dky&#8230;<\/p>\n","protected":false},"author":1,"featured_media":3318,"comment_status":"closed","ping_status":"closed","sticky":false,"template":"","format":"standard","meta":{"footnotes":""},"categories":[37,12],"tags":[],"class_list":["post-3317","post","type-post","status-publish","format-standard","has-post-thumbnail","hentry","category-ceny-novinek","category-premiery"],"_links":{"self":[{"href":"https:\/\/www.automakers.cz\/index.php?rest_route=\/wp\/v2\/posts\/3317","targetHints":{"allow":["GET"]}}],"collection":[{"href":"https:\/\/www.automakers.cz\/index.php?rest_route=\/wp\/v2\/posts"}],"about":[{"href":"https:\/\/www.automakers.cz\/index.php?rest_route=\/wp\/v2\/types\/post"}],"author":[{"embeddable":true,"href":"https:\/\/www.automakers.cz\/index.php?rest_route=\/wp\/v2\/users\/1"}],"replies":[{"embeddable":true,"href":"https:\/\/www.automakers.cz\/index.php?rest_route=%2Fwp%2Fv2%2Fcomments&post=3317"}],"version-history":[{"count":4,"href":"https:\/\/www.automakers.cz\/index.php?rest_route=\/wp\/v2\/posts\/3317\/revisions"}],"predecessor-version":[{"id":3326,"href":"https:\/\/www.automakers.cz\/index.php?rest_route=\/wp\/v2\/posts\/3317\/revisions\/3326"}],"wp:featuredmedia":[{"embeddable":true,"href":"https:\/\/www.automakers.cz\/index.php?rest_route=\/wp\/v2\/media\/3318"}],"wp:attachment":[{"href":"https:\/\/www.automakers.cz\/index.php?rest_route=%2Fwp%2Fv2%2Fmedia&parent=3317"}],"wp:term":[{"taxonomy":"category","embeddable":true,"href":"https:\/\/www.automakers.cz\/index.php?rest_route=%2Fwp%2Fv2%2Fcategories&post=3317"},{"taxonomy":"post_tag","embeddable":true,"href":"https:\/\/www.automakers.cz\/index.php?rest_route=%2Fwp%2Fv2%2Ftags&post=3317"}],"curies":[{"name":"wp","href":"https:\/\/api.w.org\/{rel}","templated":true}]}}