{"id":3343,"date":"2024-04-11T14:17:32","date_gmt":"2024-04-11T14:17:32","guid":{"rendered":"https:\/\/www.automakers.cz\/?p=3343"},"modified":"2024-04-11T14:17:32","modified_gmt":"2024-04-11T14:17:32","slug":"auto-esa-otevira-bazar-ve-zline","status":"publish","type":"post","link":"https:\/\/www.automakers.cz\/?p=3343","title":{"rendered":"Auto Esa otev\u00edr\u00e1 bazar ve Zl\u00edn\u011b"},"content":{"rendered":"<p><strong>Provoz nov\u00e9ho autobazaru zah\u00e1jila ve Zl\u00edn\u011b Auto ESA. Z\u00e1jemci si na nov\u011b otev\u0159en\u00e9 pobo\u010dce mohou vyb\u00edrat z 250 osobn\u00edch a u\u017eitkov\u00fdch voz\u016f. <\/strong><!--more--><\/p>\n<p>Po\u010det nab\u00edzen\u00fdch aut firma pl\u00e1nuje postupn\u011b zv\u00fd\u0161it a\u017e na 300, s\u00a0\u010d\u00edm\u017e koresponduje i celkov\u00e1 prodejn\u00ed plocha 6,5tis\u00edc metr\u016f \u010dtvere\u010dn\u00edch, kter\u00e1 je dopln\u011bna o showroom pro dal\u0161\u00edch 20 pr\u00e9miov\u00fdch vozidel.<\/p>\n<p><img loading=\"lazy\" decoding=\"async\" class=\"alignnone size-medium wp-image-3347\" src=\"http:\/\/www.automakers.cz\/wp-content\/uploads\/2024\/04\/Esa-bazar-Zlin-Cekarna-2-900x675.jpg\" alt=\"\" width=\"900\" height=\"675\" srcset=\"https:\/\/www.automakers.cz\/wp-content\/uploads\/2024\/04\/Esa-bazar-Zlin-Cekarna-2-900x675.jpg 900w, https:\/\/www.automakers.cz\/wp-content\/uploads\/2024\/04\/Esa-bazar-Zlin-Cekarna-2-1024x768.jpg 1024w, https:\/\/www.automakers.cz\/wp-content\/uploads\/2024\/04\/Esa-bazar-Zlin-Cekarna-2-768x576.jpg 768w, https:\/\/www.automakers.cz\/wp-content\/uploads\/2024\/04\/Esa-bazar-Zlin-Cekarna-2.jpg 1225w\" sizes=\"auto, (max-width: 900px) 100vw, 900px\" \/><\/p>\n<p>Na nov\u011b otev\u0159en\u00e9 pobo\u010dce bude zaji\u0161t\u011bna obsluha 16 zam\u011bstnanci, kte\u0159\u00ed pro\u0161li n\u011bkolika m\u011bs\u00ed\u010dn\u00edm za\u0161kolen\u00edm na centr\u00e1ln\u00ed pobo\u010dce Auto ESA v\u00a0pra\u017esk\u00fdch \u0160t\u011brboholech.<\/p>\n<p><em>\u201eZv\u00fd\u0161en\u00fd z\u00e1jem o ojet\u00e9 vozy a slu\u017eby spojen\u00fdch s\u00a0n\u00e1kupem \u010di prodejem vozidel n\u00e1m jen potvrzuje, \u017ee roz\u0161i\u0159ov\u00e1n\u00ed prodejn\u00ed s\u00edt\u011b je spr\u00e1vnou cestou a z\u00e1kazn\u00edci ve Zl\u00ednsk\u00e9m kraji a okol\u00ed budou m\u00edt k\u00a0t\u00e9to nab\u00eddce zase o trochu bl\u00ed\u017ee,\u201c<\/em>\u00a0\u0159ekl Filip Ku\u010dera, \u0159editel marketingu Auto ESA. Nov\u011b otev\u0159ena pobo\u010dka bude poskytovat v\u0161echny standardn\u00ed slu\u017eby Auto ESA, od v\u00fdkupu a prodeje a\u017e po financov\u00e1n\u00ed a poji\u0161t\u011bn\u00ed voz\u016f<em><i>. \u201eZ\u00e1rove\u0148 jsme z\u00e1kazn\u00edk\u016fm schopni p\u0159iv\u00e9zt do Zl\u00edna auto i z\u00a0jin\u00e9 pobo\u010dky, pokud o to projev\u00ed z\u00e1jem. Mohou si tak vybrat v\u016fz z\u00a0cel\u00e9 na\u0161\u00ed nab\u00eddky\u201c <\/i><\/em>dopl\u0148uje Ku\u010dera.<\/p>\n<p>Jak Ku\u010dera d\u00e1le uvedl, do konce leto\u0161n\u00edho pr\u00e1zdnin budou moci z\u00e1kazn\u00edci autobazaru ve Zl\u00edn\u011b nakupovat za zv\u00fdhodn\u011bn\u00e9, zav\u00e1d\u011bc\u00ed ceny, tedy s\u00a0v\u00fdraznou finan\u010dn\u00ed \u00fasporou. Zl\u00ednsk\u00e1 pobo\u010dka je ji\u017e 15. provozovnou spole\u010dnosti Auto ESA v\u00a0\u010cesk\u00e9 republice. \u201e<em><i>V\u011b\u0159\u00edme, \u017ee do konce leto\u0161n\u00edho roku prod\u00e1me na nov\u00e9 pobo\u010dce zhruba 800 a\u017e 900 vozidel,\u201c <\/i><\/em>doplnil Ku\u010dera.<\/p>\n<p><em><i><img loading=\"lazy\" decoding=\"async\" class=\"alignnone size-medium wp-image-3346\" src=\"http:\/\/www.automakers.cz\/wp-content\/uploads\/2024\/04\/Esa-bazar-Zlin-Plocha-2-900x279.jpg\" alt=\"\" width=\"900\" height=\"279\" srcset=\"https:\/\/www.automakers.cz\/wp-content\/uploads\/2024\/04\/Esa-bazar-Zlin-Plocha-2-900x279.jpg 900w, https:\/\/www.automakers.cz\/wp-content\/uploads\/2024\/04\/Esa-bazar-Zlin-Plocha-2-1024x317.jpg 1024w, https:\/\/www.automakers.cz\/wp-content\/uploads\/2024\/04\/Esa-bazar-Zlin-Plocha-2-768x238.jpg 768w, https:\/\/www.automakers.cz\/wp-content\/uploads\/2024\/04\/Esa-bazar-Zlin-Plocha-2-1536x476.jpg 1536w, https:\/\/www.automakers.cz\/wp-content\/uploads\/2024\/04\/Esa-bazar-Zlin-Plocha-2.jpg 1600w\" sizes=\"auto, (max-width: 900px) 100vw, 900px\" \/>\u00a0<\/i><\/em><\/p>\n<p>Nov\u00e1 pobo\u010dka Auto ESA s\u00eddl\u00ed na ulici U Tescomy v\u00a0m\u011bstsk\u00e9 \u010d\u00e1sti P\u0159\u00edluky ve sm\u011bru do Logistick\u00e9ho centra Tescoma a soused\u00ed s\u00a0prodejnou Stavebniny DEK.<\/p>\n<p><strong>Zdroj: ESA<\/strong><\/p>\n","protected":false},"excerpt":{"rendered":"<p>Provoz nov\u00e9ho autobazaru zah\u00e1jila ve Zl\u00edn\u011b Auto ESA. Z\u00e1jemci si na nov\u011b otev\u0159en\u00e9 pobo\u010dce mohou&#8230;<\/p>\n","protected":false},"author":1,"featured_media":3345,"comment_status":"closed","ping_status":"closed","sticky":false,"template":"","format":"standard","meta":{"footnotes":""},"categories":[55,3],"tags":[],"class_list":["post-3343","post","type-post","status-publish","format-standard","has-post-thumbnail","hentry","category-bazary","category-investice"],"_links":{"self":[{"href":"https:\/\/www.automakers.cz\/index.php?rest_route=\/wp\/v2\/posts\/3343","targetHints":{"allow":["GET"]}}],"collection":[{"href":"https:\/\/www.automakers.cz\/index.php?rest_route=\/wp\/v2\/posts"}],"about":[{"href":"https:\/\/www.automakers.cz\/index.php?rest_route=\/wp\/v2\/types\/post"}],"author":[{"embeddable":true,"href":"https:\/\/www.automakers.cz\/index.php?rest_route=\/wp\/v2\/users\/1"}],"replies":[{"embeddable":true,"href":"https:\/\/www.automakers.cz\/index.php?rest_route=%2Fwp%2Fv2%2Fcomments&post=3343"}],"version-history":[{"count":3,"href":"https:\/\/www.automakers.cz\/index.php?rest_route=\/wp\/v2\/posts\/3343\/revisions"}],"predecessor-version":[{"id":3349,"href":"https:\/\/www.automakers.cz\/index.php?rest_route=\/wp\/v2\/posts\/3343\/revisions\/3349"}],"wp:featuredmedia":[{"embeddable":true,"href":"https:\/\/www.automakers.cz\/index.php?rest_route=\/wp\/v2\/media\/3345"}],"wp:attachment":[{"href":"https:\/\/www.automakers.cz\/index.php?rest_route=%2Fwp%2Fv2%2Fmedia&parent=3343"}],"wp:term":[{"taxonomy":"category","embeddable":true,"href":"https:\/\/www.automakers.cz\/index.php?rest_route=%2Fwp%2Fv2%2Fcategories&post=3343"},{"taxonomy":"post_tag","embeddable":true,"href":"https:\/\/www.automakers.cz\/index.php?rest_route=%2Fwp%2Fv2%2Ftags&post=3343"}],"curies":[{"name":"wp","href":"https:\/\/api.w.org\/{rel}","templated":true}]}}