{"id":3350,"date":"2024-04-11T15:12:18","date_gmt":"2024-04-11T15:12:18","guid":{"rendered":"https:\/\/www.automakers.cz\/?p=3350"},"modified":"2024-04-11T16:13:43","modified_gmt":"2024-04-11T16:13:43","slug":"volvo-ex90-se-ukazalo-v-prazske-krizovatce","status":"publish","type":"post","link":"https:\/\/www.automakers.cz\/?p=3350","title":{"rendered":"Volvo EX90 m\u011blo k\u0159est v pra\u017esk\u00e9m kostele"},"content":{"rendered":"<div id=\"pageContainer1\" class=\"_page_1ythq_98\" role=\"presentation\" data-testid=\"pageContainer1\" data-index=\"0\"><strong>\u0160\u00e9f Volvo Car Czech Alican Emiroglu uk\u00e1zal 11. dubna v centru Prahy novou vlajkovou lo\u010f zna\u010dky. Elektrick\u00e9 SUV se p\u0159edvedlo novin\u00e1\u0159\u016fm a VIP klientele v centru Pra\u017esk\u00e1 k\u0159i\u017eovatka, odsv\u011bcen\u00e9m kostele Sv. Anny, a vyr\u00e1\u017e\u00ed na prezenta\u010dn\u00ed roadshow po republice.<br \/>\n<\/strong><\/div>\n<p><!--more--><\/p>\n<div class=\"_page_1ythq_98\" role=\"presentation\" data-testid=\"pageContainer1\" data-index=\"0\">V\u00fdroba pln\u011b elektrick\u00e9ho modelu Volvo EX90 bude zah\u00e1jena ve druh\u00e9m \u010dtvrtlet\u00ed leto\u0161n\u00edho roku v tov\u00e1rn\u011b Volvo Cars v americk\u00e9m Charlestonu. Pra\u017esk\u00e1 smet\u00e1nka jej poprv\u00e9 mohla shl\u00e9dnout v b\u00fdval\u00e9m kostele Sv. Anny, jeho\u017e z\u00e1klady poch\u00e1z\u00ed z 10. stolet\u00ed.<\/div>\n<div role=\"presentation\" data-testid=\"pageContainer1\" data-index=\"0\"><\/div>\n<div role=\"presentation\" data-testid=\"pageContainer1\" data-index=\"0\">Mezin\u00e1rodn\u00ed duchovn\u00ed centrum Pra\u017esk\u00e1 k\u0159i\u017eovatka je jedn\u00edm z\u00a0projekt\u016f Nadace Dagmar a V\u00e1clava Havlov\u00fdch VIZE 97, kter\u00e1 rovn\u011b\u017e db\u00e1\u00a0o z\u00e1chranu a spr\u00e1vu tohoto jedine\u010dn\u00e9ho prostoru. Pra\u017esk\u00e1 k\u0159i\u017eovatka s\u00eddl\u00ed v\u00a0d\u00e1vno odsv\u011bcen\u00e9m kostele zalo\u017een\u00e9m sv. V\u00e1clavem ji\u017e v roce 927 n. l.<\/div>\n<div role=\"presentation\" data-testid=\"pageContainer1\" data-index=\"0\"><\/div>\n<div role=\"presentation\" data-testid=\"pageContainer1\" data-index=\"0\"><img loading=\"lazy\" decoding=\"async\" class=\"alignnone size-medium wp-image-3357\" src=\"http:\/\/www.automakers.cz\/wp-content\/uploads\/2024\/04\/Volvo-EX90-Emiroglu-Petra-900x675.jpg\" alt=\"\" width=\"900\" height=\"675\" srcset=\"https:\/\/www.automakers.cz\/wp-content\/uploads\/2024\/04\/Volvo-EX90-Emiroglu-Petra-900x675.jpg 900w, https:\/\/www.automakers.cz\/wp-content\/uploads\/2024\/04\/Volvo-EX90-Emiroglu-Petra-1024x768.jpg 1024w, https:\/\/www.automakers.cz\/wp-content\/uploads\/2024\/04\/Volvo-EX90-Emiroglu-Petra-768x576.jpg 768w, https:\/\/www.automakers.cz\/wp-content\/uploads\/2024\/04\/Volvo-EX90-Emiroglu-Petra-1536x1152.jpg 1536w, https:\/\/www.automakers.cz\/wp-content\/uploads\/2024\/04\/Volvo-EX90-Emiroglu-Petra.jpg 2040w\" sizes=\"auto, (max-width: 900px) 100vw, 900px\" \/><\/div>\n<div class=\"_page_1ythq_98\" role=\"presentation\" data-testid=\"pageContainer1\" data-index=\"0\">\u201ePro Volvo Cars p\u0159edstavuje tento model nov\u00fd za\u010d\u00e1tek hned v n\u011bkolika ohledech. Jedn\u00e1 se o pln\u011b elektrick\u00fd v\u016fz s dojezdem najedno nabit\u00ed a\u017e 600kilometr\u016f, kter\u00fd byl navr\u017een tak, aby posunul na\u0161e bezpe\u010dnostn\u00ed standardy je\u0161t\u011b d\u00e1l,\u201c \u0159ekl \u0161\u00e9f importu kr\u00e1tce p\u0159ed odhalen\u00edm novinky.<\/div>\n<div role=\"presentation\" data-testid=\"pageContainer1\" data-index=\"0\"><img loading=\"lazy\" decoding=\"async\" class=\"alignnone size-full wp-image-3353\" src=\"http:\/\/www.automakers.cz\/wp-content\/uploads\/2024\/04\/Volvo-EX-90-kostel-predek.jpeg\" alt=\"\" width=\"640\" height=\"427\" \/><\/div>\n<div class=\"_page_1ythq_98\" role=\"presentation\" data-testid=\"pageContainer1\" data-index=\"0\">Podle n\u011bj jde o nejbezpe\u010dn\u011bj\u0161\u00ed model zna\u010dky v\u0161ech dob. Volvo EX90 bude d\u00edky nejnov\u011bj\u0161\u00edm vn\u011bj\u0161\u00edm a vnit\u0159n\u00edm senzorick\u00fdm technologi\u00edm chr\u00e1nit sv\u00e9 cestuj\u00edc\u00ed neviditeln\u00fdm ochrann\u00fdm \u0161t\u00edtem.<\/div>\n<div role=\"presentation\" data-testid=\"pageContainer1\" data-index=\"0\"><\/div>\n<div class=\"_page_1ythq_98\" role=\"presentation\" data-testid=\"pageContainer1\" data-index=\"0\">Nejmodern\u011bj\u0161\u00ed senzory, jako jsou kamery, radary a p\u0159edev\u0161\u00edm laserov\u00fd senzorLiDAR, jsou zde propojeny s v\u00fdkonn\u00fdm v\u00fdpo\u010detn\u00edm j\u00e1drem vozu, kdeb\u011b\u017e\u00edna disku NVIDIA DRIVE, vlastn\u00ed software spole\u010dnosti Volvo Cars, vytv\u00e1\u0159ej\u00edc\u00ed v re\u00e1ln\u00e9m \u010dase 360\u00b0obraz okoln\u00edho prost\u0159ed\u00ed.<\/div>\n<div role=\"presentation\" data-testid=\"pageContainer1\" data-index=\"0\"><img loading=\"lazy\" decoding=\"async\" class=\"alignnone size-medium wp-image-3359\" src=\"http:\/\/www.automakers.cz\/wp-content\/uploads\/2024\/04\/Volv-o-kostel-Anna-900x675.jpg\" alt=\"\" width=\"900\" height=\"675\" srcset=\"https:\/\/www.automakers.cz\/wp-content\/uploads\/2024\/04\/Volv-o-kostel-Anna-900x675.jpg 900w, https:\/\/www.automakers.cz\/wp-content\/uploads\/2024\/04\/Volv-o-kostel-Anna-1024x768.jpg 1024w, https:\/\/www.automakers.cz\/wp-content\/uploads\/2024\/04\/Volv-o-kostel-Anna-768x576.jpg 768w, https:\/\/www.automakers.cz\/wp-content\/uploads\/2024\/04\/Volv-o-kostel-Anna-1536x1152.jpg 1536w, https:\/\/www.automakers.cz\/wp-content\/uploads\/2024\/04\/Volv-o-kostel-Anna.jpg 2040w\" sizes=\"auto, (max-width: 900px) 100vw, 900px\" \/><\/div>\n<div class=\"_page_1ythq_98\" role=\"presentation\" data-testid=\"pageContainer1\" data-index=\"0\">Tyto senzory se nikdy neunav\u00ed ani se nep\u0159estanou soust\u0159e\u010fovat, p\u0159ipomn\u011bl produktov\u00fd mana\u017eer zna\u010dky Martin Mazari.<\/div>\n<div role=\"presentation\" data-testid=\"pageContainer1\" data-index=\"0\"><\/div>\n<div class=\"_page_1ythq_98\" role=\"presentation\" data-testid=\"pageContainer1\" data-index=\"0\">&#8222;Jsou navr\u017eeny tak, aby odpov\u00eddaly a reagovaly v momentech, kdy by pouh\u00fd zlomek sekundy znamenal fat\u00e1ln\u00ed zpo\u017ed\u011bn\u00ed. Laserov\u00fd senzor LiDAR sn\u00edm\u00e1 silnici p\u0159ed vozem i p\u0159i d\u00e1lni\u010dn\u00edch rychlostech a bez ohledu na to, zda je den, \u010di noc.&#8220;<\/div>\n<div role=\"presentation\" data-testid=\"pageContainer1\" data-index=\"0\"><img loading=\"lazy\" decoding=\"async\" class=\"alignnone size-medium wp-image-3364\" src=\"http:\/\/www.automakers.cz\/wp-content\/uploads\/2024\/04\/Volvo-EX90-ruka-900x675.jpg\" alt=\"\" width=\"900\" height=\"675\" srcset=\"https:\/\/www.automakers.cz\/wp-content\/uploads\/2024\/04\/Volvo-EX90-ruka-900x675.jpg 900w, https:\/\/www.automakers.cz\/wp-content\/uploads\/2024\/04\/Volvo-EX90-ruka-1024x768.jpg 1024w, https:\/\/www.automakers.cz\/wp-content\/uploads\/2024\/04\/Volvo-EX90-ruka-768x576.jpg 768w, https:\/\/www.automakers.cz\/wp-content\/uploads\/2024\/04\/Volvo-EX90-ruka-1536x1152.jpg 1536w, https:\/\/www.automakers.cz\/wp-content\/uploads\/2024\/04\/Volvo-EX90-ruka.jpg 2040w\" sizes=\"auto, (max-width: 900px) 100vw, 900px\" \/><\/div>\n<div class=\"_page_1ythq_98\" role=\"presentation\" data-testid=\"pageContainer1\" data-index=\"0\">Dok\u00e1\u017ee identifikovati mal\u00e9 \u010di \u0161patn\u011b rozeznateln\u00e9 objekty stovky metr\u016f p\u0159ed vozidlem, d\u00edky \u010demu\u017e z\u00edsk\u00e1v\u00e1 v\u00edce \u010dasu na to, aby mohl \u0159idi\u010de informovat, reagovat a p\u0159edej\u00edt p\u0159\u00edpadn\u00e9 kolizi. Senzory mimoto p\u0159isp\u00edvaj\u00ed ke zlep\u0161en\u00ed spolehlivosti a celkov\u00e9ho v\u00fdkonu pokro\u010dil\u00e9ho asisten\u010dn\u00edho syst\u00e9mu \u0159idi\u010de Pilot Assist s novou podporou \u0159\u00edzen\u00ed p\u0159i zm\u011bn\u011b j\u00edzdn\u00edho pruhu.<\/div>\n<div role=\"presentation\" data-testid=\"pageContainer1\" data-index=\"0\"><\/div>\n<div class=\"_page_1ythq_98\" role=\"presentation\" data-testid=\"pageContainer1\" data-index=\"0\">&#8222;Tento neviditeln\u00fd ochrann\u00fd \u0161t\u00edt funguje i uvnit\u0159 vozu. Speci\u00e1ln\u00ed senzory a kamery zpracov\u00e1vaj\u00edc\u00ed informace na z\u00e1klad\u011b vlastn\u00edch algoritm\u016f,&#8220; p\u0159ipomn\u011bl Mazari.<\/div>\n<div role=\"presentation\" data-testid=\"pageContainer1\" data-index=\"0\"><\/div>\n<div role=\"presentation\" data-testid=\"pageContainer1\" data-index=\"0\"><strong>Erich Handl, Pra\u017esk\u00e1 k\u0159i\u017eovatka<\/strong><\/div>\n<div role=\"presentation\" data-testid=\"pageContainer1\" data-index=\"0\"><img loading=\"lazy\" decoding=\"async\" class=\"alignnone size-medium wp-image-3356\" src=\"http:\/\/www.automakers.cz\/wp-content\/uploads\/2024\/04\/Anna-kostel-900x675.jpg\" alt=\"\" width=\"900\" height=\"675\" srcset=\"https:\/\/www.automakers.cz\/wp-content\/uploads\/2024\/04\/Anna-kostel-900x675.jpg 900w, https:\/\/www.automakers.cz\/wp-content\/uploads\/2024\/04\/Anna-kostel-1024x768.jpg 1024w, https:\/\/www.automakers.cz\/wp-content\/uploads\/2024\/04\/Anna-kostel-768x576.jpg 768w, https:\/\/www.automakers.cz\/wp-content\/uploads\/2024\/04\/Anna-kostel-1536x1152.jpg 1536w, https:\/\/www.automakers.cz\/wp-content\/uploads\/2024\/04\/Anna-kostel.jpg 2040w\" sizes=\"auto, (max-width: 900px) 100vw, 900px\" \/><\/div>\n","protected":false},"excerpt":{"rendered":"<p>\u0160\u00e9f Volvo Car Czech Alican Emiroglu uk\u00e1zal 11. dubna v centru Prahy novou vlajkovou lo\u010f&#8230;<\/p>\n","protected":false},"author":1,"featured_media":3352,"comment_status":"closed","ping_status":"closed","sticky":false,"template":"","format":"standard","meta":{"footnotes":""},"categories":[9,12,20],"tags":[],"class_list":["post-3350","post","type-post","status-publish","format-standard","has-post-thumbnail","hentry","category-elektromobily","category-premiery","category-tiskovky"],"_links":{"self":[{"href":"https:\/\/www.automakers.cz\/index.php?rest_route=\/wp\/v2\/posts\/3350","targetHints":{"allow":["GET"]}}],"collection":[{"href":"https:\/\/www.automakers.cz\/index.php?rest_route=\/wp\/v2\/posts"}],"about":[{"href":"https:\/\/www.automakers.cz\/index.php?rest_route=\/wp\/v2\/types\/post"}],"author":[{"embeddable":true,"href":"https:\/\/www.automakers.cz\/index.php?rest_route=\/wp\/v2\/users\/1"}],"replies":[{"embeddable":true,"href":"https:\/\/www.automakers.cz\/index.php?rest_route=%2Fwp%2Fv2%2Fcomments&post=3350"}],"version-history":[{"count":12,"href":"https:\/\/www.automakers.cz\/index.php?rest_route=\/wp\/v2\/posts\/3350\/revisions"}],"predecessor-version":[{"id":3370,"href":"https:\/\/www.automakers.cz\/index.php?rest_route=\/wp\/v2\/posts\/3350\/revisions\/3370"}],"wp:featuredmedia":[{"embeddable":true,"href":"https:\/\/www.automakers.cz\/index.php?rest_route=\/wp\/v2\/media\/3352"}],"wp:attachment":[{"href":"https:\/\/www.automakers.cz\/index.php?rest_route=%2Fwp%2Fv2%2Fmedia&parent=3350"}],"wp:term":[{"taxonomy":"category","embeddable":true,"href":"https:\/\/www.automakers.cz\/index.php?rest_route=%2Fwp%2Fv2%2Fcategories&post=3350"},{"taxonomy":"post_tag","embeddable":true,"href":"https:\/\/www.automakers.cz\/index.php?rest_route=%2Fwp%2Fv2%2Ftags&post=3350"}],"curies":[{"name":"wp","href":"https:\/\/api.w.org\/{rel}","templated":true}]}}