{"id":3371,"date":"2024-04-12T07:47:18","date_gmt":"2024-04-12T07:47:18","guid":{"rendered":"https:\/\/www.automakers.cz\/?p=3371"},"modified":"2024-04-12T07:50:44","modified_gmt":"2024-04-12T07:50:44","slug":"volvo-car-letos-v-cesku-cili-na-5000-kusu","status":"publish","type":"post","link":"https:\/\/www.automakers.cz\/?p=3371","title":{"rendered":"Volvo Car letos v \u010cesku c\u00edl\u00ed na 5000 kus\u016f"},"content":{"rendered":"<p><strong>\u0160\u00e9f Volvo Car Czech Alican Emiroglu uk\u00e1zal 11. dubna v Praze nov\u00fd elektromobil EX 90, s \u010dasopisem Automakers hovo\u0159il o leto\u0161n\u00edch prodejn\u00edch pl\u00e1nech zna\u010dky v tuzemsku.<\/strong><span id=\"more-926\"><\/span><!--more--><\/p>\n<p>\u010cesk\u00e9 Volvo, kter\u00e9 se op\u00edr\u00e1 o 17 prodejn\u00edch m\u00edst, loni prodejn\u011b rostlo. Poda\u0159ilo se mu registrovat v\u00edce ne\u017e 3000 vozidel.<\/p>\n<p>\u201eRok 2023 byl pro automobilku celkov\u011b \u00fasp\u011b\u0161n\u00fd. P\u0159edstavila nov\u00e9 modely a ve sv\u00fdch ambici\u00f3zn\u00edch pl\u00e1nech pro budouc\u00ed sm\u011b\u0159ov\u00e1n\u00ed se posunula o kus dop\u0159edu. Shodn\u011b s glob\u00e1ln\u00edmi \u00fasp\u011bchy se da\u0159ilo i jej\u00edmu \u010desk\u00e9mu zastoupen\u00ed,&#8220; uvedl Emiroglu na prosincov\u00e9m setk\u00e1n\u00ed s novin\u00e1\u0159i.<\/p>\n<p>Leto\u0161n\u00edm glob\u00e1ln\u00edm c\u00edlem automobilky je p\u0159ibl\u00ed\u017eit se hranici 900 tis\u00edc prodan\u00fdch voz\u016f Volvo. Nov\u00fdm prodejn\u00edm tahounem bude Volvo EX30, kter\u00e9 se pr\u00e1v\u011b za\u010d\u00edn\u00e1 vyr\u00e1b\u011bt v americk\u00e9m Charlestonu.<\/p>\n<p>\u010cesk\u00e9 registrace zna\u010dky zat\u00edm tento trend potvrzuj\u00ed, Volvo bylo v b\u0159eznu na rekordn\u00edm jeden\u00e1ct\u00e9m m\u00edst\u011b mezi v\u0161emi import\u00e9ry.<\/p>\n<p>&#8222;Celoro\u010dn\u00ed prodeje c\u00edl\u00edme na 5000 kus\u016f,&#8220; \u0159ekl n\u00e1m \u0161\u00e9f importu na pra\u017esk\u00e9 premi\u00e9\u0159e EX 90 v centru Pra\u017esk\u00e1 k\u0159i\u017eovatka.<\/p>\n<p><img loading=\"lazy\" decoding=\"async\" class=\"alignnone size-medium wp-image-3364\" src=\"http:\/\/www.automakers.cz\/wp-content\/uploads\/2024\/04\/Volvo-EX90-ruka-900x675.jpg\" alt=\"\" width=\"900\" height=\"675\" srcset=\"https:\/\/www.automakers.cz\/wp-content\/uploads\/2024\/04\/Volvo-EX90-ruka-900x675.jpg 900w, https:\/\/www.automakers.cz\/wp-content\/uploads\/2024\/04\/Volvo-EX90-ruka-1024x768.jpg 1024w, https:\/\/www.automakers.cz\/wp-content\/uploads\/2024\/04\/Volvo-EX90-ruka-768x576.jpg 768w, https:\/\/www.automakers.cz\/wp-content\/uploads\/2024\/04\/Volvo-EX90-ruka-1536x1152.jpg 1536w, https:\/\/www.automakers.cz\/wp-content\/uploads\/2024\/04\/Volvo-EX90-ruka.jpg 2040w\" sizes=\"auto, (max-width: 900px) 100vw, 900px\" \/><\/p>\n<p>&nbsp;<\/p>\n","protected":false},"excerpt":{"rendered":"<p>\u0160\u00e9f Volvo Car Czech Alican Emiroglu uk\u00e1zal 11. dubna v Praze nov\u00fd elektromobil EX 90,&#8230;<\/p>\n","protected":false},"author":1,"featured_media":953,"comment_status":"closed","ping_status":"closed","sticky":false,"template":"","format":"standard","meta":{"footnotes":""},"categories":[11,48],"tags":[],"class_list":["post-3371","post","type-post","status-publish","format-standard","has-post-thumbnail","hentry","category-importeri","category-registrace"],"_links":{"self":[{"href":"https:\/\/www.automakers.cz\/index.php?rest_route=\/wp\/v2\/posts\/3371","targetHints":{"allow":["GET"]}}],"collection":[{"href":"https:\/\/www.automakers.cz\/index.php?rest_route=\/wp\/v2\/posts"}],"about":[{"href":"https:\/\/www.automakers.cz\/index.php?rest_route=\/wp\/v2\/types\/post"}],"author":[{"embeddable":true,"href":"https:\/\/www.automakers.cz\/index.php?rest_route=\/wp\/v2\/users\/1"}],"replies":[{"embeddable":true,"href":"https:\/\/www.automakers.cz\/index.php?rest_route=%2Fwp%2Fv2%2Fcomments&post=3371"}],"version-history":[{"count":5,"href":"https:\/\/www.automakers.cz\/index.php?rest_route=\/wp\/v2\/posts\/3371\/revisions"}],"predecessor-version":[{"id":3374,"href":"https:\/\/www.automakers.cz\/index.php?rest_route=\/wp\/v2\/posts\/3371\/revisions\/3374"}],"wp:featuredmedia":[{"embeddable":true,"href":"https:\/\/www.automakers.cz\/index.php?rest_route=\/wp\/v2\/media\/953"}],"wp:attachment":[{"href":"https:\/\/www.automakers.cz\/index.php?rest_route=%2Fwp%2Fv2%2Fmedia&parent=3371"}],"wp:term":[{"taxonomy":"category","embeddable":true,"href":"https:\/\/www.automakers.cz\/index.php?rest_route=%2Fwp%2Fv2%2Fcategories&post=3371"},{"taxonomy":"post_tag","embeddable":true,"href":"https:\/\/www.automakers.cz\/index.php?rest_route=%2Fwp%2Fv2%2Ftags&post=3371"}],"curies":[{"name":"wp","href":"https:\/\/api.w.org\/{rel}","templated":true}]}}