{"id":3383,"date":"2024-04-12T08:42:13","date_gmt":"2024-04-12T08:42:13","guid":{"rendered":"https:\/\/www.automakers.cz\/?p=3383"},"modified":"2024-04-12T09:03:17","modified_gmt":"2024-04-12T09:03:17","slug":"vw-big-night-slet-1500-celebrit-v-karline","status":"publish","type":"post","link":"https:\/\/www.automakers.cz\/?p=3383","title":{"rendered":"VW BIG NIGHT: slet 1500 celebrit v Karl\u00edn\u011b"},"content":{"rendered":"<p><b>Velkolep\u00fdm ve\u010derem Volkswagen BIG NIGHT 2024 v pra\u017esk\u00e9m F\u00f3ru Karl\u00edn zah\u00e1jily zna\u010dky Volkswagen, VW U\u017eitkov\u00e9 vozy a VW Financial Services dal\u0161\u00ed f\u00e1zi produktov\u00e9 ofenzivy. Na akci bylo pozv\u00e1no 1500 VIP klient\u016f, dealer\u016f \u010di novin\u00e1\u0159\u016f. Na p\u00f3diu se bl\u00fdskli mana\u017ee\u0159i zna\u010dek a \u0159ada celebrit. Te\u010dku za akc\u00ed ud\u011blal MIG 21.<br \/>\n<\/b><!--more--><\/p>\n<p>Jakub \u0160ebesta, \u0159editel divize Volkswagen spole\u010dnosti Porsche \u010cesk\u00e1 republika, p\u0159edstavil v\u00fdznamn\u00fdm z\u00e1kazn\u00edk\u016fm modernizovanou modelovou \u0159adu Golf a p\u0159ipomn\u011bl jej\u00ed 50. v\u00fdro\u010d\u00ed. Po boku automobilov\u00e9 legendy s 37 miliony prodan\u00fdmi vozy st\u00e1ly v nov\u00e9 podob\u011b dal\u0161\u00ed dva \u00fasp\u011b\u0161n\u00e9 modely s logem Volkswagen na p\u0159\u00eddi: nov\u00e9 generace kompaktn\u00edho SUV Tiguan a mana\u017eersk\u00e9ho modelu Passat.<\/p>\n<p><img loading=\"lazy\" decoding=\"async\" class=\"alignnone size-medium wp-image-3385\" src=\"http:\/\/www.automakers.cz\/wp-content\/uploads\/2024\/04\/VW-Big-Night-podium-900x600.jpg\" alt=\"\" width=\"900\" height=\"600\" \/>Mirka Cimrov\u00e1, \u0159editelka divize Volkswagen U\u017eitkov\u00e9 vozy, si pro pozvan\u00e9 hosty p\u0159ipravila \u010deskou v\u00fdstavn\u00ed premi\u00e9ru prodlou\u017een\u00e9 karos\u00e1\u0159sk\u00e9 verze modelu ID. Buzz Long. Vratislav Stra\u0161il, jednatel spole\u010dnosti Volkswagen Financial Services, prezentoval aktu\u00e1ln\u00ed v\u00fdhodnou nab\u00eddku od financov\u00e1n\u00ed p\u0159es servisn\u00ed bal\u00ed\u010dky a\u017e po vy\u0159\u00edzen\u00ed dotace na elektromobilitu a z\u00e1stupc\u016fm dlouhodob\u011b podporovan\u00e9ho Centra Paraple p\u0159edal \u0161ek a v\u00fdt\u011b\u017eek z charitativn\u00ed tomboly v hodnot\u011b 592 000 K\u010d.<\/p>\n<p>\u201eVolkswagen je s F\u00f3rem Karl\u00edn \u00fazce spjat\u00fd \u2013 pr\u00e1v\u011b tady, jen kr\u00e1tce po otev\u0159en\u00ed t\u011bchto kr\u00e1sn\u00fdch prostor, se p\u0159ed necel\u00fdmi 10 lety konala \u010desk\u00e1 premi\u00e9ra osm\u00e9 generace modelu Passat. V\u00a0roce 2024 se sem znovu vrac\u00edme v pln\u00e9 s\u00edle v\u00a0zastoupen\u00ed t\u0159\u00ed siln\u00fdch zna\u010dek: Volkswagen , Volkswagen U\u017eitkov\u00e9 vozy a Volkswagen Financial Services,\u201c \u0159\u00edk\u00e1 Jakub \u0160ebesta, \u0159editel divize Volkswagen\u00a0\u00a0spole\u010dnosti Porsche \u010cesk\u00e1 republika, a dod\u00e1v\u00e1:<\/p>\n<p>\u201eTehdy to byl Passat, dnes to je op\u011bt Passat, tentokr\u00e1t \u00fapln\u011b nov\u00e1 9. generace, a s n\u00edm nav\u00edc i dlouh\u00e1 \u0159ada dal\u0161\u00edch nov\u00fdch model\u016f, kter\u00e9 po v\u0161ech str\u00e1nk\u00e1ch napl\u0148uj\u00ed definici bestselleru \u2013 skv\u011bl\u00fdm p\u0159\u00edkladem je modernizovan\u00fd Golf, s n\u00edm\u017e letos slav\u00edme pades\u00e1tiny tohoto symbolu \u0161iroce dostupn\u00e9 individu\u00e1ln\u00ed mobility.\u201c<\/p>\n<p><img loading=\"lazy\" decoding=\"async\" class=\"alignnone size-medium wp-image-3386\" src=\"http:\/\/www.automakers.cz\/wp-content\/uploads\/2024\/04\/VW-Buzz-Golf-900x600.jpg\" alt=\"\" width=\"900\" height=\"600\" \/><strong>Ikona VW Golf<\/strong><\/p>\n<p>Volkswagen Golf je ji\u017e p\u011bt desetilet\u00ed automobilovou ikonou, kter\u00e1 nem\u00e1 na cel\u00e9m sv\u011bt\u011b obdoby. Dokazuje to i modernizovan\u00e1 verze aktu\u00e1ln\u00ed osm\u00e9 generace, kter\u00e1 m\u00e1 v\u0161echny p\u0159edpoklady, aby pokra\u010dovala v\u00a0prodejn\u00edch \u00fasp\u011b\u0161\u00edch sv\u00fdch p\u0159edch\u016fdc\u016f, jich\u017e se od roku 1974 prodalo ji\u017e v\u00edce ne\u017e 37 milion\u016f exempl\u00e1\u0159\u016f.<\/p>\n<p><img loading=\"lazy\" decoding=\"async\" class=\"alignnone size-medium wp-image-3391\" src=\"http:\/\/www.automakers.cz\/wp-content\/uploads\/2024\/04\/VW-Big-Night-Golf-cerveny-900x600.jpg\" alt=\"\" width=\"900\" height=\"600\" srcset=\"https:\/\/www.automakers.cz\/wp-content\/uploads\/2024\/04\/VW-Big-Night-Golf-cerveny-900x600.jpg 900w, https:\/\/www.automakers.cz\/wp-content\/uploads\/2024\/04\/VW-Big-Night-Golf-cerveny-1024x683.jpg 1024w, https:\/\/www.automakers.cz\/wp-content\/uploads\/2024\/04\/VW-Big-Night-Golf-cerveny-768x512.jpg 768w, https:\/\/www.automakers.cz\/wp-content\/uploads\/2024\/04\/VW-Big-Night-Golf-cerveny-1536x1024.jpg 1536w, https:\/\/www.automakers.cz\/wp-content\/uploads\/2024\/04\/VW-Big-Night-Golf-cerveny.jpg 2048w\" sizes=\"auto, (max-width: 900px) 100vw, 900px\" \/>Dal\u0161\u00edmi pil\u00ed\u0159i obnoven\u00e9ho produktov\u00e9ho portfolia zna\u010dky Volkswagen jsou nov\u00e9 generace model\u016f Passat a Tiguan, kter\u00e9 krom\u011b osv\u011bd\u010den\u00fdch siln\u00fdch str\u00e1nek p\u0159in\u00e1\u0161ej\u00ed do sv\u00fdch segment\u016f pokrokov\u00e9 technologie a na prvn\u00ed pohled zaujmou p\u016fsobiv\u00fdm designem.<\/p>\n<p>\u201eVolkswagen je s F\u00f3rem Karl\u00edn \u00fazce spjat\u00fd \u2013 pr\u00e1v\u011b tady, jen kr\u00e1tce po otev\u0159en\u00ed t\u011bchto kr\u00e1sn\u00fdch prostor, se p\u0159ed necel\u00fdmi 10 lety konala \u010desk\u00e1 premi\u00e9ra osm\u00e9 generace modelu Passat. V\u00a0roce 2024 se sem znovu vrac\u00edme v pln\u00e9 s\u00edle v\u00a0zastoupen\u00ed t\u0159\u00ed siln\u00fdch zna\u010dek: Volkswagen , Volkswagen U\u017eitkov\u00e9 vozy a Volkswagen Financial Services,\u201c \u0159\u00edk\u00e1 Jakub \u0160ebesta, \u0159editel divize Volkswagen\u00a0\u00a0spole\u010dnosti Porsche \u010cesk\u00e1 republika, a dod\u00e1v\u00e1: \u201eTehdy to byl Passat, dnes to je op\u011bt Passat, tentokr\u00e1t \u00fapln\u011b nov\u00e1 9. generace, a s n\u00edm nav\u00edc i dlouh\u00e1 \u0159ada dal\u0161\u00edch nov\u00fdch model\u016f, kter\u00e9 po v\u0161ech str\u00e1nk\u00e1ch napl\u0148uj\u00ed definici bestselleru \u2013 skv\u011bl\u00fdm p\u0159\u00edkladem je modernizovan\u00fd Golf, s n\u00edm\u017e letos slav\u00edme pades\u00e1tiny tohoto symbolu \u0161iroce dostupn\u00e9 individu\u00e1ln\u00ed mobility.\u201c<\/p>\n<p>Volkswagen Golf je ji\u017e p\u011bt desetilet\u00ed automobilovou ikonou, kter\u00e1 nem\u00e1 na cel\u00e9m sv\u011bt\u011b obdoby. Dokazuje to i modernizovan\u00e1 verze aktu\u00e1ln\u00ed osm\u00e9 generace, kter\u00e1 m\u00e1 v\u0161echny p\u0159edpoklady, aby pokra\u010dovala v\u00a0prodejn\u00edch \u00fasp\u011b\u0161\u00edch sv\u00fdch p\u0159edch\u016fdc\u016f, jich\u017e se od roku 1974 prodalo ji\u017e v\u00edce ne\u017e 37 milion\u016f exempl\u00e1\u0159\u016f.<\/p>\n<p>Dal\u0161\u00edmi pil\u00ed\u0159i obnoven\u00e9ho produktov\u00e9ho portfolia zna\u010dky Volkswagen jsou nov\u00e9 generace model\u016f Passat a Tiguan, kter\u00e9 krom\u011b osv\u011bd\u010den\u00fdch siln\u00fdch str\u00e1nek p\u0159in\u00e1\u0161ej\u00ed do sv\u00fdch segment\u016f pokrokov\u00e9 technologie a na prvn\u00ed pohled zaujmou p\u016fsobiv\u00fdm designem.<\/p>\n<p>\u201eZna\u010dka Volkswagen U\u017eitkov\u00e9 vozy si pro tento v\u00fdznamn\u00fd ve\u010der p\u0159ipravila etablovan\u00e9 modely Amarok ve vrcholn\u00e9 v\u00fdbavov\u00e9 linii Aventura a kempovac\u00ed Grand Californii. N\u00e1v\u0161t\u011bvn\u00edci ale p\u0159edev\u0161\u00edm ocenili \u010deskou v\u00fdstavn\u00ed premi\u00e9ru vozu ID. Buzz Long,\u201c \u0159\u00edk\u00e1 Mirka Cimrov\u00e1, \u0159editelka divize Volkswagen U\u017eitkov\u00e9 vozy spole\u010dnosti Porsche \u010cesk\u00e1 republika. \u201e<\/p>\n<p>Pln\u011b elektrick\u00fd ID. Buzz Long je prodlou\u017eenou karos\u00e1\u0159skou verz\u00ed ikonick\u00e9ho modelu ID. Buzz, kter\u00e1 p\u0159in\u00e1\u0161\u00ed do sv\u011bta elektromobility \u0159adu v\u00fdznamn\u00fdch inovac\u00ed od head-up displeje p\u0159es zdokonalen\u00fd informa\u010dn\u00ed a z\u00e1bavn\u00ed syst\u00e9m nov\u00e9 generace a d\u00e1lkov\u011b ovl\u00e1dan\u00e9 zaparkov\u00e1n\u00ed vozu prost\u0159ednictv\u00edm chytr\u00e9ho telefonu a\u017e po nov\u00fd v\u00fdkonn\u011bj\u0161\u00ed elektrick\u00fd pohon.<\/p>\n<p><img loading=\"lazy\" decoding=\"async\" class=\"alignnone size-medium wp-image-3387\" src=\"http:\/\/www.automakers.cz\/wp-content\/uploads\/2024\/04\/VW-Big-Night-900x600.jpg\" alt=\"\" width=\"900\" height=\"600\" \/><strong>Bl\u00fdskla se i Volkswagen Financial Services<\/strong><\/p>\n<p>Spole\u010dnost Volkswagen Financial Services prezentoval na ve\u010deru Volkswagen BIG NIGHT 2024 jej\u00ed jednatel Vratislav Stra\u0161il: \u201eVolkswagen Financial Services je l\u00eddrem ve financov\u00e1n\u00ed mobility na \u010desk\u00e9m trhu u\u017e v\u00edce ne\u017e 30 let a na evropsk\u00e9m dokonce u\u017e 75 rok\u016f! Nab\u00edz\u00edme \u00fav\u011brov\u00e9 produkty, operativn\u00ed leasing, poji\u0161t\u011bn\u00ed, servis a dal\u0161\u00ed slu\u017eby mobility soukrom\u00fdm osob\u00e1m, podnikatel\u016fm i firm\u00e1m. V posledn\u00ed dob\u011b se hodn\u011b v\u011bnujeme rozvoji elektromobility, v\u010detn\u011b zaji\u0161\u0165ov\u00e1n\u00ed aktu\u00e1ln\u00edch dotac\u00ed pro na\u0161e klienty.\u201c<\/p>\n<p>Spole\u010dnost Volkswagen Financial Services (VWFS) p\u0159edstavila na akci Volkswagen BIG NIGHT 2024 sv\u00e9 kompletn\u00ed portfolio\u00a0\u00a0produkt\u016f v\u010detn\u011b aktu\u00e1ln\u00edch ak\u010dn\u00edch nab\u00eddek, jim\u017e v\u00e9vod\u00ed zcela unik\u00e1tn\u00ed 0% \u00farok na v\u0161echny osobn\u00ed vozy Volkswagen. Velk\u00e9mu z\u00e1jmu klient\u016f se t\u011b\u0161\u00ed tak\u00e9 servisn\u00ed bal\u00ed\u010dky a nov\u011b i za\u0159\u00edzen\u00ed dotace. Krom\u011b vy\u0159\u00edzen\u00ed \u017e\u00e1dosti o dotace a nulov\u00e9ho \u00faroku nab\u00edz\u00ed Volkswagen Financial Services tak\u00e9 bezplatn\u00fd servis po dobu 5 let nebo do ujet\u00ed 150 000 km. Dal\u0161\u00edm bonusem pro z\u00e1kazn\u00edky je nab\u00edjec\u00ed karta Chargee, na kterou Volkswagen Financial Services poskytuje nav\u00edc 3 % slevu na ve\u0159ejn\u00e9 nab\u00edjen\u00ed.<\/p>\n<p>Spole\u010dnost Volkswagen Financial Services se postarala tak\u00e9 o charitativn\u00ed \u010d\u00e1st programu ve\u010dera Volkswagen BIG NIGHT 2024 v\u011bnovanou podpo\u0159e Centra Paraple. Poskytovatel finan\u010dn\u00edch a dal\u0161\u00edch s produkt\u016f nav\u00e1zal partnerstv\u00ed s\u00a0Centrem Paraple ji\u017e p\u0159ed t\u00e9m\u011b\u0159 t\u0159iceti lety, tehdy je\u0161t\u011b pod n\u00e1zvem \u0160koFIN. Volkswagen Financial Services je tak v sou\u010dasnosti nejd\u00e9le p\u0159isp\u00edvaj\u00edc\u00ed firmou od zalo\u017een\u00ed Centra, jeho\u017e z\u00e1stupci p\u0159evzali na ve\u010deru Volkswagen BIG NIGHT 2024 z\u00a0rukou jednatel\u016f Vratislava Stra\u0161ila a Nataliye Bauhuber \u0161ek na \u010d\u00e1stku\u00a0\u00a0400\u00a0000 K\u010d, charitativn\u00ed tombola vynesla 192\u00a0000 K\u010d, kone\u010dn\u00e1 \u010d\u00e1stka tedy byla 592 000 K\u010d. Krom\u011b finan\u010dn\u00edch p\u0159\u00edsp\u011bvk\u016f se do podpory Centra Paraple zapojuj\u00ed spole\u010dn\u00fdmi dobro\u010dinn\u00fdmi aktivitami tak\u00e9 zam\u011bstnanci spole\u010dnosti VWFS.<\/p>\n<p><img loading=\"lazy\" decoding=\"async\" class=\"alignnone size-medium wp-image-3388\" src=\"http:\/\/www.automakers.cz\/wp-content\/uploads\/2024\/04\/VW-Big-Night-Boucek-900x600.jpg\" alt=\"\" width=\"900\" height=\"600\" \/><strong>Karl\u00ednsk\u00fd slet celebrit<\/strong><\/p>\n<p>Ve\u010derem Volkswagen BIG NIGHT 2024 prov\u00e1zel moder\u00e1tor Libor Bou\u010dek a o hudebn\u00ed doprovod v\u00a0\u00favodu akce se postarali Tamara a Tom\u00e1\u0161 Klusovi. Hlavn\u00ed hudebn\u00ed hv\u011bzdou ve\u010dera byla kapela Mig 21 s\u00a0frontmanem, showmanem, spole\u010densk\u00fdm samot\u00e1\u0159em, zp\u00edvaj\u00edc\u00edm hercem a hraj\u00edc\u00edm zp\u011bv\u00e1kem Ji\u0159\u00edm Mach\u00e1\u010dkem.<\/p>\n<p><img loading=\"lazy\" decoding=\"async\" class=\"alignnone size-medium wp-image-3394\" src=\"http:\/\/www.automakers.cz\/wp-content\/uploads\/2024\/04\/VW-Big-Night-Machacek-900x675.jpg\" alt=\"\" width=\"900\" height=\"675\" srcset=\"https:\/\/www.automakers.cz\/wp-content\/uploads\/2024\/04\/VW-Big-Night-Machacek-900x675.jpg 900w, https:\/\/www.automakers.cz\/wp-content\/uploads\/2024\/04\/VW-Big-Night-Machacek-1024x768.jpg 1024w, https:\/\/www.automakers.cz\/wp-content\/uploads\/2024\/04\/VW-Big-Night-Machacek-768x576.jpg 768w, https:\/\/www.automakers.cz\/wp-content\/uploads\/2024\/04\/VW-Big-Night-Machacek-1536x1152.jpg 1536w, https:\/\/www.automakers.cz\/wp-content\/uploads\/2024\/04\/VW-Big-Night-Machacek.jpg 2040w\" sizes=\"auto, (max-width: 900px) 100vw, 900px\" \/>Mezi \u00fa\u010dastn\u00edky nechyb\u011bly osobnosti \u010desk\u00e9ho ve\u0159ejn\u00e9ho \u017eivota, \u00fazce spjat\u00e9 se zna\u010dkami Volkswagen a Volkswagen U\u017eitkov\u00e9 vozy, jak\u00fdmi jsou Petr \u010cech, Tamara a Tom\u00e1\u0161 Klusovi, Vav\u0159inec Hradilek, Luk\u00e1\u0161 Hejl\u00edk nebo Luk\u00e1\u0161 Krp\u00e1lek.<\/p>\n<p><strong>Zdroj: TZ VW a Erich Handl, Karl\u00edn<\/strong><\/p>\n<p>&nbsp;<\/p>\n","protected":false},"excerpt":{"rendered":"<p>Velkolep\u00fdm ve\u010derem Volkswagen BIG NIGHT 2024 v pra\u017esk\u00e9m F\u00f3ru Karl\u00edn zah\u00e1jily zna\u010dky Volkswagen, VW U\u017eitkov\u00e9&#8230;<\/p>\n","protected":false},"author":1,"featured_media":3393,"comment_status":"closed","ping_status":"closed","sticky":false,"template":"","format":"standard","meta":{"footnotes":""},"categories":[56,26,11],"tags":[],"class_list":["post-3383","post","type-post","status-publish","format-standard","has-post-thumbnail","hentry","category-celebrity","category-eventy","category-importeri"],"_links":{"self":[{"href":"https:\/\/www.automakers.cz\/index.php?rest_route=\/wp\/v2\/posts\/3383","targetHints":{"allow":["GET"]}}],"collection":[{"href":"https:\/\/www.automakers.cz\/index.php?rest_route=\/wp\/v2\/posts"}],"about":[{"href":"https:\/\/www.automakers.cz\/index.php?rest_route=\/wp\/v2\/types\/post"}],"author":[{"embeddable":true,"href":"https:\/\/www.automakers.cz\/index.php?rest_route=\/wp\/v2\/users\/1"}],"replies":[{"embeddable":true,"href":"https:\/\/www.automakers.cz\/index.php?rest_route=%2Fwp%2Fv2%2Fcomments&post=3383"}],"version-history":[{"count":7,"href":"https:\/\/www.automakers.cz\/index.php?rest_route=\/wp\/v2\/posts\/3383\/revisions"}],"predecessor-version":[{"id":3398,"href":"https:\/\/www.automakers.cz\/index.php?rest_route=\/wp\/v2\/posts\/3383\/revisions\/3398"}],"wp:featuredmedia":[{"embeddable":true,"href":"https:\/\/www.automakers.cz\/index.php?rest_route=\/wp\/v2\/media\/3393"}],"wp:attachment":[{"href":"https:\/\/www.automakers.cz\/index.php?rest_route=%2Fwp%2Fv2%2Fmedia&parent=3383"}],"wp:term":[{"taxonomy":"category","embeddable":true,"href":"https:\/\/www.automakers.cz\/index.php?rest_route=%2Fwp%2Fv2%2Fcategories&post=3383"},{"taxonomy":"post_tag","embeddable":true,"href":"https:\/\/www.automakers.cz\/index.php?rest_route=%2Fwp%2Fv2%2Ftags&post=3383"}],"curies":[{"name":"wp","href":"https:\/\/api.w.org\/{rel}","templated":true}]}}