{"id":34,"date":"2023-11-08T00:16:13","date_gmt":"2023-11-08T00:16:13","guid":{"rendered":"https:\/\/www.automakers.cz\/?p=34"},"modified":"2023-11-08T09:42:08","modified_gmt":"2023-11-08T09:42:08","slug":"e-salon-mitsubishi-ukaze-novy-colt","status":"publish","type":"post","link":"https:\/\/www.automakers.cz\/?p=34","title":{"rendered":"e-Salon: Mitsubishi uk\u00e1\u017ee nov\u00fd Colt"},"content":{"rendered":"<p><strong>Zna\u010dka MITSUBISHI uk\u00e1\u017ee novinky pro rok 2024 na E-SALONu , kter\u00fd se bude konat v\u00a0Let\u0148anech od 9. do 12. listopadu.<\/strong><span id=\"more-108105\"><\/span><!--more--><\/p>\n<p>\u201cV\u00fdstava E-salon je vrcholem sez\u00f3ny a pro n\u00e1s v\u00a0naprosto ide\u00e1ln\u00edm term\u00ednu, proto\u017ee zanedlouho budeme uv\u00e1d\u011bt hlavn\u00ed novinky pro rok 2024. Rozhodli jsme se tedy p\u0159edstavit hned n\u011bkolik model\u016f Mitsubishi\u201d, \u0159\u00edk\u00e1 Vladim\u00edr Hejna, obchodn\u00ed \u0159editel M Motors CZ\/SK.<\/p>\n<p><strong><u>NOV\u00dd COLT 7. generace<\/u><\/strong><\/p>\n<p>Zcela nov\u00fd Colt se za\u0159ad\u00ed vedle modelu Space Star, ned\u00e1vno ozn\u00e1men\u00e9ho nov\u00e9ho ASX a plug-in hybridn\u00edho Eclipse Cross PHEV, a v\u00fdrazn\u011b tak roz\u0161\u00ed\u0159\u00ed pokryt\u00ed kl\u00ed\u010dov\u00fdch segment\u016f evropsk\u00e9ho trhu v r\u00e1mci zna\u010dky Mitsubishi. Nov\u00e1 modelov\u00e1 nab\u00eddka osobn\u00edch voz\u016f tak bude od roku 2024 zahrnovat hatchbacky a modely SUV, v\u010detn\u011b elektrifikovan\u00fdch pohon\u016f.<\/p>\n<p>\u201cPro n\u00e1v\u0161t\u011bvn\u00edky i pro komunikaci na\u0161\u00ed zna\u010dky to m\u00e1 z\u00e1sadn\u00ed v\u00fdznam, proto\u017ee se jedn\u00e1 o region\u00e1ln\u00ed premi\u00e9ru a my tak de facto zahajujeme propagaci tohoto modelu a poprv\u00e9 tedy ofici\u00e1ln\u011b oznamujeme jeho p\u0159\u00edchod na \u010desk\u00fd a slovensk\u00fd trh\u201c, dod\u00e1v\u00e1 Hejna.<\/p>\n","protected":false},"excerpt":{"rendered":"<p>Zna\u010dka MITSUBISHI uk\u00e1\u017ee novinky pro rok 2024 na E-SALONu , kter\u00fd se bude konat v\u00a0Let\u0148anech&#8230;<\/p>\n","protected":false},"author":1,"featured_media":35,"comment_status":"open","ping_status":"open","sticky":false,"template":"","format":"standard","meta":{"footnotes":""},"categories":[9,8],"tags":[],"class_list":["post-34","post","type-post","status-publish","format-standard","has-post-thumbnail","hentry","category-elektromobily","category-vystavy"],"_links":{"self":[{"href":"https:\/\/www.automakers.cz\/index.php?rest_route=\/wp\/v2\/posts\/34","targetHints":{"allow":["GET"]}}],"collection":[{"href":"https:\/\/www.automakers.cz\/index.php?rest_route=\/wp\/v2\/posts"}],"about":[{"href":"https:\/\/www.automakers.cz\/index.php?rest_route=\/wp\/v2\/types\/post"}],"author":[{"embeddable":true,"href":"https:\/\/www.automakers.cz\/index.php?rest_route=\/wp\/v2\/users\/1"}],"replies":[{"embeddable":true,"href":"https:\/\/www.automakers.cz\/index.php?rest_route=%2Fwp%2Fv2%2Fcomments&post=34"}],"version-history":[{"count":1,"href":"https:\/\/www.automakers.cz\/index.php?rest_route=\/wp\/v2\/posts\/34\/revisions"}],"predecessor-version":[{"id":36,"href":"https:\/\/www.automakers.cz\/index.php?rest_route=\/wp\/v2\/posts\/34\/revisions\/36"}],"wp:featuredmedia":[{"embeddable":true,"href":"https:\/\/www.automakers.cz\/index.php?rest_route=\/wp\/v2\/media\/35"}],"wp:attachment":[{"href":"https:\/\/www.automakers.cz\/index.php?rest_route=%2Fwp%2Fv2%2Fmedia&parent=34"}],"wp:term":[{"taxonomy":"category","embeddable":true,"href":"https:\/\/www.automakers.cz\/index.php?rest_route=%2Fwp%2Fv2%2Fcategories&post=34"},{"taxonomy":"post_tag","embeddable":true,"href":"https:\/\/www.automakers.cz\/index.php?rest_route=%2Fwp%2Fv2%2Ftags&post=34"}],"curies":[{"name":"wp","href":"https:\/\/api.w.org\/{rel}","templated":true}]}}