{"id":3408,"date":"2024-04-15T07:13:37","date_gmt":"2024-04-15T07:13:37","guid":{"rendered":"https:\/\/www.automakers.cz\/?p=3408"},"modified":"2024-04-15T07:13:37","modified_gmt":"2024-04-15T07:13:37","slug":"tydenik-5plus2-po-12-letech-konci","status":"publish","type":"post","link":"https:\/\/www.automakers.cz\/?p=3408","title":{"rendered":"T\u00fdden\u00edk 5plus2 po 12 letech kon\u010d\u00ed"},"content":{"rendered":"<p><strong>Bezplatn\u00fd zpravodajsk\u00fd t\u00fdden\u00edk\u00a0<em>5plus2<\/em> dnes vy\u0161el naposledy. Dosavadn\u00ed \u010dten\u00e1\u0159e 5plus2 te\u010f p\u0159esm\u011brov\u00e1v\u00e1 na krajsk\u00e1 zpravodajstv\u00ed den\u00edku\u00a0<em>MF Dnes<\/em>, webu\u00a0<em>iDnes.cz<\/em>\u00a0a\u00a0den\u00edku\u00a0<em>Metro<\/em>, sv\u00e9ho dal\u0161\u00edho bezplatn\u00e9ho titulu.<\/strong><!--more--><\/p>\n<p>\u201eSou\u010dasn\u00e1 ekonomick\u00e1 situace, v\u010detn\u011b cen energi\u00ed a\u00a0pap\u00edru, bohu\u017eel nedala vydavatelstv\u00ed Mafra jinou mo\u017enost,\u201c sd\u011bluje\u00a0<a href=\"https:\/\/www.5plus2.cz\/?e=XA-PRAHA&amp;d=12.04.2024#strana=1\">v\u00a0\u00favodn\u00edku dne\u0161n\u00edho vyd\u00e1n\u00ed<\/a>\u00a0\u0161\u00e9fredaktor\u00a0<strong>Petr \u0160karda<\/strong>, kter\u00fd noviny \u0159\u00eddil od z\u00e1\u0159\u00ed 2014. Mafra u\u017e p\u0159ed t\u00fddnem\u00a0<a href=\"https:\/\/www.mediar.cz\/mafra-uz-nebude-vydavat-gratis-tydenik-5plus2\/\">ozn\u00e1mila<\/a>, \u017ee \u201ev r\u00e1mci strategick\u00e9ho \u0159\u00edzen\u00ed sv\u00e9ho produktov\u00e9ho portfolia rozhodla o\u00a0ukon\u010den\u00ed vyd\u00e1v\u00e1n\u00ed t\u00fdden\u00edku\u201c. P\u0159edt\u00edm jednala o\u00a0prodeji t\u00fdden\u00edku medi\u00e1ln\u00ed skupin\u011b\u00a0<em><strong>A\u00a011<\/strong><\/em>, ale zjevn\u011b ne\u00fasp\u011b\u0161n\u011b.<\/p>\n<p>T\u00fdden\u00edk 5plus2 byl na trhu 12 let, od b\u0159ezna 2012. Zdarma rozd\u00e1van\u00fd t\u00fdden\u00edk za\u010dal pod n\u00e1zvem 5+2 dny vych\u00e1zet ve spole\u010dnosti\u00a0<em><strong>AGF Media<\/strong><\/em>, kter\u00e1 spadala pod koncern\u00a0<em><strong>Agrofert<\/strong><\/em>\u00a0<strong>Andreje Babi\u0161e<\/strong>. Zakl\u00e1daj\u00edc\u00edm \u0159editelem projektu byl\u00a0<strong>Vladim\u00edr Junger<\/strong>, kter\u00fd kdysi \u0159\u00eddil z\u00e1pado\u010deskou divizi region\u00e1ln\u00edch den\u00edk\u016f\u00a0<em><strong>Vltava-Labe-Press<\/strong><\/em>\u00a0(dnes\u00a0<em><strong>Vltava Labe Media<\/strong><\/em>) a\u00a0pot\u00e9 vydavatelstv\u00ed bulv\u00e1rn\u00edho den\u00edku\u00a0<em><strong>Impuls<\/strong><\/em>.<\/p>\n<p>Titul odstartoval ve stotis\u00edcov\u00e9m n\u00e1kladu celkem v\u00a0deseti okresech pr\u00e1v\u011b v\u00a0z\u00e1padn\u00edch \u010cech\u00e1ch, kde se\u00a0<a href=\"https:\/\/www.mediar.cz\/babis-na-zapade-cech-odstartoval-vydavani-regionalniho-tydeniku-52-dny\/\">zdarma rozd\u00e1val s\u00a0pi\u0161ingrem<\/a>\u00a0z\u00a0Babi\u0161ov\u00fdch pek\u00e1ren\u00a0<em><strong>Penam<\/strong><\/em>.<\/p>\n<p>C\u00edlem bylo obsadit ka\u017ed\u00fd okres \u010ceska jednou mutac\u00ed. \u010ctvrt roku po startu m\u011bl nov\u00fd t\u00fdden\u00edk 77 mutac\u00ed, pracovalo na n\u011bm 160 novin\u00e1\u0159\u016f a\u00a0tiskl se v\u00a0milionov\u00e9m n\u00e1kladu. T\u00edm se AGF za\u0159adila mezi nejv\u011bt\u0161\u00ed tuzemsk\u00e9 vydavatele. V\u00a0\u010dervnu 2013 Babi\u0161\u016fv Agrofert\u00a0<a href=\"https:\/\/www.mediar.cz\/andrej-babis-kupuje-mafru-vydavatele-mf-dnes-lidovych-novin-a-metra\/\">koupil<\/a>\u00a0medi\u00e1ln\u00ed d\u016fm Mafra, na podzim t\u00e9ho\u017e roku byl Babi\u0161 poprv\u00e9 zvolen poslancem a\u00a0vz\u00e1p\u011bt\u00ed se stal vicepremi\u00e9rem a\u00a0ministrem financ\u00ed.<\/p>\n<p><strong>Zdroj: mediar.cz<\/strong><\/p>\n","protected":false},"excerpt":{"rendered":"<p>Bezplatn\u00fd zpravodajsk\u00fd t\u00fdden\u00edk\u00a05plus2 dnes vy\u0161el naposledy. Dosavadn\u00ed \u010dten\u00e1\u0159e 5plus2 te\u010f p\u0159esm\u011brov\u00e1v\u00e1 na krajsk\u00e1 zpravodajstv\u00ed den\u00edku\u00a0MF&#8230;<\/p>\n","protected":false},"author":1,"featured_media":3410,"comment_status":"closed","ping_status":"closed","sticky":false,"template":"","format":"standard","meta":{"footnotes":""},"categories":[49],"tags":[],"class_list":["post-3408","post","type-post","status-publish","format-standard","has-post-thumbnail","hentry","category-media"],"_links":{"self":[{"href":"https:\/\/www.automakers.cz\/index.php?rest_route=\/wp\/v2\/posts\/3408","targetHints":{"allow":["GET"]}}],"collection":[{"href":"https:\/\/www.automakers.cz\/index.php?rest_route=\/wp\/v2\/posts"}],"about":[{"href":"https:\/\/www.automakers.cz\/index.php?rest_route=\/wp\/v2\/types\/post"}],"author":[{"embeddable":true,"href":"https:\/\/www.automakers.cz\/index.php?rest_route=\/wp\/v2\/users\/1"}],"replies":[{"embeddable":true,"href":"https:\/\/www.automakers.cz\/index.php?rest_route=%2Fwp%2Fv2%2Fcomments&post=3408"}],"version-history":[{"count":2,"href":"https:\/\/www.automakers.cz\/index.php?rest_route=\/wp\/v2\/posts\/3408\/revisions"}],"predecessor-version":[{"id":3411,"href":"https:\/\/www.automakers.cz\/index.php?rest_route=\/wp\/v2\/posts\/3408\/revisions\/3411"}],"wp:featuredmedia":[{"embeddable":true,"href":"https:\/\/www.automakers.cz\/index.php?rest_route=\/wp\/v2\/media\/3410"}],"wp:attachment":[{"href":"https:\/\/www.automakers.cz\/index.php?rest_route=%2Fwp%2Fv2%2Fmedia&parent=3408"}],"wp:term":[{"taxonomy":"category","embeddable":true,"href":"https:\/\/www.automakers.cz\/index.php?rest_route=%2Fwp%2Fv2%2Fcategories&post=3408"},{"taxonomy":"post_tag","embeddable":true,"href":"https:\/\/www.automakers.cz\/index.php?rest_route=%2Fwp%2Fv2%2Ftags&post=3408"}],"curies":[{"name":"wp","href":"https:\/\/api.w.org\/{rel}","templated":true}]}}