{"id":3456,"date":"2024-04-16T07:58:19","date_gmt":"2024-04-16T07:58:19","guid":{"rendered":"https:\/\/www.automakers.cz\/?p=3456"},"modified":"2024-04-16T08:02:09","modified_gmt":"2024-04-16T08:02:09","slug":"alfa-romeo-prejmenovala-model-milano","status":"publish","type":"post","link":"https:\/\/www.automakers.cz\/?p=3456","title":{"rendered":"Alfa Romeo p\u0159ejmenovala model Milano"},"content":{"rendered":"<p class=\"c_aY g_gj speakable\" data-dot=\"ogm-article-perex\"><strong>Italsk\u00e1 Alfa Romeo jen t\u00fdden po premi\u00e9\u0159e rozhodla o p\u0159ejmenov\u00e1n\u00ed mal\u00e9ho crossoveru Milano na Junior. Ustoupila tak tlaku italsk\u00e9 vl\u00e1dy v \u010dele s ministrem ekonomick\u00e9ho rozvoje Adolfem Ursem. Auto pojmenovan\u00e9 po Mil\u00e1nu se pr\u00fd nem\u016f\u017ee vyr\u00e1b\u011bt v Polsku.<br \/>\n<!--more--><\/strong><\/p>\n<div class=\"ogm-container _6231b388c0086990921bf42b\">\n<div class=\"g_gq\" data-e2e=\"ogm-article-layout\">\n<article class=\"g_gs\" role=\"article\" aria-labelledby=\"accessibility-article\">\n<div class=\"g_gr\" data-dot=\"ogm-article-content\">\n<div class=\"e_dZ e_d9\">\n<div class=\"e_aY speakable\" data-dot=\"mol-paragraph\">\n<p>Novinka se m\u00e1 vyr\u00e1b\u011bt v\u00a0polsk\u00fdch Tych\u00e1ch, jako jedin\u00e1 alfa mimo It\u00e1lii. \u201eAuto pojmenovan\u00e9 Milano se nem\u016f\u017ee vyr\u00e1b\u011bt v\u00a0Polsku,\u201c \u0159ekl Urso minul\u00fd t\u00fdden pro\u00a0<a class=\"c_am\" href=\"https:\/\/europe.autonews.com\/automakers\/alfa-milanos-polish-production-angers-italian-politicians\" target=\"_blank\" rel=\"noopener\">Automotive News<\/a>\u00a0s\u00a0odkazem na z\u00e1kon proti produkt\u016fm, kter\u00e9 maj\u00ed italsky zn\u011bj\u00edc\u00ed jm\u00e9na, ale nejsou ve skute\u010dnosti italsk\u00e9.<\/p>\n<p class=\"c_aY\"><span class=\"c_em\">\u201eTento z\u00e1kon uv\u00e1d\u00ed, \u017ee nelze d\u00e1vat indicie, kter\u00e9 budou pl\u00e9st spot\u0159ebitele. Tak\u017ee auto pojmenovan\u00e9 Milano se mus\u00ed vyr\u00e1b\u011bt v\u00a0It\u00e1lii. Jinak je to zav\u00e1d\u011bj\u00edc\u00ed, a\u00a0to je zak\u00e1zan\u00e9,\u201c dodal.<\/span><\/p>\n<\/div>\n<div class=\"e_aY speakable\" data-dot=\"mol-paragraph\">\n<p class=\"c_aY\"><span class=\"c_em\">P\u016fvodn\u011b se zpr\u00e1va \u0161\u00ed\u0159ila jako pouh\u00fd spor, ov\u0161em automobilka p\u0159ekvapiv\u011b rychle reaguje a\u00a0n\u00e1zev Milano ji\u017e pro tento v\u016fz nebude pou\u017e\u00edvat.<\/span><\/p>\n<p><img loading=\"lazy\" decoding=\"async\" class=\"alignnone size-medium wp-image-3463\" src=\"http:\/\/www.automakers.cz\/wp-content\/uploads\/2024\/04\/Alfa-Romeo-Milano-zadek-900x564.webp\" alt=\"\" width=\"900\" height=\"564\" srcset=\"https:\/\/www.automakers.cz\/wp-content\/uploads\/2024\/04\/Alfa-Romeo-Milano-zadek-900x564.webp 900w, https:\/\/www.automakers.cz\/wp-content\/uploads\/2024\/04\/Alfa-Romeo-Milano-zadek-1024x642.webp 1024w, https:\/\/www.automakers.cz\/wp-content\/uploads\/2024\/04\/Alfa-Romeo-Milano-zadek-768x481.webp 768w, https:\/\/www.automakers.cz\/wp-content\/uploads\/2024\/04\/Alfa-Romeo-Milano-zadek.webp 1200w\" sizes=\"auto, (max-width: 900px) 100vw, 900px\" \/><span class=\"c_em\">\u201eP\u0159esto\u017ee Alfa Romeo v\u011b\u0159\u00ed, \u017ee n\u00e1zev spl\u0148uje v\u0161echny z\u00e1konn\u00e9 po\u017eadavky a \u017ee existuj\u00ed z\u00e1le\u017eitosti mnohem d\u016fle\u017eit\u011bj\u0161\u00ed ne\u017e n\u00e1zev nov\u00e9ho vozu, rozhodla se Alfa Romeo zm\u011bnit jej z Milano na Alfa Romeo Junior v duchu podpory vz\u00e1jemn\u00fdch vztah\u016f,\u201c stoj\u00ed v tiskov\u00e9m prohl\u00e1\u0161en\u00ed automobilky.<\/span><\/p>\n<\/div>\n<div class=\"e_aY speakable\" data-dot=\"mol-paragraph\">\n<p><strong>Zdroj: novinky.cz<\/strong><\/p>\n<\/div>\n<\/div>\n<\/div>\n<\/article>\n<\/div>\n<\/div>\n","protected":false},"excerpt":{"rendered":"<p>Italsk\u00e1 Alfa Romeo jen t\u00fdden po premi\u00e9\u0159e rozhodla o p\u0159ejmenov\u00e1n\u00ed mal\u00e9ho crossoveru Milano na Junior&#8230;.<\/p>\n","protected":false},"author":1,"featured_media":3458,"comment_status":"closed","ping_status":"closed","sticky":false,"template":"","format":"standard","meta":{"footnotes":""},"categories":[31],"tags":[],"class_list":["post-3456","post","type-post","status-publish","format-standard","has-post-thumbnail","hentry","category-news"],"_links":{"self":[{"href":"https:\/\/www.automakers.cz\/index.php?rest_route=\/wp\/v2\/posts\/3456","targetHints":{"allow":["GET"]}}],"collection":[{"href":"https:\/\/www.automakers.cz\/index.php?rest_route=\/wp\/v2\/posts"}],"about":[{"href":"https:\/\/www.automakers.cz\/index.php?rest_route=\/wp\/v2\/types\/post"}],"author":[{"embeddable":true,"href":"https:\/\/www.automakers.cz\/index.php?rest_route=\/wp\/v2\/users\/1"}],"replies":[{"embeddable":true,"href":"https:\/\/www.automakers.cz\/index.php?rest_route=%2Fwp%2Fv2%2Fcomments&post=3456"}],"version-history":[{"count":7,"href":"https:\/\/www.automakers.cz\/index.php?rest_route=\/wp\/v2\/posts\/3456\/revisions"}],"predecessor-version":[{"id":3465,"href":"https:\/\/www.automakers.cz\/index.php?rest_route=\/wp\/v2\/posts\/3456\/revisions\/3465"}],"wp:featuredmedia":[{"embeddable":true,"href":"https:\/\/www.automakers.cz\/index.php?rest_route=\/wp\/v2\/media\/3458"}],"wp:attachment":[{"href":"https:\/\/www.automakers.cz\/index.php?rest_route=%2Fwp%2Fv2%2Fmedia&parent=3456"}],"wp:term":[{"taxonomy":"category","embeddable":true,"href":"https:\/\/www.automakers.cz\/index.php?rest_route=%2Fwp%2Fv2%2Fcategories&post=3456"},{"taxonomy":"post_tag","embeddable":true,"href":"https:\/\/www.automakers.cz\/index.php?rest_route=%2Fwp%2Fv2%2Ftags&post=3456"}],"curies":[{"name":"wp","href":"https:\/\/api.w.org\/{rel}","templated":true}]}}