{"id":3476,"date":"2024-04-16T10:18:53","date_gmt":"2024-04-16T10:18:53","guid":{"rendered":"https:\/\/www.automakers.cz\/?p=3476"},"modified":"2024-04-16T10:18:53","modified_gmt":"2024-04-16T10:18:53","slug":"tesla-se-chce-zbavit-desetiny-zamestnancu","status":"publish","type":"post","link":"https:\/\/www.automakers.cz\/?p=3476","title":{"rendered":"Tesla se chce zbavit desetiny zam\u011bstnanc\u016f"},"content":{"rendered":"<p><strong>Tesla sni\u017euje po\u010det sv\u00fdch zam\u011bstnanc\u016f o v\u00edce ne\u017e 10 % \u2013 jde o nejm\u00e9n\u011b 14 000 pracovn\u00edch m\u00edst. Americkou automobilku zas\u00e1hlo celosv\u011btov\u00e9 zpomalen\u00ed elektromobil\u016f a brut\u00e1ln\u00ed cenov\u00e1 v\u00e1lka.<\/strong> <!--more--><\/p>\n<p>&#8222;U\u010dinili jsme obt\u00ed\u017en\u00e9 rozhodnut\u00ed sn\u00ed\u017eit po\u010det zam\u011bstnanc\u016f o v\u00edce ne\u017e 10 procent v celosv\u011btov\u00e9m m\u011b\u0159\u00edtku . . . to n\u00e1m umo\u017en\u00ed b\u00fdt \u0161t\u00edhl\u00ed, inovativn\u00ed a hladov\u00ed po dal\u0161\u00ed f\u00e1zi r\u016fstu,&#8220; napsal gener\u00e1ln\u00ed \u0159editel Tesly Elon Musk v intern\u00ed zpr\u00e1v\u011b zam\u011bstnanc\u016fm, kterou zaznamenal den\u00edk Financial Times.<\/p>\n<p>Sni\u017eov\u00e1n\u00ed po\u010dtu pracovn\u00edch m\u00edst p\u0159ich\u00e1z\u00ed v dob\u011b, kdy zpomalen\u00ed prodeje elektromobil\u016f vyvol\u00e1v\u00e1 vlny v cel\u00e9m glob\u00e1ln\u00edm automobilov\u00e9m pr\u016fmyslu, p\u0159i\u010dem\u017e spole\u010dnosti v cel\u00e9m dodavatelsk\u00e9m \u0159et\u011bzci od Ji\u017en\u00ed Koreje po N\u011bmecko sni\u017euj\u00ed po\u010det pracovn\u00edch m\u00edst a n\u00e1klady.<\/p>\n<p><strong>Pokles ceny akci\u00ed o 5,6 %<\/strong><\/p>\n<p>Na rozd\u00edl od tradi\u010dn\u00edch v\u00fdrobc\u016f automobil\u016f je Tesla obzvl\u00e1\u0161t\u011b vystavena zpomalen\u00ed prodeje automobil\u016f poh\u00e1n\u011bn\u00fdch bateriemi, proto\u017ee vyr\u00e1b\u00ed v\u00fdhradn\u011b elektromobily. Akcie spole\u010dnosti, kter\u00e9 v pond\u011bl\u00ed klesly o 5,6 procenta, letos klesly o v\u00edce ne\u017e t\u0159etinu, co\u017e z n\u00ed \u010din\u00ed druhou nejhor\u0161\u00ed v\u00fdkonnost v indexu S&amp;P 500 a zaost\u00e1v\u00e1 za tradi\u010dn\u00edmi v\u00fdrobci automobil\u016f. Naproti tomu cena akci\u00ed Toyoty ve stejn\u00e9m obdob\u00ed vzrostla o v\u00edce ne\u017e 44 procent.<\/p>\n<p>Tlak je obzvl\u00e1\u0161t\u011b vysok\u00fd v \u010c\u00edn\u011b, kter\u00e1 je nejv\u011bt\u0161\u00edm automobilov\u00fdm trhem na sv\u011bt\u011b a druh\u00fdm nejv\u011bt\u0161\u00edm trhem americk\u00e9ho v\u00fdrobce elektromobil\u016f podle tr\u017eeb, kde se konkurence mezi m\u00edstn\u00edmi v\u00fdrobci elektromobil\u016f a zahrani\u010dn\u00edmi v\u00fdrobci automobil\u016f p\u0159iost\u0159uje.<\/p>\n<p>Pod\u00edl Tesly v \u010d\u00ednsk\u00e9m tr\u017en\u00edm segmentu elektromobil\u016f a hybrid\u016f klesl v prvn\u00edch dvou m\u011bs\u00edc\u00edch roku ze 7,7 % na 6,6 %, uv\u00e1d\u00ed China Passenger Car Association. Pr\u016fmyslov\u00e1 asociace o\u010dek\u00e1v\u00e1, \u017ee Tesla tento m\u011bs\u00edc v \u010c\u00edn\u011b zaznamen\u00e1 prodej asi 25 000 voz\u016f, co\u017e je o 37 % m\u00e9n\u011b ne\u017e p\u0159ed rokem.<\/p>\n<p>Dal\u0161\u00ed p\u0159ek\u00e1\u017ekou pro Muska je, \u017ee spole\u010dnost opustili dva z jeho nejvy\u0161\u0161\u00edch z\u00e1stupc\u016f. Drew Baglino, senior viceprezident vedouc\u00ed in\u017een\u00fdrsk\u00fd a technologick\u00fd v\u00fdvoj Tesly pro baterie, motory a energetick\u00e9 produkty, dnes ozn\u00e1mil v po\u0159adu X, \u017ee po 18 letech v automobilov\u00e9 skupin\u011b odch\u00e1z\u00ed.<\/p>\n<p>Dal\u0161\u00ed v\u00fdkonn\u00fd \u0159editel, Rohan Patel, viceprezident Tesly pro ve\u0159ejnou politiku, tak\u00e9 ode\u0161el, potvrdila spole\u010dnost. Craig Irwin, hlavn\u00ed analytik v\u00fdzkumu ve spole\u010dnosti Roth MKM, uvedl, \u017ee tato zpr\u00e1va nen\u00ed &#8222;p\u0159ekvapen\u00edm sama o sob\u011b&#8220;.<\/p>\n<p>&#8222;Je to sp\u00ed\u0161e p\u0159izn\u00e1n\u00ed, \u017ee r\u016fst se nevr\u00e1t\u00ed jako blesk z \u010dist\u00e9ho nebe, ne\u017e cokoli jin\u00e9ho,&#8220; dodal. Jeden ze zdroj\u016f obezn\u00e1men\u00fdch se situac\u00ed uvedl, \u017ee st\u00e1le nen\u00ed jasn\u00e9, jak se budou glob\u00e1ln\u011b propadat, s p\u0159\u00edsn\u011bj\u0161\u00edmi pravidly pro naj\u00edm\u00e1n\u00ed a propou\u0161t\u011bn\u00ed zam\u011bstnanc\u016f v zem\u00edch, jako je N\u011bmecko, kde m\u00e1 Tesla gigatov\u00e1rnu pobl\u00ed\u017e Berl\u00edna. Nejv\u011bt\u0161\u00ed sv\u011btov\u00fd v\u00fdrobce elektromobil\u016f m\u011bl podle sv\u00e9ho nejnov\u011bj\u0161\u00edho pod\u00e1n\u00ed SEC n\u011bco m\u00e1lo p\u0159es 140 000 zam\u011bstnanc\u016f, co\u017e je n\u00e1r\u016fst ze 48 000 v roce 2019.<\/p>\n<p>Den\u00edk FT minul\u00fd t\u00fdden uvedl, \u017ee Tesla hled\u00e1 v Indii lokality pro novou tov\u00e1rnu na elektromobily, do kter\u00e9 by investovala 2 a\u017e 3 miliardy dolar\u016f. Spole\u010dnost si pro\u0161la p\u0159edchoz\u00edmi koly sni\u017eov\u00e1n\u00ed po\u010dtu pracovn\u00edch m\u00edst. V roce 2022 Musk ozn\u00e1mil 10% sn\u00ed\u017een\u00ed po\u010dtu placen\u00fdch pracovn\u00edk\u016f s odkazem na nadm\u011brn\u00fd po\u010det zam\u011bstnanc\u016f a &#8222;super \u0161patn\u00fd pocit&#8220; ze stavu ekonomiky.<\/p>\n<p>Ozn\u00e1men\u00ed spole\u010dnosti Tesla p\u0159ich\u00e1z\u00ed v dob\u011b, kdy spole\u010dnost CATL, nejv\u011bt\u0161\u00ed sv\u011btov\u00fd v\u00fdrobce bateri\u00ed pro elektromobily, v pond\u011bl\u00ed ozn\u00e1mila ni\u017e\u0161\u00ed ne\u017e o\u010dek\u00e1van\u00e9 tr\u017eby ve v\u00fd\u0161i 79,8 miliardy RMB (11 miliard USD) za obdob\u00ed od ledna do b\u0159ezna. Druh\u00fd po sob\u011b jdouc\u00ed pokles \u010dtvrtletn\u00edch tr\u017eeb v\u00fdrobce bateri\u00ed zd\u016fraznil dopad, kter\u00fd m\u011blo zpomalen\u00ed elektromobil\u016f na kl\u00ed\u010dov\u00e9 dodavatele. O propou\u0161t\u011bn\u00ed jako prvn\u00ed informovala technologick\u00e1 publikace Electrek. Tesla se odm\u00edtla vyj\u00e1d\u0159it.<\/p>\n<p><strong>Zdroj: FT<\/strong><\/p>\n","protected":false},"excerpt":{"rendered":"<p>Tesla sni\u017euje po\u010det sv\u00fdch zam\u011bstnanc\u016f o v\u00edce ne\u017e 10 % \u2013 jde o nejm\u00e9n\u011b 14&#8230;<\/p>\n","protected":false},"author":1,"featured_media":1213,"comment_status":"closed","ping_status":"closed","sticky":false,"template":"","format":"standard","meta":{"footnotes":""},"categories":[31,5],"tags":[],"class_list":["post-3476","post","type-post","status-publish","format-standard","has-post-thumbnail","hentry","category-news","category-personalie"],"_links":{"self":[{"href":"https:\/\/www.automakers.cz\/index.php?rest_route=\/wp\/v2\/posts\/3476","targetHints":{"allow":["GET"]}}],"collection":[{"href":"https:\/\/www.automakers.cz\/index.php?rest_route=\/wp\/v2\/posts"}],"about":[{"href":"https:\/\/www.automakers.cz\/index.php?rest_route=\/wp\/v2\/types\/post"}],"author":[{"embeddable":true,"href":"https:\/\/www.automakers.cz\/index.php?rest_route=\/wp\/v2\/users\/1"}],"replies":[{"embeddable":true,"href":"https:\/\/www.automakers.cz\/index.php?rest_route=%2Fwp%2Fv2%2Fcomments&post=3476"}],"version-history":[{"count":2,"href":"https:\/\/www.automakers.cz\/index.php?rest_route=\/wp\/v2\/posts\/3476\/revisions"}],"predecessor-version":[{"id":3478,"href":"https:\/\/www.automakers.cz\/index.php?rest_route=\/wp\/v2\/posts\/3476\/revisions\/3478"}],"wp:featuredmedia":[{"embeddable":true,"href":"https:\/\/www.automakers.cz\/index.php?rest_route=\/wp\/v2\/media\/1213"}],"wp:attachment":[{"href":"https:\/\/www.automakers.cz\/index.php?rest_route=%2Fwp%2Fv2%2Fmedia&parent=3476"}],"wp:term":[{"taxonomy":"category","embeddable":true,"href":"https:\/\/www.automakers.cz\/index.php?rest_route=%2Fwp%2Fv2%2Fcategories&post=3476"},{"taxonomy":"post_tag","embeddable":true,"href":"https:\/\/www.automakers.cz\/index.php?rest_route=%2Fwp%2Fv2%2Ftags&post=3476"}],"curies":[{"name":"wp","href":"https:\/\/api.w.org\/{rel}","templated":true}]}}