{"id":3489,"date":"2024-04-17T07:46:59","date_gmt":"2024-04-17T07:46:59","guid":{"rendered":"https:\/\/www.automakers.cz\/?p=3489"},"modified":"2024-04-17T07:46:59","modified_gmt":"2024-04-17T07:46:59","slug":"renaul-scenic-e-tech-mel-premieru-v-zimni-zahrade","status":"publish","type":"post","link":"https:\/\/www.automakers.cz\/?p=3489","title":{"rendered":"Renaul Sc\u00e9nic E-Tech m\u011bl premi\u00e9ru v zimn\u00ed zahrad\u011b"},"content":{"rendered":"<p><strong>Zimn\u00ed zahrada pra\u017esk\u00e9ho hotelu Holiday Inn hostila 16. dubna novin\u00e1\u0159skou prezentaci elektrick\u00e9ho Renaultu Sc\u00e9nic E-Tech. Cena modelu za\u010d\u00edn\u00e1 v \u010cesku na 1,085.000 korun\u00e1ch.<\/strong><!--more--><\/p>\n<p>V\u016fz se chlub\u00ed 100% elektrick\u00fdm pohonem a s rychl\u00fdm dob\u00edjen\u00edm a\u017e 150 kW, s n\u00edm\u017e trv\u00e1 nabit\u00ed z 15 na 80 procent stavu 37 minut. Dojezd na jedno nabit\u00ed je pak dle WLTP 625 kilometr\u016f p\u0159i pr\u016fm\u011brn\u00e9 spot\u0159eba 16,8\u201317,3 kWh\/100 km. V\u016fz ut\u00e1hne a\u017e 1,1 tuny t\u011b\u017ek\u00fd p\u0159\u00edv\u011bs, s\u00e1m v\u00e1\u017e\u00ed v z\u00e1vislosti na v\u00fdbav\u011b p\u0159ibli\u017en\u011b 1,9 tuny a uveze a\u017e 599 kilogram\u016f.<\/p>\n<p>&#8222;Elektrick\u00fd Sc\u00e9nic E-Tech nab\u00edz\u00ed kabinu navr\u017eenou pro pohodl\u00ed a komfort v\u0161ech cestuj\u00edc\u00edch po\u010d\u00ednaje srovnateln\u00fdm vnit\u0159n\u00edm prostorem navzdory kompaktn\u00edm rozm\u011br\u016fm a to d\u00edky speci\u00e1ln\u00ed elektrick\u00e9 platform\u011b, kol\u016fm posunut\u00fdm do roh\u016f, dlouh\u00e9mu rozvoru 2,78 metru, rovn\u00e9 podlaze a kompaktn\u00ed baterii,&#8220; uvedla mluv\u010d\u00ed zna\u010dky Jitka Skali\u010dkov\u00e1.<\/p>\n<p><img loading=\"lazy\" decoding=\"async\" class=\"alignnone size-medium wp-image-3491\" src=\"http:\/\/www.automakers.cz\/wp-content\/uploads\/2024\/04\/Renmault-Scenic-etech-Skalickova-900x539.jpg\" alt=\"\" width=\"900\" height=\"539\" \/><\/p>\n<p>V\u00fdsledkem je dostatek m\u00edsta pro cestuj\u00edc\u00ed s m\u00edstem na kolena 278 mm a pro zavazadla s objemem zavazadlov\u00e9ho prostoru 545 litr\u016f.<\/p>\n<p>Panoramatick\u00e1 Solarbay a d\u016fmysln\u00e1 zadn\u00ed loketn\u00ed op\u011brka zvy\u0161uj\u00ed komfort v kabin\u011b. D\u00e1le je ve voze multimedi\u00e1ln\u00ed syst\u00e9m OpenR Link s integrovan\u00fdmi funkcemi Google, z\u00e1bavn\u00edmi a informa\u010dn\u00edmi aplikacemi a jedine\u010dn\u00fdm zvukov\u00fdm podpisem vozu, jen\u017e je v\u00fdsledkem v\u00fdjime\u010dn\u00e9 spolupr\u00e1ce s francouzsk\u00fdm skladatelem elektronick\u00e9 hudby Jeanem-Michelem Jarrem.<\/p>\n<p><strong>Text a foto Bohumil Brej\u017eek<\/strong><\/p>\n","protected":false},"excerpt":{"rendered":"<p>Zimn\u00ed zahrada pra\u017esk\u00e9ho hotelu Holiday Inn hostila 16. dubna novin\u00e1\u0159skou prezentaci elektrick\u00e9ho Renaultu Sc\u00e9nic E-Tech&#8230;.<\/p>\n","protected":false},"author":1,"featured_media":3490,"comment_status":"closed","ping_status":"closed","sticky":false,"template":"","format":"standard","meta":{"footnotes":""},"categories":[9,12],"tags":[],"class_list":["post-3489","post","type-post","status-publish","format-standard","has-post-thumbnail","hentry","category-elektromobily","category-premiery"],"_links":{"self":[{"href":"https:\/\/www.automakers.cz\/index.php?rest_route=\/wp\/v2\/posts\/3489","targetHints":{"allow":["GET"]}}],"collection":[{"href":"https:\/\/www.automakers.cz\/index.php?rest_route=\/wp\/v2\/posts"}],"about":[{"href":"https:\/\/www.automakers.cz\/index.php?rest_route=\/wp\/v2\/types\/post"}],"author":[{"embeddable":true,"href":"https:\/\/www.automakers.cz\/index.php?rest_route=\/wp\/v2\/users\/1"}],"replies":[{"embeddable":true,"href":"https:\/\/www.automakers.cz\/index.php?rest_route=%2Fwp%2Fv2%2Fcomments&post=3489"}],"version-history":[{"count":2,"href":"https:\/\/www.automakers.cz\/index.php?rest_route=\/wp\/v2\/posts\/3489\/revisions"}],"predecessor-version":[{"id":3493,"href":"https:\/\/www.automakers.cz\/index.php?rest_route=\/wp\/v2\/posts\/3489\/revisions\/3493"}],"wp:featuredmedia":[{"embeddable":true,"href":"https:\/\/www.automakers.cz\/index.php?rest_route=\/wp\/v2\/media\/3490"}],"wp:attachment":[{"href":"https:\/\/www.automakers.cz\/index.php?rest_route=%2Fwp%2Fv2%2Fmedia&parent=3489"}],"wp:term":[{"taxonomy":"category","embeddable":true,"href":"https:\/\/www.automakers.cz\/index.php?rest_route=%2Fwp%2Fv2%2Fcategories&post=3489"},{"taxonomy":"post_tag","embeddable":true,"href":"https:\/\/www.automakers.cz\/index.php?rest_route=%2Fwp%2Fv2%2Ftags&post=3489"}],"curies":[{"name":"wp","href":"https:\/\/api.w.org\/{rel}","templated":true}]}}