{"id":3496,"date":"2024-04-18T07:25:26","date_gmt":"2024-04-18T07:25:26","guid":{"rendered":"https:\/\/www.automakers.cz\/?p=3496"},"modified":"2024-04-18T07:25:26","modified_gmt":"2024-04-18T07:25:26","slug":"tatra-ma-dotaci-na-vyvoj-nakladniho-baterioveho-elektromobilu","status":"publish","type":"post","link":"https:\/\/www.automakers.cz\/?p=3496","title":{"rendered":"Tatra m\u00e1 dotaci na v\u00fdvoj n\u00e1kladn\u00edho bateriov\u00e9ho elektromobilu"},"content":{"rendered":"<p><strong>Tatra Trucks se za\u010dala v\u011bnovat v\u00fdvoji aut s alternativn\u00edmi typy pohon\u016f. Poda\u0159ilo se j\u00ed z\u00edskat dota\u010dn\u00ed titul z programu TREND Technologick\u00e9 agentury \u010cesk\u00e9 republiky (TA\u010cR) na v\u00fdvoj t\u011b\u017ek\u00e9ho n\u00e1kladn\u00edho vozidla Tatra Force e-Drive 8&#215;8 vyu\u017e\u00edvaj\u00edc\u00edho pln\u011b elektrick\u00fd bateriov\u00fd syst\u00e9m pohonu v kombinaci s v\u00edcestup\u0148ovou p\u0159evodovkou Eaton.<\/strong><!--more--><\/p>\n<p>Na projektu bateriov\u00e9ho elektromobilu Tatra Trucks spolupracuje se spole\u010dnost\u00ed Devinn a \u010deskou pobo\u010dkou nadn\u00e1rodn\u00ed korporace spole\u010dnosti Eaton. Prototyp vozidla s pln\u011b elektrick\u00fdm bateriov\u00fdm syst\u00e9mem pohonu s v\u00edcestup\u0148ovou p\u0159evodovkou Eaton vznikne na b\u00e1zi nejnov\u011bj\u0161\u00ed t\u0159et\u00ed generace modelov\u00e9 \u0159ady Tatra Force, kter\u00e1 byla poprv\u00e9 p\u0159edstavena ve\u0159ejnosti v polovin\u011b minul\u00e9ho roku.<\/p>\n<p>V\u00fdvoj vozidla pln\u011b zapad\u00e1 do strategie veden\u00ed spole\u010dnosti Tatra Trucks v oblasti v\u00fdvoje vozidel s n\u00edzkoemisn\u00edmi syst\u00e9my pohonu, tedy bateriov\u00fdch a s vod\u00edkov\u00fdmi palivov\u00fdmi \u010dl\u00e1nky, p\u0159\u00edpadn\u011b jejich kombinac\u00ed, v\u010detn\u011b dopln\u011bn\u00ed o syst\u00e9m tzv. prodlu\u017eova\u010de dojezdu (range extender). Jednotliv\u00e9 projekty jsou pe\u010dliv\u011b napl\u00e1nov\u00e1ny a \u010dasov\u011b koordinov\u00e1ny s ohledem na mezin\u00e1rodn\u00ed legislativn\u00ed pravidla, ale i na budouc\u00ed po\u017eadavky z\u00e1kazn\u00edk\u016f.<\/p>\n<p>\u201eNa o\u010dek\u00e1van\u00fd p\u0159echod ur\u010dit\u00e9 \u010d\u00e1sti z\u00e1kazn\u00edk\u016f v segmentu t\u011b\u017ek\u00fdch n\u00e1kladn\u00edch vozidel na tzv. e-mobilitu bude na\u0161e spole\u010dnost rozhodn\u011b p\u0159ipravena. Velmi usilovn\u011b pracujeme na projektech, kter\u00e9 p\u0159inesou vozy, je\u017e budou spl\u0148ovat nadch\u00e1zej\u00edc\u00ed p\u0159\u00edsn\u00e9 legislativn\u00ed normy a tak\u00e9 st\u00e1le se zvy\u0161uj\u00edc\u00ed po\u017eadavky z\u00e1kazn\u00edk\u016f,\u201c \u0159ekl p\u0159edseda p\u0159edstavenstva a gener\u00e1ln\u00ed \u0159editel spole\u010dnosti Tatra Trucks Luk\u00e1\u0161 Andr\u00fdsek. V sou\u010dasn\u00e9 dob\u011b nap\u0159\u00edklad v kop\u0159ivnick\u00e9 automobilce prob\u00edh\u00e1 n\u00e1ro\u010dn\u00fd testovac\u00ed program ov\u011b\u0159uj\u00edc\u00ed provozn\u00ed a technick\u00e9 parametry vozidla Tatra Force e-Drive FCEV s elektrick\u00fdm trak\u010dn\u00edm motorem v kombinaci s vod\u00edkov\u00fdmi palivov\u00fdmi \u010dl\u00e1nky. Dal\u0161\u00ed projekty v oblasti alternativn\u00edch pohon\u016f budou n\u00e1sledovat v leto\u0161n\u00edm roce.<\/p>\n<p><img loading=\"lazy\" decoding=\"async\" class=\"alignnone size-medium wp-image-3498\" src=\"http:\/\/www.automakers.cz\/wp-content\/uploads\/2024\/04\/Tatra-Force-e-Drive-FCEV-2-small-3-900x599.jpg\" alt=\"\" width=\"900\" height=\"599\" srcset=\"https:\/\/www.automakers.cz\/wp-content\/uploads\/2024\/04\/Tatra-Force-e-Drive-FCEV-2-small-3-900x599.jpg 900w, https:\/\/www.automakers.cz\/wp-content\/uploads\/2024\/04\/Tatra-Force-e-Drive-FCEV-2-small-3-1024x681.jpg 1024w, https:\/\/www.automakers.cz\/wp-content\/uploads\/2024\/04\/Tatra-Force-e-Drive-FCEV-2-small-3-768x511.jpg 768w, https:\/\/www.automakers.cz\/wp-content\/uploads\/2024\/04\/Tatra-Force-e-Drive-FCEV-2-small-3-1536x1022.jpg 1536w, https:\/\/www.automakers.cz\/wp-content\/uploads\/2024\/04\/Tatra-Force-e-Drive-FCEV-2-small-3-2048x1363.jpg 2048w\" sizes=\"auto, (max-width: 900px) 100vw, 900px\" \/><\/p>\n<p>Zav\u00e1d\u011bn\u00ed alternativn\u00edch pohon\u016f do vozidel segmentu t\u011b\u017ek\u00e9 n\u00e1kladn\u00ed dopravy \u00fazce souvis\u00ed s dekarbonizac\u00ed, resp. sni\u017eov\u00e1n\u00edm tzv. uhl\u00edkov\u00e9 stopy. Tatra Trucks jako jedin\u00fd \u010desk\u00fd v\u00fdrobce t\u011b\u017ek\u00fdch n\u00e1kladn\u00edch vozidel bere tuto skute\u010dnost velmi v\u00e1\u017en\u011b a chce p\u0159isp\u011bt sv\u00fdm d\u00edlem do technologick\u00e9ho v\u00fdvoje v \u010cesk\u00e9 republice s t\u00edmto trendem souvisej\u00edc\u00edm. Management Tatry si je v\u011bdom toho, \u017ee modern\u00ed technologie a \u0161pi\u010dkov\u00e1 kvalita voz\u016f Tatra jsou podm\u00ednkou konkurenceschopnosti automobilky na trhu, a z\u00e1rove\u0148 vn\u00edm\u00e1 jej\u00ed spole\u010denskou odpov\u011bdnost v oblasti sni\u017eov\u00e1n\u00ed dopad\u016f automobilov\u00e9 dopravy na \u017eivotn\u00ed prost\u0159ed\u00ed.<\/p>\n<p>\u201eZ hlediska prim\u00e1rn\u00edho ur\u010den\u00ed na\u0161ich t\u011b\u017ek\u00fdch n\u00e1kladn\u00edch vozidel prov\u00e1d\u00edme v\u00fdzkum a v\u00fdvoj alternativn\u00edch pohon\u016f daleko za hranicemi standardn\u00edho p\u0159\u00edstupu u ostatn\u00edch v\u00fdrobc\u016f n\u00e1kladn\u00edch vozidel, ale i dodavatel\u016f p\u0159\u00edslu\u0161n\u00e9 techniky a p\u0159\u00edslu\u0161enstv\u00ed. Na\u0161e vozidla se toti\u017e \u010dasto pohybuj\u00ed v t\u011b\u017ek\u00e9m ter\u00e9nu, mnohdy za slo\u017eit\u00fdch klimatick\u00fdch, teplotn\u00edch a pra\u0161n\u00fdch podm\u00ednek, p\u0159i\u010dem\u017e musej\u00ed p\u0159ekon\u00e1vat ter\u00e9nn\u00ed p\u0159ek\u00e1\u017eky, kter\u00e9 znamenaj\u00ed pom\u011brn\u011b velk\u00e9 pod\u00e9ln\u00e9 i p\u0159\u00ed\u010dn\u00e9 n\u00e1klony a strm\u00e1 stoup\u00e1n\u00ed. Na v\u00fdvoji jednotliv\u00fdch agreg\u00e1t\u016f alternativn\u00edch hnac\u00edch trakt\u016f spolupracujeme jak s akademickou, tak v\u00fdzkumnou sf\u00e9rou a celou \u0159adou \u010desk\u00fdch a mezin\u00e1rodn\u00edch instituc\u00ed,\u201c uvedl k problematice alternativn\u00edch pohon\u016f Radom\u00edr Smolka, \u010dlen p\u0159edstavenstva automobilky Tatra Trucks zodpov\u011bdn\u00fd za v\u00fdvojov\u00e9 projekty.<\/p>\n<p><img loading=\"lazy\" decoding=\"async\" class=\"alignnone size-medium wp-image-3499\" src=\"http:\/\/www.automakers.cz\/wp-content\/uploads\/2024\/04\/Tatra-Force-3.-generace-interier-small-900x599.jpg\" alt=\"\" width=\"900\" height=\"599\" srcset=\"https:\/\/www.automakers.cz\/wp-content\/uploads\/2024\/04\/Tatra-Force-3.-generace-interier-small-900x599.jpg 900w, https:\/\/www.automakers.cz\/wp-content\/uploads\/2024\/04\/Tatra-Force-3.-generace-interier-small-1024x681.jpg 1024w, https:\/\/www.automakers.cz\/wp-content\/uploads\/2024\/04\/Tatra-Force-3.-generace-interier-small-768x511.jpg 768w, https:\/\/www.automakers.cz\/wp-content\/uploads\/2024\/04\/Tatra-Force-3.-generace-interier-small-1536x1022.jpg 1536w, https:\/\/www.automakers.cz\/wp-content\/uploads\/2024\/04\/Tatra-Force-3.-generace-interier-small-2048x1363.jpg 2048w\" sizes=\"auto, (max-width: 900px) 100vw, 900px\" \/><\/p>\n","protected":false},"excerpt":{"rendered":"<p>Tatra Trucks se za\u010dala v\u011bnovat v\u00fdvoji aut s alternativn\u00edmi typy pohon\u016f. Poda\u0159ilo se j\u00ed z\u00edskat&#8230;<\/p>\n","protected":false},"author":2,"featured_media":3497,"comment_status":"closed","ping_status":"closed","sticky":false,"template":"","format":"standard","meta":{"footnotes":""},"categories":[9],"tags":[],"class_list":["post-3496","post","type-post","status-publish","format-standard","has-post-thumbnail","hentry","category-elektromobily"],"_links":{"self":[{"href":"https:\/\/www.automakers.cz\/index.php?rest_route=\/wp\/v2\/posts\/3496","targetHints":{"allow":["GET"]}}],"collection":[{"href":"https:\/\/www.automakers.cz\/index.php?rest_route=\/wp\/v2\/posts"}],"about":[{"href":"https:\/\/www.automakers.cz\/index.php?rest_route=\/wp\/v2\/types\/post"}],"author":[{"embeddable":true,"href":"https:\/\/www.automakers.cz\/index.php?rest_route=\/wp\/v2\/users\/2"}],"replies":[{"embeddable":true,"href":"https:\/\/www.automakers.cz\/index.php?rest_route=%2Fwp%2Fv2%2Fcomments&post=3496"}],"version-history":[{"count":3,"href":"https:\/\/www.automakers.cz\/index.php?rest_route=\/wp\/v2\/posts\/3496\/revisions"}],"predecessor-version":[{"id":3510,"href":"https:\/\/www.automakers.cz\/index.php?rest_route=\/wp\/v2\/posts\/3496\/revisions\/3510"}],"wp:featuredmedia":[{"embeddable":true,"href":"https:\/\/www.automakers.cz\/index.php?rest_route=\/wp\/v2\/media\/3497"}],"wp:attachment":[{"href":"https:\/\/www.automakers.cz\/index.php?rest_route=%2Fwp%2Fv2%2Fmedia&parent=3496"}],"wp:term":[{"taxonomy":"category","embeddable":true,"href":"https:\/\/www.automakers.cz\/index.php?rest_route=%2Fwp%2Fv2%2Fcategories&post=3496"},{"taxonomy":"post_tag","embeddable":true,"href":"https:\/\/www.automakers.cz\/index.php?rest_route=%2Fwp%2Fv2%2Ftags&post=3496"}],"curies":[{"name":"wp","href":"https:\/\/api.w.org\/{rel}","templated":true}]}}