{"id":3511,"date":"2024-04-18T08:55:00","date_gmt":"2024-04-18T08:55:00","guid":{"rendered":"https:\/\/www.automakers.cz\/?p=3511"},"modified":"2024-04-18T08:55:00","modified_gmt":"2024-04-18T08:55:00","slug":"eu-letos-registrovala-333-tisic-elektromobilu","status":"publish","type":"post","link":"https:\/\/www.automakers.cz\/?p=3511","title":{"rendered":"EU letos registrovala 333 tis\u00edc elektromobil\u016f"},"content":{"rendered":"<p><strong>V EU se v prvn\u00edm \u010dtvrtlet\u00ed roku 2024 registrovalo 2 768 639 nov\u00fdch osobn\u00edch vozidel (meziro\u010dn\u011b o 4,4 % v\u00edce), z nich 322 999 bylo bateriov\u00fdch elektrick\u00fdch (meziro\u010dn\u011b o 3,8 % v\u00edce). \u010cesko je st\u00e1le na chvostu evropsk\u00fdch zem\u00ed.<\/strong> <!--more--><\/p>\n<p>Bateriov\u00e9 elektromobily se s\u00a0pod\u00edlem 12 % staly \u010dtvrtou nejobl\u00edben\u011bj\u0161\u00ed volbou, nejv\u00edce registrac\u00ed si p\u0159ipsaly benz\u00ednov\u00e9 motorizace (35,4\u00a0%), p\u0159ed hybridn\u00edmi bez extern\u00edho dob\u00edjen\u00ed (28,9 %) a dieselov\u00fdmi (12,8 %), plug-in hybridy pak dos\u00e1hly pod\u00edlu 7,4 %. Pod\u00edl paliv v\u00a0jednotliv\u00fdch zem\u00edch b\u011bhem prvn\u00edho kvart\u00e1lu pak ilustruje uveden\u00fd graf, ze kter\u00e9ho je z\u0159ejm\u00e9, \u017ee nejvy\u0161\u0161\u00ed pod\u00edl bateriov\u00fdch elektromobil\u016f byl evidov\u00e1n v\u00a0D\u00e1nsku, \u0160v\u00e9dsku a Nizozemsku.<\/p>\n<p>\u201e<em><i>\u010cesko se v\u00a0pod\u00edlu bateriov\u00fdch elektromobil\u016f jak aktu\u00e1ln\u011b, tak dlouhodob\u011b pohybuje mezi zem\u011bmi EU na chvostu. Jedn\u00edm z d\u016fvodu m\u00edrn\u00e9ho meziro\u010dn\u00edho poklesu registrac\u00ed nov\u00fdch bateriov\u00fdch elektromobil\u016f u n\u00e1s mohla b\u00fdt odlo\u017een\u00e1 popt\u00e1vka firem a podnikatel\u016f z d\u016fvodu \u010dek\u00e1n\u00ed na zah\u00e1jen\u00ed z\u00e1ru\u010dn\u00edho programu ELEKTROMOBILITA (pozn. bli\u017e\u0161\u00ed informace <\/i><\/em><a href=\"https:\/\/www.nrb.cz\/produkt\/elektromobilita\/\"><em><u><i>zde<\/i><\/u><\/em><\/a><em><i>). I p\u0159es nelichotiv\u00e9 srovn\u00e1n\u00ed se zem\u011bmi EU bylo v\u00a0\u010cesku k\u00a031.\u00a03.\u00a02024 registrov\u00e1no 24\u00a0239 bateriov\u00fdch elektromobil\u016f kat. M1, kter\u00fdch je\u00a0ji\u017e v sou\u010dtu v\u00edce ne\u017e vozidel CNG (pozn. 23\u00a0089). \u010ctvrtina BEVs je v\u00a0\u010cesku ojet\u00e1, tzn. vozidla s\u00a0opakovanou registrac\u00ed, 75 % registrac\u00ed je firemn\u00edch. Nej\u010detn\u011bji jsou zastoupeny zna\u010dky Tesla (4\u00a0536), \u0160koda (4\u00a0346), Volkswagen (2\u00a0719), BMW (2\u00a0332) a Hyundai (1\u00a0811). Z\u00a0pohledu krajsk\u00fdch registrac\u00ed je nejv\u00edce BEVs registrov\u00e1no v\u00a0hl. m. Praze (9\u00a0681), ve St\u0159edo\u010desk\u00e9m (4\u00a0205), Jihomoravsk\u00e9m (2\u00a0266), Moravskoslezsk\u00e9m (1\u00a0409) a \u00dasteck\u00e9m kraji (969),\u201c <\/i><\/em>uv\u00e1d\u00ed Luk\u00e1\u0161 Kadula z\u00a0Centra dopravn\u00edho v\u00fdzkumu<em><i>.<\/i><\/em><\/p>\n<p><strong>Pr\u016fzkum \u201eZvyklosti p\u0159i dob\u00edjen\u00ed bateriov\u00fdch elektromobil\u016f\u201c<\/strong><\/p>\n<p>V\u00a0obdob\u00ed od 18. b\u0159ezna do 17. dubna 2024 realizovalo Centrum dopravn\u00edho v\u00fdzkumu pr\u016fzkum \u201eZvyklosti p\u0159i dob\u00edjen\u00ed bateriov\u00fdch elektromobil\u016f\u201c.<\/p>\n<p>Do pr\u016fzkumu se zapojilo 780 respondent\u016f, z\u00a0nich\u017e 746 vlastn\u00ed nebo pou\u017e\u00edv\u00e1 bateriov\u00fd elektromobil. Z\u00e1kladn\u00ed informace budou zm\u00edn\u011bny na konci kv\u011btna p\u0159i vystoupen\u00ed CDV na 10. ro\u010dn\u00edku konference \u010dist\u00e9 mobility v\u00a0Senohrabech, bli\u017e\u0161\u00ed pak po detailn\u011bj\u0161\u00edm vyhodnocen\u00ed v\u00a0pr\u016fb\u011bhu leto\u0161n\u00edho roku na webov\u00fdch str\u00e1nk\u00e1ch <a href=\"http:\/\/www.cistadoprava.cz\"><u>www.cistadoprava.cz<\/u><\/a>. <strong><b>95 % respondent\u016f v\u00a0pr\u016fzkumu uvedlo, \u017ee na z\u00e1klad\u011b sv\u00fdch dosavadn\u00edch zku\u0161enost\u00ed s bateriov\u00fdm elektromobilem si mysl\u00ed, \u017ee je to nejlep\u0161\u00ed varianta.<\/b><\/strong><\/p>\n<p>Zdroj: <b>Centrum\u00a0dopravn\u00edho\u00a0v\u00fdzkumu<\/b><\/p>\n<p><img loading=\"lazy\" decoding=\"async\" class=\"alignnone size-medium wp-image-2306\" src=\"http:\/\/www.automakers.cz\/wp-content\/uploads\/2024\/02\/Polestar-nabijecka-CEZ-900x527.jpg\" alt=\"\" width=\"900\" height=\"527\" srcset=\"https:\/\/www.automakers.cz\/wp-content\/uploads\/2024\/02\/Polestar-nabijecka-CEZ-900x527.jpg 900w, https:\/\/www.automakers.cz\/wp-content\/uploads\/2024\/02\/Polestar-nabijecka-CEZ-1024x599.jpg 1024w, https:\/\/www.automakers.cz\/wp-content\/uploads\/2024\/02\/Polestar-nabijecka-CEZ-768x450.jpg 768w, https:\/\/www.automakers.cz\/wp-content\/uploads\/2024\/02\/Polestar-nabijecka-CEZ.jpg 1411w\" sizes=\"auto, (max-width: 900px) 100vw, 900px\" \/><\/p>\n","protected":false},"excerpt":{"rendered":"<p>V EU se v prvn\u00edm \u010dtvrtlet\u00ed roku 2024 registrovalo 2 768 639 nov\u00fdch osobn\u00edch vozidel&#8230;<\/p>\n","protected":false},"author":1,"featured_media":1370,"comment_status":"closed","ping_status":"closed","sticky":false,"template":"","format":"standard","meta":{"footnotes":""},"categories":[9,48],"tags":[],"class_list":["post-3511","post","type-post","status-publish","format-standard","has-post-thumbnail","hentry","category-elektromobily","category-registrace"],"_links":{"self":[{"href":"https:\/\/www.automakers.cz\/index.php?rest_route=\/wp\/v2\/posts\/3511","targetHints":{"allow":["GET"]}}],"collection":[{"href":"https:\/\/www.automakers.cz\/index.php?rest_route=\/wp\/v2\/posts"}],"about":[{"href":"https:\/\/www.automakers.cz\/index.php?rest_route=\/wp\/v2\/types\/post"}],"author":[{"embeddable":true,"href":"https:\/\/www.automakers.cz\/index.php?rest_route=\/wp\/v2\/users\/1"}],"replies":[{"embeddable":true,"href":"https:\/\/www.automakers.cz\/index.php?rest_route=%2Fwp%2Fv2%2Fcomments&post=3511"}],"version-history":[{"count":3,"href":"https:\/\/www.automakers.cz\/index.php?rest_route=\/wp\/v2\/posts\/3511\/revisions"}],"predecessor-version":[{"id":3514,"href":"https:\/\/www.automakers.cz\/index.php?rest_route=\/wp\/v2\/posts\/3511\/revisions\/3514"}],"wp:featuredmedia":[{"embeddable":true,"href":"https:\/\/www.automakers.cz\/index.php?rest_route=\/wp\/v2\/media\/1370"}],"wp:attachment":[{"href":"https:\/\/www.automakers.cz\/index.php?rest_route=%2Fwp%2Fv2%2Fmedia&parent=3511"}],"wp:term":[{"taxonomy":"category","embeddable":true,"href":"https:\/\/www.automakers.cz\/index.php?rest_route=%2Fwp%2Fv2%2Fcategories&post=3511"},{"taxonomy":"post_tag","embeddable":true,"href":"https:\/\/www.automakers.cz\/index.php?rest_route=%2Fwp%2Fv2%2Ftags&post=3511"}],"curies":[{"name":"wp","href":"https:\/\/api.w.org\/{rel}","templated":true}]}}