{"id":3515,"date":"2024-04-18T08:50:01","date_gmt":"2024-04-18T08:50:01","guid":{"rendered":"https:\/\/www.automakers.cz\/?p=3515"},"modified":"2024-04-19T05:41:51","modified_gmt":"2024-04-19T05:41:51","slug":"gabre-s-novym-property-managerem","status":"publish","type":"post","link":"https:\/\/www.automakers.cz\/?p=3515","title":{"rendered":"GARBE s nov\u00fdm Property Managerem"},"content":{"rendered":"<p><strong>GARBE, specialista na logistick\u00e9 a pr\u016fmyslov\u00e9 nemovitosti ve st\u0159edn\u00ed a v\u00fdchodn\u00ed Evrop\u011b, posiluje sv\u016fj t\u00fdm. Do firmy p\u0159ich\u00e1z\u00ed Tom\u00e1\u0161 Hanu\u0161 na pozici Property Managera pro \u010ceskou republiku, kter\u00fd p\u0159in\u00e1\u0161\u00ed 25 let zku\u0161enost\u00ed z oblasti technick\u00e9ho provozu a spr\u00e1vy nemovitost\u00ed nejen v \u010cesk\u00e9 republice, ale i na Slovensku.<\/strong><!--more--><\/p>\n<p>Tom\u00e1\u0161 Hanu\u0161 je zku\u0161en\u00fd profesion\u00e1l, kter\u00fd b\u011bhem sv\u00e9 kari\u00e9ry z\u00edskal komplexn\u00ed zku\u0161enosti ve\u00a0spr\u00e1v\u011b komer\u010dn\u00edch nemovitost\u00ed, p\u0159edev\u0161\u00edm kancel\u00e1\u0159sk\u00fdch budov t\u0159\u00eddy A a logistick\u00fdch are\u00e1l\u016f, ale tak\u00e9 ve spr\u00e1v\u011b pam\u00e1tkov\u011b chr\u00e1n\u011bn\u00fdch historick\u00fdch objekt\u016f. V\u00a0r\u00e1mci pracovn\u00ed n\u00e1pln\u011b byl tak\u00e9 zodpov\u011bdn\u00fd za management stavebn\u00edch projekt\u016f a rekonstrukc\u00ed v\u010detn\u011b kontroly rozpo\u010dtov\u00fdch v\u00fddaj\u016f OPEX a CAPEX s\u00a0c\u00edlem zhodnotit nemovitostn\u00ed portfolio.<\/p>\n<p>Tom\u00e1\u0161 p\u0159ich\u00e1z\u00ed do GARBE ze spole\u010dnosti Savills, kde p\u016fsobil v\u00a0r\u00e1mci odd\u011blen\u00ed property managementu t\u00e9m\u011b\u0159 8 let. Vystudoval elektrotechnick\u00fd obor a neust\u00e1le si roz\u0161i\u0159uje vzd\u011bl\u00e1n\u00ed v\u00a0oblasti facility a property managementu.<\/p>\n<p><strong>Martin Pol\u00e1k, \u0159editel GARBE pro v\u00fdchodn\u00ed a st\u0159edn\u00ed Evropu,\u00a0<\/strong>\u0159\u00edk\u00e1:<strong>\u00a0<\/strong><\/p>\n<p><em>\u201eGARBE vstoupilo na \u010desk\u00fd trh p\u0159ed \u010dty\u0159mi lety a vybudovalo zde n\u011bkolik pr\u016fmyslov\u00fdch z\u00f3n. Budovy maj\u00ed vysok\u00e9 technick\u00e9 standardy a certifikace BREEAM a PENB, kter\u00e9 oce\u0148uj\u00ed zejm\u00e9na n\u00e1jemci prostor. Role Tom\u00e1\u0161e bude v r\u00e1mci spr\u00e1vy t\u011bchto objekt\u016f tuto \u00farove\u0148 nejen udr\u017eet, ale tak\u00e9 t\u00edm p\u0159isp\u011bt ke zv\u00fd\u0161en\u00ed hodnoty na\u0161ich nemovitost\u00ed.\u201c<\/em><\/p>\n","protected":false},"excerpt":{"rendered":"<p>GARBE, specialista na logistick\u00e9 a pr\u016fmyslov\u00e9 nemovitosti ve st\u0159edn\u00ed a v\u00fdchodn\u00ed Evrop\u011b, posiluje sv\u016fj t\u00fdm&#8230;.<\/p>\n","protected":false},"author":1,"featured_media":3518,"comment_status":"closed","ping_status":"closed","sticky":false,"template":"","format":"standard","meta":{"footnotes":""},"categories":[6,5],"tags":[],"class_list":["post-3515","post","type-post","status-publish","format-standard","has-post-thumbnail","hentry","category-management","category-personalie"],"_links":{"self":[{"href":"https:\/\/www.automakers.cz\/index.php?rest_route=\/wp\/v2\/posts\/3515","targetHints":{"allow":["GET"]}}],"collection":[{"href":"https:\/\/www.automakers.cz\/index.php?rest_route=\/wp\/v2\/posts"}],"about":[{"href":"https:\/\/www.automakers.cz\/index.php?rest_route=\/wp\/v2\/types\/post"}],"author":[{"embeddable":true,"href":"https:\/\/www.automakers.cz\/index.php?rest_route=\/wp\/v2\/users\/1"}],"replies":[{"embeddable":true,"href":"https:\/\/www.automakers.cz\/index.php?rest_route=%2Fwp%2Fv2%2Fcomments&post=3515"}],"version-history":[{"count":4,"href":"https:\/\/www.automakers.cz\/index.php?rest_route=\/wp\/v2\/posts\/3515\/revisions"}],"predecessor-version":[{"id":3520,"href":"https:\/\/www.automakers.cz\/index.php?rest_route=\/wp\/v2\/posts\/3515\/revisions\/3520"}],"wp:featuredmedia":[{"embeddable":true,"href":"https:\/\/www.automakers.cz\/index.php?rest_route=\/wp\/v2\/media\/3518"}],"wp:attachment":[{"href":"https:\/\/www.automakers.cz\/index.php?rest_route=%2Fwp%2Fv2%2Fmedia&parent=3515"}],"wp:term":[{"taxonomy":"category","embeddable":true,"href":"https:\/\/www.automakers.cz\/index.php?rest_route=%2Fwp%2Fv2%2Fcategories&post=3515"},{"taxonomy":"post_tag","embeddable":true,"href":"https:\/\/www.automakers.cz\/index.php?rest_route=%2Fwp%2Fv2%2Ftags&post=3515"}],"curies":[{"name":"wp","href":"https:\/\/api.w.org\/{rel}","templated":true}]}}