{"id":3529,"date":"2024-04-21T08:11:06","date_gmt":"2024-04-21T08:11:06","guid":{"rendered":"https:\/\/www.automakers.cz\/?p=3529"},"modified":"2024-04-21T08:11:06","modified_gmt":"2024-04-21T08:11:06","slug":"program-zaruka-hlasi-prvni-ektricke-bmw","status":"publish","type":"post","link":"https:\/\/www.automakers.cz\/?p=3529","title":{"rendered":"Program Z\u00e1ruka hl\u00e1s\u00ed prvn\u00ed ektrick\u00e9 BMW"},"content":{"rendered":"<p><strong>CarTec Praha p\u0159edal 12. dubna prvn\u00ed v\u016fz BMW iX1 v r\u00e1mci programu Z\u00e1ruka Elektromobilita od N\u00e1rodn\u00ed rozvojov\u00e9 banky. Rychl\u00e9 vy\u0159\u00edzen\u00ed formalit a p\u0159ed\u00e1n\u00ed bylo mo\u017en\u00e9 d\u00edky \u00fazk\u00e9 spolupr\u00e1ci spole\u010dnost\u00ed BMW CarTec Praha, BMW Group \u010cesk\u00e1 republika, BMW Financial Services a N\u00e1rodn\u00ed rozvojov\u00e9 banky. <\/strong><!--more--><\/p>\n<p>\u201eSamotn\u00fd proces \u017e\u00e1dosti pro m\u011b jako OSV\u010c prob\u00edhal hladce a byl pom\u011brn\u011b jednoduch\u00fd. R\u00e1no 18. b\u0159ezna, kdy N\u00e1rodn\u00ed rozvojov\u00e1 banka za\u010dala p\u0159ij\u00edmat \u017e\u00e1dosti, jsem poslal vypln\u011bn\u00fd dotazn\u00edk, a je\u0161t\u011b dopoledne m\u011b kontaktovala NRB zp\u011bt. Za dva t\u00fddny byla smlouva p\u0159ipravena a\u00a0podeps\u00e1na. Oce\u0148uji perfektn\u00ed komunikaci a p\u0159ipravenost v\u0161ech z\u00fa\u010dastn\u011bn\u00fdch stran, tedy BMW Financial Services, CarTec Praha i N\u00e1rodn\u00ed rozvojov\u00e9 banky,\u201c \u0159\u00edk\u00e1 Martin V., prvn\u00ed z\u00e1kazn\u00edk BMW, kter\u00fd vyu\u017eil program Z\u00e1ruka Elektromobilita.<\/p>\n<p>V r\u00e1mci programu Z\u00e1ruka Elektromobilita lze z\u00edskat finan\u010dn\u00ed p\u0159\u00edsp\u011bvek ve v\u00fd\u0161i a\u017e 200 000 K\u010d na n\u00e1kup \u010dist\u011b elektrick\u00e9ho vozu BMW nebo MINI, stejn\u011b jako p\u0159\u00edsp\u011bvek a\u017e 50 000 K\u010d na AC nab\u00edjec\u00ed stanici a a\u017e 150 000 K\u010d na DC nab\u00edjec\u00ed stanici. To znamen\u00e1, \u017ee BMW Financial Services, specializuj\u00edc\u00ed se na financov\u00e1n\u00ed a poji\u0161t\u011bn\u00ed voz\u016f BMW a MINI, bude d\u00edky garanci od NRB poskytovat speci\u00e1ln\u011b zv\u00fdhodn\u011bn\u00e9 \u00fav\u011bry pro elektrick\u00e9 vozy BMW a MINI.<\/p>\n<p>V p\u0159\u00edpad\u011b zna\u010dky BMW lze finan\u010dn\u00ed dotaci nov\u00e9ho podp\u016frn\u00e9ho programu pou\u017e\u00edt na n\u00e1kup vybran\u00fdch typ\u016f modelov\u00fdch \u0159ad BMW i4, BMW i5, BMW iX1, BMW iX2, BMW iX3 a BMW iX, a to s\u00a0maxim\u00e1ln\u00ed cenou 1,5 milionu K\u010d bez DPH. U zna\u010dky MINI se jedn\u00e1 o\u00a0elektrick\u00e9 verze nov\u00e9ho MINI Countryman a nov\u00e9ho MINI Cooper.<\/p>\n<p><img loading=\"lazy\" decoding=\"async\" class=\"alignnone wp-image-3531\" src=\"http:\/\/www.automakers.cz\/wp-content\/uploads\/2024\/04\/BMW-elektro.jpg\" alt=\"\" width=\"939\" height=\"704\" \/><\/p>\n","protected":false},"excerpt":{"rendered":"<p>CarTec Praha p\u0159edal 12. dubna prvn\u00ed v\u016fz BMW iX1 v r\u00e1mci programu Z\u00e1ruka Elektromobilita od&#8230;<\/p>\n","protected":false},"author":2,"featured_media":3530,"comment_status":"closed","ping_status":"closed","sticky":false,"template":"","format":"standard","meta":{"footnotes":""},"categories":[9,31],"tags":[],"class_list":["post-3529","post","type-post","status-publish","format-standard","has-post-thumbnail","hentry","category-elektromobily","category-news"],"_links":{"self":[{"href":"https:\/\/www.automakers.cz\/index.php?rest_route=\/wp\/v2\/posts\/3529","targetHints":{"allow":["GET"]}}],"collection":[{"href":"https:\/\/www.automakers.cz\/index.php?rest_route=\/wp\/v2\/posts"}],"about":[{"href":"https:\/\/www.automakers.cz\/index.php?rest_route=\/wp\/v2\/types\/post"}],"author":[{"embeddable":true,"href":"https:\/\/www.automakers.cz\/index.php?rest_route=\/wp\/v2\/users\/2"}],"replies":[{"embeddable":true,"href":"https:\/\/www.automakers.cz\/index.php?rest_route=%2Fwp%2Fv2%2Fcomments&post=3529"}],"version-history":[{"count":4,"href":"https:\/\/www.automakers.cz\/index.php?rest_route=\/wp\/v2\/posts\/3529\/revisions"}],"predecessor-version":[{"id":3549,"href":"https:\/\/www.automakers.cz\/index.php?rest_route=\/wp\/v2\/posts\/3529\/revisions\/3549"}],"wp:featuredmedia":[{"embeddable":true,"href":"https:\/\/www.automakers.cz\/index.php?rest_route=\/wp\/v2\/media\/3530"}],"wp:attachment":[{"href":"https:\/\/www.automakers.cz\/index.php?rest_route=%2Fwp%2Fv2%2Fmedia&parent=3529"}],"wp:term":[{"taxonomy":"category","embeddable":true,"href":"https:\/\/www.automakers.cz\/index.php?rest_route=%2Fwp%2Fv2%2Fcategories&post=3529"},{"taxonomy":"post_tag","embeddable":true,"href":"https:\/\/www.automakers.cz\/index.php?rest_route=%2Fwp%2Fv2%2Ftags&post=3529"}],"curies":[{"name":"wp","href":"https:\/\/api.w.org\/{rel}","templated":true}]}}