{"id":3542,"date":"2024-04-23T06:19:57","date_gmt":"2024-04-23T06:19:57","guid":{"rendered":"https:\/\/www.automakers.cz\/?p=3542"},"modified":"2024-04-23T06:19:57","modified_gmt":"2024-04-23T06:19:57","slug":"mercedes-benz-prodlouzil-dojezd-eqs","status":"publish","type":"post","link":"https:\/\/www.automakers.cz\/?p=3542","title":{"rendered":"Mercedes-Benz prodlou\u017eil dojezd EQS"},"content":{"rendered":"<div class=\"HeaderContainer-sc-10zscs5-0 eAVBSF\">\n<div class=\"HeaderContainerText-sc-181ifbk-0 dhoHat\"><\/div>\n<\/div>\n<p><strong>V roce 2024 dost\u00e1v\u00e1 EQS sadu vylep\u0161en\u00ed. Vlajkov\u00e1 lo\u010f mezi elektrick\u00fdmi modely zna\u010dky p\u0159ij\u00ed\u017ed\u00ed s dojezdem prodlou\u017een\u00fdm a\u017e o 82 kilometr\u016f, s novou chromovanou maskou a vzp\u0159\u00edmenou t\u0159\u00edc\u00edpou hv\u011bzdou na kapot\u011b.<\/strong><!--more--><\/p>\n<p>D\u00edky zv\u00fd\u0161en\u00e9 kapacit\u011b trak\u010dn\u00edho akumul\u00e1toru ze 108,4 na 118 kWh se maxim\u00e1ln\u00ed dojezd verze EQS 450 4MATIC zvy\u0161uje ze 717 a\u017e na 799 kilometr\u016f (kombinovan\u00e1 spot\u0159eba energie dle WLTP 17,0\u201320,9 kWh\/100 km; kombinovan\u00e9 emise CO<sub>2<\/sub>\u00a00 g\/km). To znamen\u00e1 prodlou\u017een\u00ed dojezdu o v\u00edce ne\u017e 11 procent.<\/p>\n<p><img loading=\"lazy\" decoding=\"async\" class=\"alignnone size-medium wp-image-3544\" src=\"http:\/\/www.automakers.cz\/wp-content\/uploads\/2024\/04\/mercedes-2-900x600.webp\" alt=\"\" width=\"900\" height=\"600\" srcset=\"https:\/\/www.automakers.cz\/wp-content\/uploads\/2024\/04\/mercedes-2-900x600.webp 900w, https:\/\/www.automakers.cz\/wp-content\/uploads\/2024\/04\/mercedes-2-768x512.webp 768w, https:\/\/www.automakers.cz\/wp-content\/uploads\/2024\/04\/mercedes-2.webp 1000w\" sizes=\"auto, (max-width: 900px) 100vw, 900px\" \/>Varianta EQS 450+ s normovan\u00fdm dojezdem 683\u2013822 kilometr\u016f dokonce m\u016f\u017ee p\u0159ekonat hranici 800 km (kombinovan\u00e1 spot\u0159eba energie WLTP 16,3\u201319,9 kWh\/100 km; kombinovan\u00e9 emise CO<sub>2<\/sub>\u00a00 g\/km). St\u00e1vaj\u00edc\u00ed verze Mercedes-Benz EQS 450+ dok\u00e1zala ji\u017e v roce v\u00a0roce 2021 stanovit n\u011bkolik doposud nep\u0159ekonan\u00fdch \u010desk\u00fdch rekord\u016f.<\/p>\n<p>V\u016fz v b\u011b\u017en\u00e9m provozu ujel 852,9 km na jedno nabit\u00ed. V\u00fdsledek byl ov\u011b\u0159en a zaps\u00e1n do \u010cesk\u00e9 databanky rekord\u016f. V praxi dosa\u017een\u00e1 hodnota t\u00e9m\u011b\u0159 853 km je tak d\u016fkazem, \u017ee p\u0159edv\u00eddavou j\u00edzdou lze dos\u00e1hnout i lep\u0161\u00edho v\u00fdsledku, ne\u017e kolik stanovuje p\u0159edpis. Skute\u010dn\u00e1 spot\u0159eba b\u011bhem zkou\u0161ky, zji\u0161t\u011bn\u00e1 po dobit\u00ed akumul\u00e1toru zp\u011bt na 100 % v\u010detn\u011b ztr\u00e1t p\u0159i dob\u00edjen\u00ed, \u010dinila 13,43 kWh\/100 km.<\/p>\n<div class=\"BodyContainer-sc-2rfu1c-0 eAboOU\">\n<div class=\"BodyContainerContent-sc-19ju3fv-0 eaFkwA\">\n<div class=\"ContentContainer-sc-ooktgz-0\">\n<p>Mercedes-Benz tak\u00e9 zv\u00fd\u0161il hmotnost p\u0159\u00edv\u011bs\u016f pro sedany EQS a EQE s\u00a0pohonem v\u0161ech kol 4MATIC, a to ze 750 na 1\u00a0700 kilogram\u016f. To znamen\u00e1, \u017ee dosahuj\u00ed podobn\u00e9 \u00farovn\u011b jako varianty SUV. Nov\u011b tak mohou z\u00e1kazn\u00edci zapojit za elektromobil nap\u0159\u00edklad p\u0159\u00edv\u011bs pro transport kon\u00ed.<\/p>\n<p><img loading=\"lazy\" decoding=\"async\" class=\"alignnone size-medium wp-image-3545\" src=\"http:\/\/www.automakers.cz\/wp-content\/uploads\/2024\/04\/mercedes-3-900x507.webp\" alt=\"\" width=\"900\" height=\"507\" srcset=\"https:\/\/www.automakers.cz\/wp-content\/uploads\/2024\/04\/mercedes-3-900x507.webp 900w, https:\/\/www.automakers.cz\/wp-content\/uploads\/2024\/04\/mercedes-3-768x432.webp 768w, https:\/\/www.automakers.cz\/wp-content\/uploads\/2024\/04\/mercedes-3.webp 1000w\" sizes=\"auto, (max-width: 900px) 100vw, 900px\" \/><\/p>\n<\/div>\n<\/div>\n<\/div>\n","protected":false},"excerpt":{"rendered":"<p>V roce 2024 dost\u00e1v\u00e1 EQS sadu vylep\u0161en\u00ed. Vlajkov\u00e1 lo\u010f mezi elektrick\u00fdmi modely zna\u010dky p\u0159ij\u00ed\u017ed\u00ed s&#8230;<\/p>\n","protected":false},"author":2,"featured_media":3543,"comment_status":"closed","ping_status":"closed","sticky":false,"template":"","format":"standard","meta":{"footnotes":""},"categories":[9,40],"tags":[],"class_list":["post-3542","post","type-post","status-publish","format-standard","has-post-thumbnail","hentry","category-elektromobily","category-technologie"],"_links":{"self":[{"href":"https:\/\/www.automakers.cz\/index.php?rest_route=\/wp\/v2\/posts\/3542","targetHints":{"allow":["GET"]}}],"collection":[{"href":"https:\/\/www.automakers.cz\/index.php?rest_route=\/wp\/v2\/posts"}],"about":[{"href":"https:\/\/www.automakers.cz\/index.php?rest_route=\/wp\/v2\/types\/post"}],"author":[{"embeddable":true,"href":"https:\/\/www.automakers.cz\/index.php?rest_route=\/wp\/v2\/users\/2"}],"replies":[{"embeddable":true,"href":"https:\/\/www.automakers.cz\/index.php?rest_route=%2Fwp%2Fv2%2Fcomments&post=3542"}],"version-history":[{"count":3,"href":"https:\/\/www.automakers.cz\/index.php?rest_route=\/wp\/v2\/posts\/3542\/revisions"}],"predecessor-version":[{"id":3564,"href":"https:\/\/www.automakers.cz\/index.php?rest_route=\/wp\/v2\/posts\/3542\/revisions\/3564"}],"wp:featuredmedia":[{"embeddable":true,"href":"https:\/\/www.automakers.cz\/index.php?rest_route=\/wp\/v2\/media\/3543"}],"wp:attachment":[{"href":"https:\/\/www.automakers.cz\/index.php?rest_route=%2Fwp%2Fv2%2Fmedia&parent=3542"}],"wp:term":[{"taxonomy":"category","embeddable":true,"href":"https:\/\/www.automakers.cz\/index.php?rest_route=%2Fwp%2Fv2%2Fcategories&post=3542"},{"taxonomy":"post_tag","embeddable":true,"href":"https:\/\/www.automakers.cz\/index.php?rest_route=%2Fwp%2Fv2%2Ftags&post=3542"}],"curies":[{"name":"wp","href":"https:\/\/api.w.org\/{rel}","templated":true}]}}