{"id":3550,"date":"2024-04-22T06:08:40","date_gmt":"2024-04-22T06:08:40","guid":{"rendered":"https:\/\/www.automakers.cz\/?p=3550"},"modified":"2024-04-22T06:08:40","modified_gmt":"2024-04-22T06:08:40","slug":"bosch-chysta-snizovani-nakladu","status":"publish","type":"post","link":"https:\/\/www.automakers.cz\/?p=3550","title":{"rendered":"Bosch chyst\u00e1 sni\u017eov\u00e1n\u00ed n\u00e1klad\u016f"},"content":{"rendered":"<p><strong>Spole\u010dnost Bosch ozn\u00e1mila dal\u0161\u00ed sni\u017eov\u00e1n\u00ed n\u00e1klad\u016f a sni\u017eov\u00e1n\u00ed po\u010dtu zam\u011bstnanc\u016f kv\u016fli chmurn\u00e9mu v\u00fdhledu na rok 2024. Spole\u010dnost o\u010dek\u00e1v\u00e1 stagnaci v\u00fdroby vozidel, co\u017e bude m\u00edt dopad na ziskov\u00e9 mar\u017ee. <\/strong><!--more--><\/p>\n<p>Aby si spole\u010dnost Bosch udr\u017eela konkurenceschopnost v prost\u0159ed\u00ed, kde i dal\u0161\u00ed v\u00fdznamn\u00ed hr\u00e1\u010di jako Continental a ZF ozn\u00e1mili sni\u017eov\u00e1n\u00ed po\u010dtu pracovn\u00edch m\u00edst, pova\u017euje Bosch tato opat\u0159en\u00ed za nezbytn\u00e1<span>.\u00a0<\/span><\/p>\n<p>Krom\u011b toho se Bosch chyst\u00e1 v p\u0159\u00ed\u0161t\u00edch n\u011bkolika letech dod\u00e1vat prvn\u00ed projekty \u010d\u00ednsk\u00fdch v\u00fdrobc\u016f automobil\u016f v Evrop\u011b a navy\u0161uje kapacity v \u010c\u00edn\u011b<span>.<\/span><\/p>\n<p><strong>Zdroj: Bloomberg<\/strong><\/p>\n","protected":false},"excerpt":{"rendered":"<p>Spole\u010dnost Bosch ozn\u00e1mila dal\u0161\u00ed sni\u017eov\u00e1n\u00ed n\u00e1klad\u016f a sni\u017eov\u00e1n\u00ed po\u010dtu zam\u011bstnanc\u016f kv\u016fli chmurn\u00e9mu v\u00fdhledu na rok&#8230;<\/p>\n","protected":false},"author":1,"featured_media":3551,"comment_status":"closed","ping_status":"closed","sticky":false,"template":"","format":"standard","meta":{"footnotes":""},"categories":[23],"tags":[],"class_list":["post-3550","post","type-post","status-publish","format-standard","has-post-thumbnail","hentry","category-dodavatele"],"_links":{"self":[{"href":"https:\/\/www.automakers.cz\/index.php?rest_route=\/wp\/v2\/posts\/3550","targetHints":{"allow":["GET"]}}],"collection":[{"href":"https:\/\/www.automakers.cz\/index.php?rest_route=\/wp\/v2\/posts"}],"about":[{"href":"https:\/\/www.automakers.cz\/index.php?rest_route=\/wp\/v2\/types\/post"}],"author":[{"embeddable":true,"href":"https:\/\/www.automakers.cz\/index.php?rest_route=\/wp\/v2\/users\/1"}],"replies":[{"embeddable":true,"href":"https:\/\/www.automakers.cz\/index.php?rest_route=%2Fwp%2Fv2%2Fcomments&post=3550"}],"version-history":[{"count":2,"href":"https:\/\/www.automakers.cz\/index.php?rest_route=\/wp\/v2\/posts\/3550\/revisions"}],"predecessor-version":[{"id":3553,"href":"https:\/\/www.automakers.cz\/index.php?rest_route=\/wp\/v2\/posts\/3550\/revisions\/3553"}],"wp:featuredmedia":[{"embeddable":true,"href":"https:\/\/www.automakers.cz\/index.php?rest_route=\/wp\/v2\/media\/3551"}],"wp:attachment":[{"href":"https:\/\/www.automakers.cz\/index.php?rest_route=%2Fwp%2Fv2%2Fmedia&parent=3550"}],"wp:term":[{"taxonomy":"category","embeddable":true,"href":"https:\/\/www.automakers.cz\/index.php?rest_route=%2Fwp%2Fv2%2Fcategories&post=3550"},{"taxonomy":"post_tag","embeddable":true,"href":"https:\/\/www.automakers.cz\/index.php?rest_route=%2Fwp%2Fv2%2Ftags&post=3550"}],"curies":[{"name":"wp","href":"https:\/\/api.w.org\/{rel}","templated":true}]}}