{"id":357,"date":"2023-11-16T10:13:14","date_gmt":"2023-11-16T10:13:14","guid":{"rendered":"https:\/\/www.automakers.cz\/?p=357"},"modified":"2023-11-16T10:14:07","modified_gmt":"2023-11-16T10:14:07","slug":"svaz-prumyslu-a-dopravy-povede-novy-reditel","status":"publish","type":"post","link":"https:\/\/www.automakers.cz\/?p=357","title":{"rendered":"Svaz pr\u016fmyslu a dopravy s nov\u00fdm \u0161\u00e9fem"},"content":{"rendered":"<p><strong>Gener\u00e1ln\u00edm \u0159editelem Svazu pr\u016fmyslu a dopravy \u010cR se od 1. ledna 2024 stane Daniel Urban. Dosavadn\u00edho p\u0159edsedu p\u0159edstavenstva Ocel\u00e1\u0159sk\u00e9 unie do funkce jmenovalo p\u0159edstavenstvo Svazu na mimo\u0159\u00e1dn\u00e9m \u0159\u00edjnov\u00e9m jedn\u00e1n\u00ed. <\/strong><!--more--><\/p>\n<p>Daniel Urban v \u010dele SP \u010cR nahrad\u00ed Dagmar Kuchtovou, kter\u00e1 je gener\u00e1ln\u00ed \u0159editelkou od roku 2014 a na z\u00e1klad\u011b vlastn\u00edho rozhodnut\u00ed na konci leto\u0161n\u00edho roku z pozice odch\u00e1z\u00ed.<\/p>\n<p>Daniel Urban p\u0159ich\u00e1z\u00ed coby p\u0159edseda p\u0159edstavenstva Ocel\u00e1\u0159sk\u00e9 unie, kter\u00e1 sdru\u017euje v\u0161echny hlavn\u00ed v\u00fdrobce oceli v \u010cesku i na Slovensku. V minulosti p\u016fsobil mimo jin\u00e9 ve spole\u010dnosti ArcelorMittal Ostrava (dne\u0161n\u00ed Liberty Ostrava) a v energetice. Vystudoval politologii na Karlov\u011b univerzit\u011b v Praze a SUNY New Paltz v USA.<\/p>\n<p>\u201e<em>Svaz pr\u016fmyslu a dopravy vid\u00edm jako silnou modern\u00ed organizaci, kter\u00e1 m\u016f\u017ee se sv\u00fdmi \u010dleny pracovat na rozvoji podnikatelsk\u00e9ho prost\u0159ed\u00ed. Tomu je pot\u0159eba pr\u00e1v\u011b te\u010f v\u011bnovat pozornost v\u00edce ne\u017e kdy jindy. V\u00edm, \u017ee p\u0159eb\u00edr\u00e1m sekretari\u00e1t, ve kter\u00e9m pracuj\u00ed zku\u0161en\u00ed odborn\u00edci, na jejich\u017e expert\u00edzy se m\u016f\u017eeme spolehnout a t\u011b\u0161\u00edm se na spolupr\u00e1ci s\u00a0nimi,\u201c<\/em>\u00a0\u0159\u00edk\u00e1 Daniel Urban, nov\u011b jmenovan\u00fd gener\u00e1ln\u00ed \u0159editel SP \u010cR.<\/p>\n<p>Dosavadn\u00ed gener\u00e1ln\u00ed \u0159editelka Dagmar Kuchtov\u00e1 vede sekretari\u00e1t Svazu od roku 2014. V nejv\u011bt\u0161\u00ed zam\u011bstnavatelsk\u00e9 organizaci v \u010cesku pracuje ale ji\u017e od 90. let. V minulosti mj. \u0159\u00eddila Sekci mezin\u00e1rodn\u00edch vztah\u016f. V leto\u0161n\u00edm roce se rozhodla nepokra\u010dovat ve sv\u00e9 dosavadn\u00ed pozici. Se Svazem bude ale d\u00e1le spolupracovat.\u00a0<em>\u201eJsem vd\u011b\u010dn\u00e1 za ta l\u00e9ta, kdy jsem mohla b\u00fdt na Svazu u rozvoje podnikatelsk\u00fdch mis\u00ed, pod\u00edlet se na zlep\u0161ov\u00e1n\u00ed proexportn\u00ed politiky, ekonomick\u00e9 diplomacie i mezin\u00e1rodn\u00edch aktivit Svazu, ale p\u0159edev\u0161\u00edm na rozvoji \u010dlensk\u00e9 z\u00e1kladny. V\u011b\u0159\u00edm, \u017ee Daniel Urban bude aktivity Svazu a jeho renom\u00e9 d\u00e1l rozv\u00edjet p\u0159edev\u0161\u00edm sm\u011brem k jeho \u010dlen\u016fm,\u201c<\/em>\u00a0komentuje Dagmar Kuchtov\u00e1.<\/p>\n<p>Gener\u00e1ln\u00ed \u0159editel Svazu pr\u016fmyslu a dopravy \u010cR m\u00e1 na starosti p\u0159edev\u0161\u00edm ka\u017edodenn\u00ed chod organizace a \u0159\u00edzen\u00ed cel\u00e9ho sekretari\u00e1tu, kter\u00fd \u010d\u00edt\u00e1 na \u0161est des\u00edtek odborn\u00edk\u016f jak v Praze, tak v region\u00e1ln\u00edch zastoupen\u00edch. Sou\u010dasn\u011b reprezentuje Svaz na jedn\u00e1n\u00edch s partnery na n\u00e1rodn\u00ed i mezin\u00e1rodn\u00ed \u00farovni.<\/p>\n<p><em>\u201eNov\u00fd gener\u00e1ln\u00ed \u0159editel Daniel Urban p\u0159in\u00e1\u0161\u00ed zku\u0161enosti z fungov\u00e1n\u00ed podnikatelsk\u00fdch asociac\u00ed a tak\u00e9 \u010desk\u00e9ho pr\u016fmyslu. Jako st\u00e1vaj\u00edc\u00ed \u010dlen p\u0159edstavenstva u\u017e je zapojen do \u010dinnost\u00ed Svazu. Aby byla zachov\u00e1na kontinuita a p\u0159ed\u00e1n\u00ed sekretari\u00e1tu bylo co nejhlad\u0161\u00ed, za\u010dne nov\u00fd gener\u00e1ln\u00ed \u0159editel ji\u017e nyn\u00ed pracovat se sou\u010dasnou gener\u00e1ln\u00ed \u0159editelkou, aby mohl funkci od ledna pln\u011b p\u0159evz\u00edt,\u201c<\/em><em>\u00a0<\/em>dod\u00e1v\u00e1 Jan Rafaj, prezident Svazu pr\u016fmyslu a dopravy \u010cR.<\/p>\n","protected":false},"excerpt":{"rendered":"<p>Gener\u00e1ln\u00edm \u0159editelem Svazu pr\u016fmyslu a dopravy \u010cR se od 1. ledna 2024 stane Daniel Urban&#8230;.<\/p>\n","protected":false},"author":1,"featured_media":358,"comment_status":"open","ping_status":"open","sticky":false,"template":"","format":"standard","meta":{"footnotes":""},"categories":[6,5],"tags":[],"class_list":["post-357","post","type-post","status-publish","format-standard","has-post-thumbnail","hentry","category-management","category-personalie"],"_links":{"self":[{"href":"https:\/\/www.automakers.cz\/index.php?rest_route=\/wp\/v2\/posts\/357","targetHints":{"allow":["GET"]}}],"collection":[{"href":"https:\/\/www.automakers.cz\/index.php?rest_route=\/wp\/v2\/posts"}],"about":[{"href":"https:\/\/www.automakers.cz\/index.php?rest_route=\/wp\/v2\/types\/post"}],"author":[{"embeddable":true,"href":"https:\/\/www.automakers.cz\/index.php?rest_route=\/wp\/v2\/users\/1"}],"replies":[{"embeddable":true,"href":"https:\/\/www.automakers.cz\/index.php?rest_route=%2Fwp%2Fv2%2Fcomments&post=357"}],"version-history":[{"count":3,"href":"https:\/\/www.automakers.cz\/index.php?rest_route=\/wp\/v2\/posts\/357\/revisions"}],"predecessor-version":[{"id":362,"href":"https:\/\/www.automakers.cz\/index.php?rest_route=\/wp\/v2\/posts\/357\/revisions\/362"}],"wp:featuredmedia":[{"embeddable":true,"href":"https:\/\/www.automakers.cz\/index.php?rest_route=\/wp\/v2\/media\/358"}],"wp:attachment":[{"href":"https:\/\/www.automakers.cz\/index.php?rest_route=%2Fwp%2Fv2%2Fmedia&parent=357"}],"wp:term":[{"taxonomy":"category","embeddable":true,"href":"https:\/\/www.automakers.cz\/index.php?rest_route=%2Fwp%2Fv2%2Fcategories&post=357"},{"taxonomy":"post_tag","embeddable":true,"href":"https:\/\/www.automakers.cz\/index.php?rest_route=%2Fwp%2Fv2%2Ftags&post=357"}],"curies":[{"name":"wp","href":"https:\/\/api.w.org\/{rel}","templated":true}]}}