{"id":3570,"date":"2024-04-23T07:13:57","date_gmt":"2024-04-23T07:13:57","guid":{"rendered":"https:\/\/www.automakers.cz\/?p=3570"},"modified":"2024-04-23T07:15:35","modified_gmt":"2024-04-23T07:15:35","slug":"schaeffler-tento-tyden-pohlti-vitesco","status":"publish","type":"post","link":"https:\/\/www.automakers.cz\/?p=3570","title":{"rendered":"Schaeffler tento t\u00fdden pohlt\u00ed Vitesco"},"content":{"rendered":"<p><strong>Ve st\u0159edu a ve \u010dtvrtek se kon\u00e1 rozhoduj\u00edc\u00ed v\u00fdro\u010dn\u00ed valn\u00e1 hromada: Schaeffler z\u0159ejm\u011b z\u00edsk\u00e1 po ne\u00fasp\u011b\u0161n\u00e9m pokusu o p\u0159evzet\u00ed spole\u010dnosti Conti alespo\u0148 d\u0159\u00edv\u011bj\u0161\u00ed \u010d\u00e1st hannoversk\u00e9 spole\u010dnosti ve Vitescu. Dohoda je t\u00e9m\u011b\u0159 jist\u00e1.<\/strong><!--more--><\/p>\n<p id=\"first-graph\" class=\"paragraph-newsletter-1\">P\u0159edseda p\u0159edstavenstva spole\u010dnosti Schaeffler Klaus Rosenfeld neodolal anekdot\u011b na okraj v\u00fdro\u010dn\u00ed tiskov\u00e9 konference dodavatele. Po ohl\u00e1\u0161en\u00e9m p\u0159evzet\u00ed spole\u010dnosti Vitesco mu zavolal francouzsk\u00fd kolega z gener\u00e1ln\u00edho \u0159editele a \u0159ekl: &#8222;V\u00edtejte v klubu deseti&#8220; \u2013 v nar\u00e1\u017ece na skute\u010dnost, \u017ee Schaeffler bude po f\u00fazi se spole\u010dnost\u00ed Vitesco jedn\u00edm z deseti nejv\u011bt\u0161\u00edch dodavatel\u016f automobilov\u00e9ho pr\u016fmyslu.<\/p>\n<p class=\"paragraph-newsletter-1\">Pokud se transakce uskute\u010dn\u00ed, vznikne skupina se 120 000 zam\u011bstnanci, 100 z\u00e1vody po cel\u00e9m sv\u011bt\u011b a tr\u017ebami kolem 25 miliard eur.<\/p>\n<p class=\"paragraph-newsletter-1\"><strong>Zdroj: Autowoche.de<\/strong><\/p>\n<p>&nbsp;<\/p>\n<p>&nbsp;<\/p>\n<div id=\"paywall-wrapper\" class=\"inline-paywall-transitions\"><\/div>\n","protected":false},"excerpt":{"rendered":"<p>Ve st\u0159edu a ve \u010dtvrtek se kon\u00e1 rozhoduj\u00edc\u00ed v\u00fdro\u010dn\u00ed valn\u00e1 hromada: Schaeffler z\u0159ejm\u011b z\u00edsk\u00e1 po&#8230;<\/p>\n","protected":false},"author":1,"featured_media":3577,"comment_status":"closed","ping_status":"closed","sticky":false,"template":"","format":"standard","meta":{"footnotes":""},"categories":[3],"tags":[],"class_list":["post-3570","post","type-post","status-publish","format-standard","has-post-thumbnail","hentry","category-investice"],"_links":{"self":[{"href":"https:\/\/www.automakers.cz\/index.php?rest_route=\/wp\/v2\/posts\/3570","targetHints":{"allow":["GET"]}}],"collection":[{"href":"https:\/\/www.automakers.cz\/index.php?rest_route=\/wp\/v2\/posts"}],"about":[{"href":"https:\/\/www.automakers.cz\/index.php?rest_route=\/wp\/v2\/types\/post"}],"author":[{"embeddable":true,"href":"https:\/\/www.automakers.cz\/index.php?rest_route=\/wp\/v2\/users\/1"}],"replies":[{"embeddable":true,"href":"https:\/\/www.automakers.cz\/index.php?rest_route=%2Fwp%2Fv2%2Fcomments&post=3570"}],"version-history":[{"count":3,"href":"https:\/\/www.automakers.cz\/index.php?rest_route=\/wp\/v2\/posts\/3570\/revisions"}],"predecessor-version":[{"id":3580,"href":"https:\/\/www.automakers.cz\/index.php?rest_route=\/wp\/v2\/posts\/3570\/revisions\/3580"}],"wp:featuredmedia":[{"embeddable":true,"href":"https:\/\/www.automakers.cz\/index.php?rest_route=\/wp\/v2\/media\/3577"}],"wp:attachment":[{"href":"https:\/\/www.automakers.cz\/index.php?rest_route=%2Fwp%2Fv2%2Fmedia&parent=3570"}],"wp:term":[{"taxonomy":"category","embeddable":true,"href":"https:\/\/www.automakers.cz\/index.php?rest_route=%2Fwp%2Fv2%2Fcategories&post=3570"},{"taxonomy":"post_tag","embeddable":true,"href":"https:\/\/www.automakers.cz\/index.php?rest_route=%2Fwp%2Fv2%2Ftags&post=3570"}],"curies":[{"name":"wp","href":"https:\/\/api.w.org\/{rel}","templated":true}]}}