{"id":3571,"date":"2024-04-24T07:10:51","date_gmt":"2024-04-24T07:10:51","guid":{"rendered":"https:\/\/www.automakers.cz\/?p=3571"},"modified":"2024-04-24T07:11:04","modified_gmt":"2024-04-24T07:11:04","slug":"zrno-zrnko-testuje-elektricke-fordy","status":"publish","type":"post","link":"https:\/\/www.automakers.cz\/?p=3571","title":{"rendered":"Zrno Zrnko testuje elektrick\u00e9 Fordy"},"content":{"rendered":"<p><strong>Pek\u00e1rna Zrno zrnko ke st\u00e1vaj\u00edc\u00edm \u0161esti pobo\u010dk\u00e1m po cel\u00e9 Praze brzy p\u0159id\u00e1 dal\u0161\u00ed \u2013 tentokr\u00e1t na Sm\u00edchov\u011b. Nov\u011b z\u00e1sobuje dv\u011bma pln\u011b elektrick\u00fdmi dod\u00e1vkami zna\u010dky Ford. <\/strong><!--more--><\/p>\n<p>Po\u0159\u00edzen\u00ed dvou nov\u00fdch elektrick\u00fdch dod\u00e1vek je v\u00fdsledkem spolupr\u00e1ce se spole\u010dnost\u00ed Arval, l\u00eddrem v oblasti operativn\u00edho leasingu vozidel. Spolumajitel \u0159emesln\u00e9 pek\u00e1rny Zrno zrnko Ond\u0159ej Kucha\u0159 up\u0159es\u0148uje:<\/p>\n<p>\u201eNa\u0161e motivace je jasn\u00e1. P\u0159i cest\u00e1ch mezi prodejnami nechceme Prahu je\u0161t\u011b v\u00edce zamo\u0159ovat hlukem a smradem. Mysl\u00edm, \u017ee p\u0159esn\u011b to vystihuj\u00ed texty na polepech dod\u00e1vek: \u00b4Jezd\u00edme bez emis\u00ed, aby tu von\u011blo jen na\u0161e pe\u010divo. \/ Jezd\u00edme tak potichu, \u017ee je sly\u0161et pe\u010divo k\u0159upat.\u00b4\u201c<\/p>\n<p>D\u00edky origin\u00e1ln\u00edm polep\u016fm nep\u0159ehl\u00e9dnuteln\u00e9 elektrodod\u00e1vky Zrno zrnko jsou vnit\u0159n\u00ed v\u00fdbavou speci\u00e1ln\u011b uzp\u016fsobeny pro bezpe\u010dn\u00fd a \u0161etrn\u00fd transport pek\u00e1rensk\u00fdch v\u00fdrobk\u016f. Ka\u017ed\u00fd kousek se tak k z\u00e1kazn\u00edk\u016fm dostane v perfektn\u00ed kondici.<\/p>\n<p>\u201eMus\u00edm \u0159\u00edct, \u017ee Zrno zrnko je v tomhle ohledu pr\u016fkopn\u00edkem,\u201c komentuje po\u0159\u00edzen\u00ed dvou elektrick\u00fdch dod\u00e1vek Martina Blatnick\u00e1, obchodn\u00ed \u0159editelka v Arval. \u201eV \u010cesk\u00e9 republice zat\u00edm nen\u00ed \u00fapln\u011b standardn\u00ed, aby si men\u0161\u00ed podniky pro sv\u016fj denn\u00ed provoz po\u0159izovali elektrodod\u00e1vky. Ve velk\u00fdch m\u011bstech jako je Praha, Brno \u010di dal\u0161\u00ed krajsk\u00e1 m\u011bsta se p\u0159itom m\u016f\u017ee jednat o skv\u011blou a velmi ekologickou variantu dopravy zbo\u017e\u00ed a produkt\u016f,\u201c dod\u00e1v\u00e1.<\/p>\n","protected":false},"excerpt":{"rendered":"<p>Pek\u00e1rna Zrno zrnko ke st\u00e1vaj\u00edc\u00edm \u0161esti pobo\u010dk\u00e1m po cel\u00e9 Praze brzy p\u0159id\u00e1 dal\u0161\u00ed \u2013 tentokr\u00e1t&#8230;<\/p>\n","protected":false},"author":2,"featured_media":3572,"comment_status":"closed","ping_status":"closed","sticky":false,"template":"","format":"standard","meta":{"footnotes":""},"categories":[41,9],"tags":[],"class_list":["post-3571","post","type-post","status-publish","format-standard","has-post-thumbnail","hentry","category-ekologie","category-elektromobily"],"_links":{"self":[{"href":"https:\/\/www.automakers.cz\/index.php?rest_route=\/wp\/v2\/posts\/3571","targetHints":{"allow":["GET"]}}],"collection":[{"href":"https:\/\/www.automakers.cz\/index.php?rest_route=\/wp\/v2\/posts"}],"about":[{"href":"https:\/\/www.automakers.cz\/index.php?rest_route=\/wp\/v2\/types\/post"}],"author":[{"embeddable":true,"href":"https:\/\/www.automakers.cz\/index.php?rest_route=\/wp\/v2\/users\/2"}],"replies":[{"embeddable":true,"href":"https:\/\/www.automakers.cz\/index.php?rest_route=%2Fwp%2Fv2%2Fcomments&post=3571"}],"version-history":[{"count":6,"href":"https:\/\/www.automakers.cz\/index.php?rest_route=\/wp\/v2\/posts\/3571\/revisions"}],"predecessor-version":[{"id":3610,"href":"https:\/\/www.automakers.cz\/index.php?rest_route=\/wp\/v2\/posts\/3571\/revisions\/3610"}],"wp:featuredmedia":[{"embeddable":true,"href":"https:\/\/www.automakers.cz\/index.php?rest_route=\/wp\/v2\/media\/3572"}],"wp:attachment":[{"href":"https:\/\/www.automakers.cz\/index.php?rest_route=%2Fwp%2Fv2%2Fmedia&parent=3571"}],"wp:term":[{"taxonomy":"category","embeddable":true,"href":"https:\/\/www.automakers.cz\/index.php?rest_route=%2Fwp%2Fv2%2Fcategories&post=3571"},{"taxonomy":"post_tag","embeddable":true,"href":"https:\/\/www.automakers.cz\/index.php?rest_route=%2Fwp%2Fv2%2Ftags&post=3571"}],"curies":[{"name":"wp","href":"https:\/\/api.w.org\/{rel}","templated":true}]}}