{"id":3585,"date":"2024-04-23T08:30:47","date_gmt":"2024-04-23T08:30:47","guid":{"rendered":"https:\/\/www.automakers.cz\/?p=3585"},"modified":"2024-04-24T10:29:58","modified_gmt":"2024-04-24T10:29:58","slug":"toyota-mela-testovaci-den-v-hradci-kralove","status":"publish","type":"post","link":"https:\/\/www.automakers.cz\/?p=3585","title":{"rendered":"Toyota m\u011bla testovac\u00ed den v Hradci (Video)"},"content":{"rendered":"<p><strong>Mana\u017ee\u0159i Toyoty Czech sezvali fleetov\u00e9 z\u00e1kazn\u00edky a novin\u00e1\u0159e na nejv\u011bt\u0161\u00ed testovac\u00ed akci leto\u0161n\u00edho roku. Na Polygonu leti\u0161t\u011b v Hradci Kr\u00e1lov\u00e9 mohli z\u00e1jemci b\u011bhem t\u0159\u00ed dn\u016f otestovat v r\u00e1mci festivalu mobility kompletn\u00ed nab\u00eddku zna\u010dek Toyota\u00a0 Lexus.<\/strong><!--more--><\/p>\n<p>&#8222;St\u0159eda a \u010dtvrtek\u00a0 pat\u0159ily\u00a0 na\u0161im fleetov\u00fdm klient\u016fm, do Hradce dorazila celkem zhruba tis\u00edcovka z\u00e1jemc\u016f. P\u00e1tek pak byl\u00a0 ur\u010den novin\u00e1\u0159\u016fm,&#8220; \u0159ekl n\u00e1m \u0161\u00e9f importu Martin Pele\u0161ka p\u0159\u00edmo na m\u00edst\u011b.<\/p>\n<figure class=\"wp-block-embed wp-block-embed-youtube is-type-video is-provider-youtube epyt-figure\"><div class=\"wp-block-embed__wrapper\"><iframe loading=\"lazy\"  id=\"_ytid_54118\"  width=\"640\" height=\"360\"  data-origwidth=\"640\" data-origheight=\"360\" src=\"https:\/\/www.youtube.com\/embed\/Gocr2pCAemw?enablejsapi=1&autoplay=0&cc_load_policy=0&cc_lang_pref=&iv_load_policy=1&loop=0&modestbranding=0&rel=1&fs=1&playsinline=0&autohide=2&theme=dark&color=red&controls=1&\" class=\"__youtube_prefs__  no-lazyload\" title=\"YouTube player\"  allow=\"accelerometer; autoplay; clipboard-write; encrypted-media; gyroscope; picture-in-picture\" allowfullscreen data-no-lazy=\"1\" data-skipgform_ajax_framebjll=\"\"><\/iframe><\/div><\/figure>\n<p>C\u00edlem festivalu bylo p\u0159esv\u011bd\u010dit fleetov\u00e9 klienty, \u017ee u zna\u010dek Toyota a Lexus si vyberou p\u0159esn\u011b takov\u00e9 \u0159e\u0161en\u00ed, kter\u00e9 nejv\u00edce odpov\u00edd\u00e1 jejich pot\u0159eb\u00e1m, pou\u017e\u00edv\u00e1n\u00ed auta a preferenc\u00edm \u2013 benzin, hybrid, plug-in hybrid, elektro, nebo diesel, p\u0159\u00edpadn\u011b slibn\u011b se rozv\u00edjej\u00edc\u00ed pohon vod\u00edkov\u00fdmi palivov\u00fdmi \u010dl\u00e1nky. <strong><br \/>\n<\/strong><\/p>\n<p><img loading=\"lazy\" decoding=\"async\" class=\"alignnone size-medium wp-image-3595\" src=\"http:\/\/www.automakers.cz\/wp-content\/uploads\/2024\/04\/Toyota-Hradec-Kinto-900x675.jpg\" alt=\"\" width=\"900\" height=\"675\" srcset=\"https:\/\/www.automakers.cz\/wp-content\/uploads\/2024\/04\/Toyota-Hradec-Kinto-900x675.jpg 900w, https:\/\/www.automakers.cz\/wp-content\/uploads\/2024\/04\/Toyota-Hradec-Kinto-1024x768.jpg 1024w, https:\/\/www.automakers.cz\/wp-content\/uploads\/2024\/04\/Toyota-Hradec-Kinto-768x576.jpg 768w, https:\/\/www.automakers.cz\/wp-content\/uploads\/2024\/04\/Toyota-Hradec-Kinto-1536x1152.jpg 1536w, https:\/\/www.automakers.cz\/wp-content\/uploads\/2024\/04\/Toyota-Hradec-Kinto.jpg 2040w\" sizes=\"auto, (max-width: 900px) 100vw, 900px\" \/><\/p>\n<p><strong>FESTIVAL MOBILITY TOYOTA &amp; LEXUS<\/strong><\/p>\n<ul>\n<li>Kompletn\u00ed modelov\u00e1 \u0159ada Toyota a Lexus p\u0159ipraven\u00e1 k\u00a0testov\u00e1n\u00ed v\u00a0b\u011b\u017en\u00e9m provozu<\/li>\n<li>Kompletn\u00ed \u0159ada vozidel 4&#215;4 p\u0159ipraven\u00e1 k testov\u00e1n\u00ed v ter\u00e9nu<\/li>\n<li>Expozice pr\u00e9miov\u00e9 zna\u010dky Lexus<\/li>\n<li>Zcela nov\u00fd Lexus LBX<\/li>\n<li>Expozice cel\u00e9ho portfolia zna\u010dky Toyota, v\u010detn\u011b novinek (od mal\u00fdch aut, p\u0159es komb\u00edky, SUV v\u0161ech kategori\u00ed, a\u017e po dod\u00e1vky v\u0161ech velikost\u00ed a ter\u00e9nn\u00ed pracovn\u00ed pick-upy)<\/li>\n<li>V\u00a0exkluzivn\u00ed p\u0159edpremi\u00e9\u0159e a v\u016fbec poprv\u00e9 v\u00a0\u010cR nov\u00e1\u00a0generace Toyota Camry a nov\u00e1 Toyota Proace Max (staticky)<\/li>\n<li>Nov\u00e1 Toyota C-HR na testovac\u00ed j\u00edzdy<\/li>\n<li>Modernizovan\u00e9 Toyota Proace a Toyota Proace City v\u00a0n\u00e1rodn\u00ed premi\u00e9\u0159e<\/li>\n<li>Expozice p\u0159estaveb u\u017eitkov\u00fdch vozidel a konverz\u00ed certifikovan\u00fdch zna\u010dkou Toyota (n\u00e1stavby, p\u0159estavby, vozidla z\u00e1chrann\u00fdch slo\u017eek, kempovac\u00ed p\u0159estavby)<\/li>\n<li>Expozice p\u0159\u00edslu\u0161enstv\u00ed Toyota a Lexus<\/li>\n<li>N\u00e1hled do v\u00fdrobn\u00ed kuchyn\u011b prost\u0159ednictv\u00edm expozice v\u00fdrobn\u00edho z\u00e1vodu Toyota Motor Manufacturing Czech<\/li>\n<li>Kinto One \u2013 p\u0159edstaven\u00ed chytr\u00e9ho financov\u00e1n\u00ed pro velk\u00e9 firmy i drobn\u00e9 \u017eivnostn\u00edky.<\/li>\n<\/ul>\n<p><strong>Doprovodn\u00fd program:<\/strong><\/p>\n<ul>\n<li>P\u0159edstaven\u00ed t\u00fdmu Toyota Gazoo Racing Czech a \u201edakarsk\u00e9ho\u201c speci\u00e1lu Toyota Hilux T1+<\/li>\n<li>Exkluzivn\u00ed premi\u00e9ra z\u00e1vodn\u00edho speci\u00e1lu GR Yaris Rally 2<\/li>\n<li>Sekce sportovn\u00edch vozidel \u0159ady Toyota GR<\/li>\n<li>Expozice historick\u00fdch vozidel Toyota a Lexus<\/li>\n<li>Koutek Toyota Gazoo Racing \u2013 j\u00edzda na \u010das v\u00a0z\u00e1vodn\u00edch simul\u00e1torech<\/li>\n<li>Po celou dobu byli k dispozici lid\u00e9 z produktov\u00e9ho, prodejn\u00edho, fleetov\u00e9ho, poprodejn\u00edho i Kinto odd\u011blen\u00ed<\/li>\n<li>\n<figure id=\"attachment_3589\" aria-describedby=\"caption-attachment-3589\" style=\"width: 900px\" class=\"wp-caption alignnone\"><img loading=\"lazy\" decoding=\"async\" class=\"size-medium wp-image-3589\" src=\"http:\/\/www.automakers.cz\/wp-content\/uploads\/2024\/04\/Toyota-Hradec-Lexus-LBX-Kveton-900x675.jpg\" alt=\"\" width=\"900\" height=\"675\" srcset=\"https:\/\/www.automakers.cz\/wp-content\/uploads\/2024\/04\/Toyota-Hradec-Lexus-LBX-Kveton-900x675.jpg 900w, https:\/\/www.automakers.cz\/wp-content\/uploads\/2024\/04\/Toyota-Hradec-Lexus-LBX-Kveton-1024x768.jpg 1024w, https:\/\/www.automakers.cz\/wp-content\/uploads\/2024\/04\/Toyota-Hradec-Lexus-LBX-Kveton-768x576.jpg 768w, https:\/\/www.automakers.cz\/wp-content\/uploads\/2024\/04\/Toyota-Hradec-Lexus-LBX-Kveton-1536x1152.jpg 1536w, https:\/\/www.automakers.cz\/wp-content\/uploads\/2024\/04\/Toyota-Hradec-Lexus-LBX-Kveton.jpg 2040w\" sizes=\"auto, (max-width: 900px) 100vw, 900px\" \/><figcaption id=\"caption-attachment-3589\" class=\"wp-caption-text\">Modely Lexusu p\u0159edvedl \u0161\u00e9f zna\u010dky Jakub Kv\u011bto\u0148, \u010dten\u00e1\u0159 \u010dasopisu Automakers<\/figcaption><\/figure>\n<p><strong>Erich Handl a Karel Ber\u00e1nek, Hradec Kr\u00e1lov\u00e9<\/strong><\/li>\n<li><img loading=\"lazy\" decoding=\"async\" class=\"alignnone size-medium wp-image-3588\" src=\"http:\/\/www.automakers.cz\/wp-content\/uploads\/2024\/04\/Peleska-Beranek-Toyota-Hradec-kolaz-900x900.jpg\" alt=\"\" width=\"900\" height=\"900\" srcset=\"https:\/\/www.automakers.cz\/wp-content\/uploads\/2024\/04\/Peleska-Beranek-Toyota-Hradec-kolaz-900x900.jpg 900w, https:\/\/www.automakers.cz\/wp-content\/uploads\/2024\/04\/Peleska-Beranek-Toyota-Hradec-kolaz-768x768.jpg 768w, https:\/\/www.automakers.cz\/wp-content\/uploads\/2024\/04\/Peleska-Beranek-Toyota-Hradec-kolaz.jpg 1008w\" sizes=\"auto, (max-width: 900px) 100vw, 900px\" \/><\/li>\n<\/ul>\n","protected":false},"excerpt":{"rendered":"<p>Mana\u017ee\u0159i Toyoty Czech sezvali fleetov\u00e9 z\u00e1kazn\u00edky a novin\u00e1\u0159e na nejv\u011bt\u0161\u00ed testovac\u00ed akci leto\u0161n\u00edho roku. Na&#8230;<\/p>\n","protected":false},"author":1,"featured_media":3587,"comment_status":"closed","ping_status":"closed","sticky":false,"template":"","format":"standard","meta":{"footnotes":""},"categories":[26,28,66],"tags":[],"class_list":["post-3585","post","type-post","status-publish","format-standard","has-post-thumbnail","hentry","category-eventy","category-testy","category-video"],"_links":{"self":[{"href":"https:\/\/www.automakers.cz\/index.php?rest_route=\/wp\/v2\/posts\/3585","targetHints":{"allow":["GET"]}}],"collection":[{"href":"https:\/\/www.automakers.cz\/index.php?rest_route=\/wp\/v2\/posts"}],"about":[{"href":"https:\/\/www.automakers.cz\/index.php?rest_route=\/wp\/v2\/types\/post"}],"author":[{"embeddable":true,"href":"https:\/\/www.automakers.cz\/index.php?rest_route=\/wp\/v2\/users\/1"}],"replies":[{"embeddable":true,"href":"https:\/\/www.automakers.cz\/index.php?rest_route=%2Fwp%2Fv2%2Fcomments&post=3585"}],"version-history":[{"count":11,"href":"https:\/\/www.automakers.cz\/index.php?rest_route=\/wp\/v2\/posts\/3585\/revisions"}],"predecessor-version":[{"id":3591,"href":"https:\/\/www.automakers.cz\/index.php?rest_route=\/wp\/v2\/posts\/3585\/revisions\/3591"}],"wp:featuredmedia":[{"embeddable":true,"href":"https:\/\/www.automakers.cz\/index.php?rest_route=\/wp\/v2\/media\/3587"}],"wp:attachment":[{"href":"https:\/\/www.automakers.cz\/index.php?rest_route=%2Fwp%2Fv2%2Fmedia&parent=3585"}],"wp:term":[{"taxonomy":"category","embeddable":true,"href":"https:\/\/www.automakers.cz\/index.php?rest_route=%2Fwp%2Fv2%2Fcategories&post=3585"},{"taxonomy":"post_tag","embeddable":true,"href":"https:\/\/www.automakers.cz\/index.php?rest_route=%2Fwp%2Fv2%2Ftags&post=3585"}],"curies":[{"name":"wp","href":"https:\/\/api.w.org\/{rel}","templated":true}]}}