{"id":363,"date":"2023-11-16T10:33:19","date_gmt":"2023-11-16T10:33:19","guid":{"rendered":"https:\/\/www.automakers.cz\/?p=363"},"modified":"2023-11-16T10:50:13","modified_gmt":"2023-11-16T10:50:13","slug":"znacka-mg-hlasi-tri-nove-dealery","status":"publish","type":"post","link":"https:\/\/www.automakers.cz\/?p=363","title":{"rendered":"Zna\u010dka MG hl\u00e1s\u00ed t\u0159i nov\u00e9 dealery"},"content":{"rendered":"<p><strong>\u0160\u00e9f zna\u010dky MG Martin Kr\u00e1l\u00ed\u010dek p\u0159idal do st\u00e1je t\u0159i nov\u00e9 dealery. Jedn\u00e1 se o nov\u00e9 prodejce firmy v Liberci, Chomutov\u011b a Hodon\u00edn\u011b. Import \u010d\u00ednsk\u00fdch aut eviduje dal\u0161\u00ed kandid\u00e1ty!<\/strong><!--more--><\/p>\n<p>\u201eJsme ve f\u00e1zi dal\u0161\u00edho rychl\u00e9ho rozvoje, proto\u017ee v n\u00e1sleduj\u00edc\u00edm roce 2024 o\u010dek\u00e1v\u00e1me uveden\u00ed hned n\u011bkolika nov\u00fdch model\u016f MG,&#8220; \u0159\u00edk\u00e1 gener\u00e1ln\u00ed \u0159editel zna\u010dky MG Martin Kr\u00e1l\u00ed\u010dek.<\/p>\n<p>\u201eSou\u010dasnou prodejn\u00ed a servisn\u00ed s\u00ed\u0165 v \u010cR je pot\u0159eba roz\u0161\u00ed\u0159it tak, aby bylo mo\u017en\u00e9 pln\u011b obslou\u017eit nov\u00e9 z\u00e1kazn\u00edky a sou\u010dasn\u011b uv\u00e9st v roce 2024 na trh a\u017e 6 nov\u00fdch nebo inovovan\u00fdch model\u016f v\u010detn\u011b dal\u0161\u00edch pln\u011b elektrick\u00fdch.&#8220;<\/p>\n<p><strong>Nov\u00fdmi partnery jsou Auto Koutek v Liberci, Auto K\u0160V v Chomutov\u011b a Jonal v Hodon\u00edn\u011b.<\/strong><\/p>\n<p><strong>C\u00edlem je a\u017e 30 dealer\u016f v roce 2024<\/strong><\/p>\n<p>&#8222;T\u00edm roz\u0161i\u0159ov\u00e1n\u00ed s\u00edt\u011b pochopiteln\u011b nekon\u010d\u00ed. Moment\u00e1ln\u011b evidujeme dal\u0161\u00ed potenci\u00e1ln\u00ed kandid\u00e1ty v n\u011bkolika regionech \u010cR v\u010detn\u011b Prahy. Tento z\u00e1jem n\u00e1s velmi t\u011b\u0161\u00ed a vypov\u00edd\u00e1 o \u00fasp\u011b\u0161n\u00e9m etablov\u00e1n\u00ed zna\u010dky MG na m\u00edst\u00edm trhu. Z novinek na p\u0159\u00ed\u0161t\u00ed rok se t\u011b\u0161\u00edme hlavn\u011b na rodinn\u00fd v\u016fz MG3, ale t\u0159e\u0161ni\u010dkou na dortu bude pro \u010desk\u00e9 z\u00e1kazn\u00edky unik\u00e1tn\u00ed elektrick\u00fd roadster MG Cyberster, kter\u00fd se u dealer\u016f objev\u00ed ve druh\u00e9 polovin\u011b p\u0159\u00ed\u0161t\u00edho roku ,&#8220; dod\u00e1v\u00e1 Kr\u00e1l\u00ed\u010dek.<\/p>\n<p>&#8222;Moment\u00e1ln\u011b m\u00e1me 21 prodejn\u00edch m\u00edst, ale sm\u011b\u0159ujeme na 25-30 ke konci roku 2024,&#8220; up\u0159esnil pro n\u00e1\u0161 port\u00e1l mluv\u010d\u00ed zna\u010dky Marek Vodi\u010dka.<\/p>\n<p><strong>Kvalitn\u00ed z\u00e1jemci o dealerstv\u00ed zna\u010dky MG budou d\u00e1le v\u00edt\u00e1ni, l\u00e1kaj\u00ed mana\u017ee\u0159i importu dal\u0161\u00ed z\u00e1jemce!<\/strong><\/p>\n<p><strong>Zdroj: Marek Vodi\u010dka, MG<\/strong><\/p>\n<figure id=\"attachment_104\" aria-describedby=\"caption-attachment-104\" style=\"width: 300px\" class=\"wp-caption alignnone\"><img loading=\"lazy\" decoding=\"async\" class=\"size-medium wp-image-104\" src=\"http:\/\/www.automakers.cz\/wp-content\/uploads\/2023\/11\/MG-stanek-eSalon-300x200.jpg\" alt=\"\" width=\"300\" height=\"200\" srcset=\"https:\/\/www.automakers.cz\/wp-content\/uploads\/2023\/11\/MG-stanek-eSalon-300x200.jpg 300w, https:\/\/www.automakers.cz\/wp-content\/uploads\/2023\/11\/MG-stanek-eSalon-1024x682.jpg 1024w, https:\/\/www.automakers.cz\/wp-content\/uploads\/2023\/11\/MG-stanek-eSalon-768x512.jpg 768w, https:\/\/www.automakers.cz\/wp-content\/uploads\/2023\/11\/MG-stanek-eSalon.jpg 1280w\" sizes=\"auto, (max-width: 300px) 100vw, 300px\" \/><figcaption id=\"caption-attachment-104\" class=\"wp-caption-text\">Expozice MG na pr\u00e1v\u011b ukon\u010den\u00e9m e-Salonu byla z\u0159ejm\u011b historicky nejv\u011bt\u0161\u00ed uk\u00e1zkou \u010d\u00ednsk\u00fdch aut v \u010cR<\/figcaption><\/figure>\n","protected":false},"excerpt":{"rendered":"<p>\u0160\u00e9f zna\u010dky MG Martin Kr\u00e1l\u00ed\u010dek p\u0159idal do st\u00e1je t\u0159i nov\u00e9 dealery. Jedn\u00e1 se o nov\u00e9&#8230;<\/p>\n","protected":false},"author":1,"featured_media":364,"comment_status":"open","ping_status":"open","sticky":false,"template":"","format":"standard","meta":{"footnotes":""},"categories":[17,11],"tags":[],"class_list":["post-363","post","type-post","status-publish","format-standard","has-post-thumbnail","hentry","category-dealeri","category-importeri"],"_links":{"self":[{"href":"https:\/\/www.automakers.cz\/index.php?rest_route=\/wp\/v2\/posts\/363","targetHints":{"allow":["GET"]}}],"collection":[{"href":"https:\/\/www.automakers.cz\/index.php?rest_route=\/wp\/v2\/posts"}],"about":[{"href":"https:\/\/www.automakers.cz\/index.php?rest_route=\/wp\/v2\/types\/post"}],"author":[{"embeddable":true,"href":"https:\/\/www.automakers.cz\/index.php?rest_route=\/wp\/v2\/users\/1"}],"replies":[{"embeddable":true,"href":"https:\/\/www.automakers.cz\/index.php?rest_route=%2Fwp%2Fv2%2Fcomments&post=363"}],"version-history":[{"count":5,"href":"https:\/\/www.automakers.cz\/index.php?rest_route=\/wp\/v2\/posts\/363\/revisions"}],"predecessor-version":[{"id":370,"href":"https:\/\/www.automakers.cz\/index.php?rest_route=\/wp\/v2\/posts\/363\/revisions\/370"}],"wp:featuredmedia":[{"embeddable":true,"href":"https:\/\/www.automakers.cz\/index.php?rest_route=\/wp\/v2\/media\/364"}],"wp:attachment":[{"href":"https:\/\/www.automakers.cz\/index.php?rest_route=%2Fwp%2Fv2%2Fmedia&parent=363"}],"wp:term":[{"taxonomy":"category","embeddable":true,"href":"https:\/\/www.automakers.cz\/index.php?rest_route=%2Fwp%2Fv2%2Fcategories&post=363"},{"taxonomy":"post_tag","embeddable":true,"href":"https:\/\/www.automakers.cz\/index.php?rest_route=%2Fwp%2Fv2%2Ftags&post=363"}],"curies":[{"name":"wp","href":"https:\/\/api.w.org\/{rel}","templated":true}]}}