{"id":3722,"date":"2024-04-29T05:59:40","date_gmt":"2024-04-29T05:59:40","guid":{"rendered":"https:\/\/www.automakers.cz\/?p=3722"},"modified":"2024-04-29T06:20:13","modified_gmt":"2024-04-29T06:20:13","slug":"porsche-taycan-se-predvedlo-v-la-fabrice","status":"publish","type":"post","link":"https:\/\/www.automakers.cz\/?p=3722","title":{"rendered":"Porsche p\u0159edvedlo Taycan v La Fabrice"},"content":{"rendered":"<div id=\"DivBodyText\">\n<p><strong>Pra\u017esk\u00fd prostor La Fabrika vyu\u017eil t\u00fdm Porsche Inter Auto CZ k prezentaci nov\u00e9ho Taycanu. St\u0159ede\u010dn\u00ed ve\u010der byl ve znamen\u00ed premi\u00e9ry, import\u00e9r p\u0159ivezl do pra\u017esk\u00fdch Hole\u0161ovic celkem \u010dty\u0159i Taycany.<\/strong><\/p>\n<p>\u201eV roce 2019 zna\u010dka Porsche ud\u011blala jeden z nejv\u011bt\u0161\u00edch krok\u016f ve sv\u00e9 historii, kdy\u017e p\u0159edstavila sv\u016fj prvn\u00ed s\u00e9riov\u00fd elektromobil. Byl to \u0161ok v tom nejlep\u0161\u00edm slova smyslu, Taycan se mimo\u0159\u00e1dn\u011b povedl,\u201c \u0159\u00edk\u00e1 Jan Sedl\u00e1\u010dek, v\u00fdkonn\u00fd \u0159editel importu automobil\u016f Porsche ze spole\u010dnosti Porsche Inter Auto CZ.<\/p>\n<\/div>\n<div>\n<p>\u201eVzpom\u00edn\u00e1m si, \u017ee nebylo jednoduch\u00e9 dostat na\u0161e z\u00e1kazn\u00edky, zvykl\u00e9 na klasick\u00e9 spalovac\u00ed vozy, do elektrick\u00e9ho Taycanu, kter\u00fd nem\u00e1 re\u00e1ln\u00fd zvuk, ty p\u0159\u00edjemn\u00e9 vibrace. Jen\u017ee kdy\u017e Taycan zkus\u00edte, zjist\u00edte, \u017ee je to opravdov\u00e9 Porsche. A o nov\u00e9m Taycanu to plat\u00ed je\u0161t\u011b v\u00edc. Na prvn\u00ed pohled ho pozn\u00e1 sp\u00ed\u0161 znalec, ale o t\u0159etinu del\u0161\u00ed dojezd, je\u0161t\u011b rychlej\u0161\u00ed nab\u00edjen\u00ed a supermodel Turbo GT s v\u00fdkonem p\u0159es 1 100 kon\u00ed mus\u00ed ohromit ka\u017ed\u00e9ho. A ka\u017ed\u00fd by si ho m\u011bl vyzkou\u0161et, aby poznal, jak\u00e1 je elektromobilita v pod\u00e1n\u00ed zna\u010dky Porsche,\u201c dodal Sedl\u00e1\u010dek.<\/p>\n<p><img loading=\"lazy\" decoding=\"async\" class=\"alignnone size-medium wp-image-3731\" src=\"http:\/\/www.automakers.cz\/wp-content\/uploads\/2024\/04\/Porsche-Taycan-Fabrika-Holesovice-900x600.jpg\" alt=\"\" width=\"900\" height=\"600\" \/><\/p>\n<p>\u017de Taycan nerozhod\u00ed ani zima bylo jasn\u00e9 ve winter room, kter\u00fd zdobil b\u00edl\u00fd Taycan Sport Saloon, dokonale lad\u00edc\u00ed s ledov\u00fdm barem, igl\u00fa a ly\u017ea\u0159sk\u00fdm simul\u00e1torem. V\u0161echny pozvan\u00e9 VIP hosty, z\u00e1kazn\u00edky, ale tak\u00e9 influencery a tv\u00e1\u0159 zna\u010dky Porsche, tenistku Karol\u00ednu Muchovou, zaujal dal\u0161\u00ed prostor s jarn\u00edm, letn\u00edm a podzimn\u00edm motivem, kde na sebe pozornost na poutal \u010dern\u00fd sportovn\u00ed sedan Taycan 4S se st\u0159e\u0161n\u00edm stanem z nab\u00eddky origin\u00e1ln\u00edho p\u0159\u00edslu\u0161enstv\u00ed Porsche Tequipment a efektn\u00edm \u010derven\u00fdm ko\u017een\u00fdm \u010daloun\u011bn\u00edm.<\/p>\n<p>\u201eS Porsche Taycan u\u017e jezd\u00edm od lo\u0148sk\u00e9ho listopadu a je tak skv\u011bl\u00e9, \u017ee bych ho za nic nem\u011bnila. I kdy\u017e, za nov\u00fd Taycan s pohonem v\u0161ech kol ano,\u201c dodala jedna z na\u0161ich nejlep\u0161\u00edch sou\u010dasn\u00fdch tenistek, kter\u00e1 vyu\u017e\u00edv\u00e1 z\u00e1kladn\u00ed model Taycan s pohonem zadn\u00edch kol v efektn\u00ed sv\u011btle modr\u00e9 barv\u011b. St\u0159e\u0161n\u00ed stan naopak zaujal youtubera a technologick\u00e9ho evangelistu Petra M\u00e1ru, kter\u00fd pat\u0159\u00ed k lidem, co maj\u00ed s Porsche Taycan jeden z nejvy\u0161\u0161\u00edch n\u00e1jezd\u016f \u2013 zhruba p\u0159es 70 tis\u00edc kilometr\u016f v naprost\u00e9 spokojenosti.<\/p>\n<p>Nov\u00e9 Porsche Taycan se aktu\u00e1ln\u011b nab\u00edz\u00ed za cenu od 2 604 162 K\u010d v proveden\u00ed Sport Saloon, kter\u00e9 i v z\u00e1kladn\u00edm proveden\u00ed s pohonem zadn\u00edch kol nab\u00eddne 300 kW, maxim\u00e1ln\u00ed rychlost 230 km\/h, akceleraci 0-100 km\/h za 4,8 s a dojezd a\u017e 678\/821 km (kombinace\/m\u011bsto).<\/p>\n<\/div>\n<div>Allroadov\u00fd model Taycan 4 Cross Turismo stoj\u00ed 2 909 052 K\u010d a krom\u011b jin\u00e9ho nab\u00edz\u00ed tak\u00e9 s\u00e9riov\u00fd pohon v\u0161ech kol. Velmi obl\u00edben\u00e1 specifikace 4S v proveden\u00ed Sport Turismo za\u010d\u00edn\u00e1 na 3 121 407 K\u010d.<\/div>\n<div>\n<p>\u0160pi\u010dkov\u00fd Taycan Turbo GT vyjde na 6 164 103 korun a jako voliteln\u00e1 specifikace bez p\u0159\u00edplatku se nab\u00edz\u00ed i v ultimativn\u00ed paketu Weissach.<\/p>\n<p><img loading=\"lazy\" decoding=\"async\" class=\"alignnone size-medium wp-image-3729\" src=\"http:\/\/www.automakers.cz\/wp-content\/uploads\/2024\/04\/Porsche-Tayvan-Fabrika-900x600.jpg\" alt=\"\" width=\"900\" height=\"600\" srcset=\"https:\/\/www.automakers.cz\/wp-content\/uploads\/2024\/04\/Porsche-Tayvan-Fabrika-900x600.jpg 900w, https:\/\/www.automakers.cz\/wp-content\/uploads\/2024\/04\/Porsche-Tayvan-Fabrika-768x512.jpg 768w, https:\/\/www.automakers.cz\/wp-content\/uploads\/2024\/04\/Porsche-Tayvan-Fabrika.jpg 1000w\" sizes=\"auto, (max-width: 900px) 100vw, 900px\" \/><\/p>\n<p>&#8212;<br \/>\n<strong>Zdroj: Porsche Inter Auto CZ<\/strong><br \/>\nPorsche Inter Auto CZ je jedn\u00edm z nejv\u011bt\u0161\u00edch dom\u00e1c\u00edch prodejc\u016f voz\u016f Volkswagen, Audi, SEAT, \u0160KODA, import\u00e9rem a prodejcem zna\u010dky Porsche v \u010cR a ofici\u00e1ln\u00edm prodejn\u00edm a servisn\u00edm zastoupen\u00edm pro zna\u010dky Bentley a Lamborghini. Ro\u010dn\u011b se v s\u00edti Porsche Inter Auto CZ prod\u00e1 p\u0159es 13 000 nov\u00fdch a ojet\u00fdch voz\u016f. Spole\u010dnost Porsche Inter Auto CZ aktu\u00e1ln\u011b zam\u011bstn\u00e1v\u00e1 p\u0159es 850 zam\u011bstnanc\u016f a p\u016fsob\u00ed na 11 pobo\u010dk\u00e1ch ve m\u011bstech: Praha, Brno, Ostrava, Plze\u0148, Olomouc, \u010cesk\u00e9 Bud\u011bjovice, Hradec Kr\u00e1lov\u00e9 a Opava.<!--more--><\/p>\n<\/div>\n","protected":false},"excerpt":{"rendered":"<p>Pra\u017esk\u00fd prostor La Fabrika vyu\u017eil t\u00fdm Porsche Inter Auto CZ k prezentaci nov\u00e9ho Taycanu. St\u0159ede\u010dn\u00ed&#8230;<\/p>\n","protected":false},"author":1,"featured_media":3723,"comment_status":"closed","ping_status":"closed","sticky":false,"template":"","format":"standard","meta":{"footnotes":""},"categories":[26,11,12],"tags":[],"class_list":["post-3722","post","type-post","status-publish","format-standard","has-post-thumbnail","hentry","category-eventy","category-importeri","category-premiery"],"_links":{"self":[{"href":"https:\/\/www.automakers.cz\/index.php?rest_route=\/wp\/v2\/posts\/3722","targetHints":{"allow":["GET"]}}],"collection":[{"href":"https:\/\/www.automakers.cz\/index.php?rest_route=\/wp\/v2\/posts"}],"about":[{"href":"https:\/\/www.automakers.cz\/index.php?rest_route=\/wp\/v2\/types\/post"}],"author":[{"embeddable":true,"href":"https:\/\/www.automakers.cz\/index.php?rest_route=\/wp\/v2\/users\/1"}],"replies":[{"embeddable":true,"href":"https:\/\/www.automakers.cz\/index.php?rest_route=%2Fwp%2Fv2%2Fcomments&post=3722"}],"version-history":[{"count":5,"href":"https:\/\/www.automakers.cz\/index.php?rest_route=\/wp\/v2\/posts\/3722\/revisions"}],"predecessor-version":[{"id":3732,"href":"https:\/\/www.automakers.cz\/index.php?rest_route=\/wp\/v2\/posts\/3722\/revisions\/3732"}],"wp:featuredmedia":[{"embeddable":true,"href":"https:\/\/www.automakers.cz\/index.php?rest_route=\/wp\/v2\/media\/3723"}],"wp:attachment":[{"href":"https:\/\/www.automakers.cz\/index.php?rest_route=%2Fwp%2Fv2%2Fmedia&parent=3722"}],"wp:term":[{"taxonomy":"category","embeddable":true,"href":"https:\/\/www.automakers.cz\/index.php?rest_route=%2Fwp%2Fv2%2Fcategories&post=3722"},{"taxonomy":"post_tag","embeddable":true,"href":"https:\/\/www.automakers.cz\/index.php?rest_route=%2Fwp%2Fv2%2Ftags&post=3722"}],"curies":[{"name":"wp","href":"https:\/\/api.w.org\/{rel}","templated":true}]}}