{"id":3733,"date":"2024-04-29T06:33:56","date_gmt":"2024-04-29T06:33:56","guid":{"rendered":"https:\/\/www.automakers.cz\/?p=3733"},"modified":"2024-04-29T06:33:56","modified_gmt":"2024-04-29T06:33:56","slug":"volkswagen-crafter-v-cimrmanovych-sluzbach","status":"publish","type":"post","link":"https:\/\/www.automakers.cz\/?p=3733","title":{"rendered":"Volkswagen Crafter v Cimrmanov\u00fdch slu\u017eb\u00e1ch"},"content":{"rendered":"<p><strong><b>Volkswagen U\u017eitkov\u00e9 vozy \u0161est\u00fdm rokem podporuje Divadlo J\u00e1ry Cimrmana. P\u0159epravu kulis i dal\u0161\u00edho technick\u00e9ho vybaven\u00ed na pravideln\u00e1 v\u00fdjezdn\u00ed p\u0159edstaven\u00ed do region\u016f po cel\u00e9 \u010cesk\u00e9 republice m\u00e1 tradi\u010dn\u011b na starosti Volkswagen Crafter.<\/b><\/strong><!--more--><\/p>\n<p><strong><b>\u00a0<\/b><\/strong>\u201eM\u00e1m velkou radost, \u017ee i nad\u00e1le m\u016f\u017eeme prost\u0159ednictv\u00edm na\u0161eho mimo\u0159\u00e1dn\u011b prostorn\u00e9ho a robustn\u00edho modelu Crafter zaji\u0161\u0165ovat hladk\u00fd provoz legend\u00e1rn\u00edho Divadla J\u00e1ry Cimrmana, jeho\u017e beznad\u011bjn\u011b vyprodan\u00e1 p\u0159edstaven\u00ed si tak mohou u\u017e\u00edvat tak\u00e9 div\u00e1ci v\u00a0nejr\u016fzn\u011bj\u0161\u00edch koutech \u010cesk\u00e9 republiky,\u201c \u0159\u00edk\u00e1 Mirka Cimrov\u00e1, vedouc\u00ed divize Volkswagen U\u017eitkov\u00e9 vozy spole\u010dnosti Porsche\u00a0\u010cesk\u00e1 republika.<\/p>\n<p>Crafter, jeho\u017e vn\u011bj\u0161\u00ed st\u011bny stylov\u011b zdob\u00ed slogan \u201eJ\u00e1ra Cimrman le\u017e\u00edc\u00ed, sp\u00edc\u00ed, jezd\u00edc\u00ed\u201c, je pro spojen\u00ed s divadeln\u00edm souborem, kter\u00fd ji\u017e bezm\u00e1la \u0161est desetilet\u00ed sv\u011bdomit\u011b pe\u010duje o odkaz nejv\u011bt\u0161\u00edho \u010desk\u00e9ho g\u00e9nia, jako stvo\u0159en\u00fd.<\/p>\n<p><img loading=\"lazy\" decoding=\"async\" class=\"alignnone size-medium wp-image-3737\" src=\"http:\/\/www.automakers.cz\/wp-content\/uploads\/2024\/04\/VW-Crafter-Cimrman-herci-skupina-900x600.jpg\" alt=\"\" width=\"900\" height=\"600\" \/><\/p>\n<p>Do n\u00e1kladov\u00e9ho prostoru lehk\u00e9ho u\u017eitkov\u00e9ho vozu s\u00a0vysokou st\u0159echou a n\u00edzko um\u00edst\u011bnou podlahou se snadno vejde v\u0161e pot\u0159ebn\u00e9 pro Cimrmanovy divadeln\u00ed hry od kulis p\u0159es kost\u00fdmy a osv\u011btlen\u00ed a\u017e po dal\u0161\u00ed rekvizity, a to v\u010detn\u011b kompletn\u00edho t\u0159\u00ed\u010dlenn\u00e9ho technick\u00e9ho t\u00fdmu.<\/p>\n<p>Divadeln\u00ed soubor si pochvaluje tak\u00e9 kombinaci v\u00fdkonn\u00e9ho motoru a pohonu p\u0159edn\u00edch kol, kter\u00fd pro n\u011bkoho mo\u017en\u00e1 p\u0159ekvapiv\u011b zaji\u0161\u0165uje spolehlivou mobilitu dokonce i na divadeln\u00edch z\u00e1jezdech do zasn\u011b\u017een\u00fdch zimn\u00edch Krkono\u0161. Volkswagen Crafter v\u00a0Cimrmanov\u00fdch slu\u017eb\u00e1ch najezd\u00ed po cel\u00e9m \u010cesku 20 tis\u00edc kilometr\u016f ro\u010dn\u011b, a po t\u00e9m\u011b\u0159 \u0161esti letech n\u00e1ro\u010dn\u00e9ho provozu je v\u00a0nejlep\u0161\u00ed technick\u00e9 kondici.<\/p>\n<p><strong>Zdroj: VW, Lenka Va\u0148kov\u00e1<\/strong><\/p>\n<p><img loading=\"lazy\" decoding=\"async\" class=\"alignnone size-medium wp-image-3736\" src=\"http:\/\/www.automakers.cz\/wp-content\/uploads\/2024\/04\/VW-Crafter-Sverak-600x900.jpg\" alt=\"\" width=\"600\" height=\"900\" \/><\/p>\n","protected":false},"excerpt":{"rendered":"<p>Volkswagen U\u017eitkov\u00e9 vozy \u0161est\u00fdm rokem podporuje Divadlo J\u00e1ry Cimrmana. P\u0159epravu kulis i dal\u0161\u00edho technick\u00e9ho vybaven\u00ed&#8230;<\/p>\n","protected":false},"author":1,"featured_media":3735,"comment_status":"closed","ping_status":"closed","sticky":false,"template":"","format":"standard","meta":{"footnotes":""},"categories":[29],"tags":[],"class_list":["post-3733","post","type-post","status-publish","format-standard","has-post-thumbnail","hentry","category-sponzoring"],"_links":{"self":[{"href":"https:\/\/www.automakers.cz\/index.php?rest_route=\/wp\/v2\/posts\/3733","targetHints":{"allow":["GET"]}}],"collection":[{"href":"https:\/\/www.automakers.cz\/index.php?rest_route=\/wp\/v2\/posts"}],"about":[{"href":"https:\/\/www.automakers.cz\/index.php?rest_route=\/wp\/v2\/types\/post"}],"author":[{"embeddable":true,"href":"https:\/\/www.automakers.cz\/index.php?rest_route=\/wp\/v2\/users\/1"}],"replies":[{"embeddable":true,"href":"https:\/\/www.automakers.cz\/index.php?rest_route=%2Fwp%2Fv2%2Fcomments&post=3733"}],"version-history":[{"count":2,"href":"https:\/\/www.automakers.cz\/index.php?rest_route=\/wp\/v2\/posts\/3733\/revisions"}],"predecessor-version":[{"id":3738,"href":"https:\/\/www.automakers.cz\/index.php?rest_route=\/wp\/v2\/posts\/3733\/revisions\/3738"}],"wp:featuredmedia":[{"embeddable":true,"href":"https:\/\/www.automakers.cz\/index.php?rest_route=\/wp\/v2\/media\/3735"}],"wp:attachment":[{"href":"https:\/\/www.automakers.cz\/index.php?rest_route=%2Fwp%2Fv2%2Fmedia&parent=3733"}],"wp:term":[{"taxonomy":"category","embeddable":true,"href":"https:\/\/www.automakers.cz\/index.php?rest_route=%2Fwp%2Fv2%2Fcategories&post=3733"},{"taxonomy":"post_tag","embeddable":true,"href":"https:\/\/www.automakers.cz\/index.php?rest_route=%2Fwp%2Fv2%2Ftags&post=3733"}],"curies":[{"name":"wp","href":"https:\/\/api.w.org\/{rel}","templated":true}]}}