{"id":3739,"date":"2024-04-29T06:49:54","date_gmt":"2024-04-29T06:49:54","guid":{"rendered":"https:\/\/www.automakers.cz\/?p=3739"},"modified":"2024-04-29T06:54:06","modified_gmt":"2024-04-29T06:54:06","slug":"cupra-otevrela-garage-v-ceskem-krumlove","status":"publish","type":"post","link":"https:\/\/www.automakers.cz\/?p=3739","title":{"rendered":"CB Auto otev\u0159ela nov\u00fd showroom CUPRA Garage v \u010cesk\u00e9m Krumlov\u011b"},"content":{"rendered":"<p><strong>Showroom CUPRA Garage v \u010cesk\u00e9m Krumlov\u011b otev\u0159el autorizovan\u00fd prodejce voz\u016f SEAT a CUPRA, firma CB Auto. V\u00fdstavba nov\u00e9ho showroomu byla zah\u00e1jena v \u0159\u00edjnu roku 2023 a dokon\u010dena za necel\u00fd p\u016flrok.<\/strong><br \/>\n<!--more--><\/p>\n<p>\u201eLeto\u0161n\u00ed rok bude pro zna\u010dku CUPRA nejen ve znamen\u00ed dal\u0161\u00edho dynamick\u00e9ho r\u016fstu, ale tak\u00e9 produktov\u00e9 ofenzivy,\u201c\u00a0\u0159\u00edk\u00e1 Ale\u0161 Nov\u00e1k, \u0159editel divize CUPRA spole\u010dnosti Porsche \u010cesk\u00e1 republika, a dod\u00e1v\u00e1:\u00a0\u201eV souvislosti s\u00a0t\u00edm samoz\u0159ejm\u011b tak\u00e9 roz\u0161i\u0159ujeme a zkvalit\u0148ujeme na\u0161i \u010deskou prodejn\u00ed a servisn\u00ed s\u00ed\u0165, abychom byli v\u0161em na\u0161im klient\u016fm co nejbl\u00ed\u017ee. Nyn\u00ed je na \u0159ad\u011b jiho\u010desk\u00fd region, kde bude\u00a0na\u0161im klient\u016fm zprost\u0159edkov\u00e1vat\u00a0exkluzivn\u00ed z\u00e1kaznick\u00e9 z\u00e1\u017eitky z\u00a0nekonven\u010dn\u00edho sv\u011bta zna\u010dky CUPRA\u00a0n\u00e1\u0161 autorizovan\u00fd partner CB Auto ve\u00a0sv\u00e9m jedine\u010dn\u011b pojat\u00e9m \u010deskokrumlovsk\u00e9m showroomu CUPRA Garage.\u201c<\/p>\n<p>\u201eZna\u010dku CUPRA vn\u00edm\u00e1m jako spojen\u00ed tradi\u010dn\u00ed kvality koncernu Volkswagen, zabalen\u00e9 v jedine\u010dn\u00e9m a sv\u011b\u017e\u00edm designu. Modely CUPRA jsou sv\u011b\u017e\u00ed, modern\u00ed, inovativn\u00ed a sou\u010dasn\u011b navazuj\u00ed na dlouholetou tradici koncernu VW a v neposledn\u00ed \u0159ad\u011b automobilovou tradici \u0160pan\u011blsk\u00e9ho kr\u00e1lovstv\u00ed,\u201c \u0159\u00edk\u00e1 Ing. Franti\u0161ek Fi\u0161er, p\u0159edseda p\u0159edstavenstva spole\u010dnosti CB Auto, a.s., a dod\u00e1v\u00e1: \u201eV\u0161echny tyto aspekty ji p\u0159\u00edmo p\u0159edur\u010duj\u00ed pr\u00e1v\u011b pro \u010cesk\u00fd Krumlov.\u201c<\/p>\n<p><img loading=\"lazy\" decoding=\"async\" class=\"alignnone size-full wp-image-3749\" src=\"http:\/\/www.automakers.cz\/wp-content\/uploads\/2024\/04\/Cupra-showroom.jpg\" alt=\"\" width=\"500\" height=\"333\" \/><\/p>\n<p><strong>Unik\u00e1tn\u00ed prost\u0159ed\u00ed showroomu<\/strong><\/p>\n<p>Na z\u00e1kazn\u00edky \u010dek\u00e1 v\u00a0nov\u00e9m showroomu CUPRA Garage v \u010cesk\u00e9m Krumlov\u011b unik\u00e1tn\u00ed prost\u0159ed\u00ed, kter\u00e9 v\u011brn\u011b odr\u00e1\u017e\u00ed identitu zna\u010dky CUPRA a jej\u00ed hodnoty od jedine\u010dnosti p\u0159es sofistikovanost a\u017e po sportovn\u00ed v\u00fdkony. V\u00a0tzv. \u201egar\u00e1\u017eov\u00e9 z\u00f3n\u011b\u201c l\u00e1kaj\u00ed k\u00a0prohl\u00eddce a usednut\u00ed za volant nejv\u00fdznamn\u011bj\u0161\u00ed modely ve sv\u00e9 fyzick\u00e9 podob\u011b.<\/p>\n<p>Kompletn\u00ed portfolio model\u016f zna\u010dky CUPRA je p\u0159\u00edstupn\u00e9 prost\u0159ednictv\u00edm inovativn\u00edch digit\u00e1ln\u00edch n\u00e1stroj\u016f s\u00a0virtu\u00e1ln\u00ed realitou. V\u00a0nich si mohou budouc\u00ed \u0159idi\u010di model\u016f CUPRA nakonfigurovat sv\u016fj v\u016fz sn\u016f p\u0159esn\u011b podle sv\u00fdch p\u0159edstav nebo si vyzkou\u0161et unik\u00e1tn\u00ed z\u00e1\u017eitky. Stejn\u011b jako ve v\u0161ech showroomech CUPRA se i v \u010deskokrumlovsk\u00e9m dealerstv\u00ed bude z\u00e1kazn\u00edk\u016fm v\u011bnovat tzv. CUPRA Master, kter\u00fd zajist\u00ed nejen exkluzivn\u00ed n\u00e1kupn\u00ed z\u00e1\u017eitky, ale tak\u00e9 poskytne ve\u0161ker\u00e9 pot\u0159ebn\u00e9 poradenstv\u00ed a dal\u0161\u00ed slu\u017eby v\u010detn\u011b testovac\u00edch j\u00edzd.<\/p>\n<p>Sv\u011btem zna\u010dky CUPRA, \u00fazce spjat\u00e9 s\u00a0motoristick\u00fdm sportem, se prol\u00edn\u00e1 tak\u00e9 vyt\u0159\u00edben\u00fd \u017eivotn\u00ed styl. Pro n\u00e1v\u0161t\u011bvn\u00edky krumlovsk\u00e9ho showroomu CUPRA Garage je tak p\u0159ipravena lifestylov\u00e1 z\u00f3na s exkluzivn\u00edmi produkty, kter\u00e9 jsou v\u00fdsledkem spolupr\u00e1ce zna\u010dky CUPRA s\u00a0presti\u017en\u00edmi a inovativn\u00edmi zna\u010dkami z\u00a0jin\u00fdch obor\u016f, s\u00a0nimi\u017e sd\u00edl\u00ed stejn\u00e9 hodnoty.<\/p>\n<p>\u201eZna\u010dka CUPRA v\u00a0sob\u011b spojuje eleganci a sportovn\u00ed \u017eivotn\u00ed styl. Vybran\u00e9 zna\u010dkov\u00e9 p\u0159\u00edslu\u0161enstv\u00ed, m\u00f3da a dopl\u0148ky jsou nov\u011b pro z\u00e1kazn\u00edky dostupn\u00e9 nejen v\u00a0krumlovsk\u00e9 CUPRA Garage, ale v\u00a0cel\u00e9 nab\u00eddce tak\u00e9 na na\u0161em e-shopu<a href=\"http:\/\/cbdily.cz\/\" target=\"_blank\" rel=\"noopener noreferrer\">\u00a0CBdily.cz<\/a>,\u201c\u00a0\u0159\u00edk\u00e1 na z\u00e1v\u011br Franti\u0161ek Fi\u0161er.<\/p>\n<p><img loading=\"lazy\" decoding=\"async\" class=\"alignnone size-medium wp-image-3742\" src=\"http:\/\/www.automakers.cz\/wp-content\/uploads\/2024\/04\/CUPRA-Krumlov-garage-900x600.jpg\" alt=\"\" width=\"900\" height=\"600\" srcset=\"https:\/\/www.automakers.cz\/wp-content\/uploads\/2024\/04\/CUPRA-Krumlov-garage-900x600.jpg 900w, https:\/\/www.automakers.cz\/wp-content\/uploads\/2024\/04\/CUPRA-Krumlov-garage-1024x683.jpg 1024w, https:\/\/www.automakers.cz\/wp-content\/uploads\/2024\/04\/CUPRA-Krumlov-garage-768x512.jpg 768w, https:\/\/www.automakers.cz\/wp-content\/uploads\/2024\/04\/CUPRA-Krumlov-garage.jpg 1275w\" sizes=\"auto, (max-width: 900px) 100vw, 900px\" \/><strong>CB Auto<\/strong><\/p>\n<p>Autorizovan\u00fd prodejce a servisn\u00ed partner s v\u00edce ne\u017e 30letou tradic\u00ed. Na trhu p\u016fsob\u00ed ji\u017e od roku 1992, kdy nejprve za\u010d\u00ednal s prodejem a servisem voz\u016f \u0160koda v Kaplici. Od roku 1997 pak p\u016fsob\u00ed pr\u00e1v\u011b v \u010cesk\u00e9m Krumlov\u011b, kde krom\u011b zna\u010dky CUPRA z\u00e1kazn\u00edci najdou i nab\u00eddku ojet\u00fdch voz\u016f programu \u0160koda Plus a autorizovan\u00fd servis \u0160koda.<\/p>\n<p>V roce 2023 za\u010dala firma poskytovat tak\u00e9 autorizovan\u00fd CUPRA SERVICE na pobo\u010dce v \u010cesk\u00fdch Bud\u011bjovic\u00edch, kde u\u017e od roku 2004 nab\u00edz\u00ed a servisuje vozy SEAT. V jiho\u010desk\u00e9 metropoli z\u00e1kazn\u00edci mohou vyu\u017e\u00edt prodeje nov\u00fdch voz\u016f a servisn\u00edch slu\u017eeb zna\u010dek \u0160koda, Volkswagen, Volkswagen U\u017eitkov\u00e9 vozy, SEAT, Mazda a KIA a servisu a prodeje ojet\u00fdch voz\u016f v programech \u0160koda Plus a Das Welt Auto. Firma CB Auto p\u016fsob\u00ed v r\u00e1mci ji\u017en\u00edch \u010cech tak\u00e9 v T\u00e1bo\u0159e, kde je showroom a servis zna\u010dek \u0160koda, Volkswagen a Volkswagen U\u017eitkov\u00e9 vozy.<\/p>\n<p><img loading=\"lazy\" decoding=\"async\" class=\"alignnone size-full wp-image-3743\" src=\"http:\/\/www.automakers.cz\/wp-content\/uploads\/2024\/04\/Cupra-CB-Auto-Krumlov.jpg\" alt=\"\" width=\"500\" height=\"333\" \/><\/p>\n<p><strong>Zna\u010dka CUPRA v \u010cesk\u00e9 republice<br \/>\n<\/strong><\/p>\n<p>CUPRA oslavila letos v \u00fanoru \u0161est\u00e9 v\u00fdro\u010d\u00ed a v roce 2023 dos\u00e1hla nov\u00e9ho miln\u00edku v podob\u011b 528 000 dodan\u00fdch voz\u016f od sv\u00e9ho uveden\u00ed na trh v roce 2018. Glob\u00e1ln\u00edm bestsellerem z\u016fst\u00e1v\u00e1 CUPRA Formentor se 120 100 dodan\u00fdmi vozy, na druh\u00e9m m\u00edst\u011b figuruje elektromobil CUPRA Born se 45 300 dodan\u00fdmi vozy. CUPRA loni upevnila sv\u00e9 postaven\u00ed jedn\u00e9 z nejrychleji rostouc\u00edch automobilov\u00fdch zna\u010dek v Evrop\u011b a intenzivn\u011b pracuje na dal\u0161\u00edm roz\u0161i\u0159ov\u00e1n\u00ed sv\u00e9ho produktov\u00e9ho portfolia.<\/p>\n<p>Od ledna do b\u0159ezna 2024 bylo registrov\u00e1no 617 nov\u00fdch voz\u016f CUPRA, co\u017e je o 36,5 % v\u00edce ne\u017e ve stejn\u00e9m obdob\u00ed p\u0159edchoz\u00edho roku, zat\u00edmco celkov\u00fd trh vzrostl o 2,2 %. \u010cesk\u00fdmi bestsellery zna\u010dky CUPRA jsou modely Formentor (496 voz\u016f v prvn\u00edm \u010dtvrtlet\u00ed; +50,8 %) a Leon (113 voz\u016f; +31,4 %). V leto\u0161n\u00edm roce budou na \u010desk\u00fd trh uvedeny modernizovan\u00e9 modely Formentor a Leon spolu s loni p\u0159edstaven\u00fdm zcela elektrick\u00fdm SUV CUPRA Tavascan a sv\u00e9 premi\u00e9ry se do\u010dk\u00e1 tak\u00e9 elektrifikovan\u00e9 sportovn\u00ed SUV CUPRA Terramar.<\/p>\n<p><strong>Zna\u010dka CUPRA letos v zim\u011b otev\u0159ela novou Garage tak\u00e9 ve Znojm\u011b.<\/strong><\/p>\n<p><img loading=\"lazy\" decoding=\"async\" class=\"alignnone size-medium wp-image-2826\" src=\"http:\/\/www.automakers.cz\/wp-content\/uploads\/2024\/03\/Cupra-Znojmo-podium-Hurt-Novak-Suchy-Filip-900x675.jpg\" alt=\"\" width=\"900\" height=\"675\" \/><\/p>\n<p><strong>Zdroj: CUPRA, Filip Stoulil<\/strong><\/p>\n","protected":false},"excerpt":{"rendered":"<p>Showroom CUPRA Garage v \u010cesk\u00e9m Krumlov\u011b otev\u0159el autorizovan\u00fd prodejce voz\u016f SEAT a CUPRA, firma CB&#8230;<\/p>\n","protected":false},"author":1,"featured_media":3741,"comment_status":"closed","ping_status":"closed","sticky":false,"template":"","format":"standard","meta":{"footnotes":""},"categories":[17,3],"tags":[],"class_list":["post-3739","post","type-post","status-publish","format-standard","has-post-thumbnail","hentry","category-dealeri","category-investice"],"_links":{"self":[{"href":"https:\/\/www.automakers.cz\/index.php?rest_route=\/wp\/v2\/posts\/3739","targetHints":{"allow":["GET"]}}],"collection":[{"href":"https:\/\/www.automakers.cz\/index.php?rest_route=\/wp\/v2\/posts"}],"about":[{"href":"https:\/\/www.automakers.cz\/index.php?rest_route=\/wp\/v2\/types\/post"}],"author":[{"embeddable":true,"href":"https:\/\/www.automakers.cz\/index.php?rest_route=\/wp\/v2\/users\/1"}],"replies":[{"embeddable":true,"href":"https:\/\/www.automakers.cz\/index.php?rest_route=%2Fwp%2Fv2%2Fcomments&post=3739"}],"version-history":[{"count":8,"href":"https:\/\/www.automakers.cz\/index.php?rest_route=\/wp\/v2\/posts\/3739\/revisions"}],"predecessor-version":[{"id":3745,"href":"https:\/\/www.automakers.cz\/index.php?rest_route=\/wp\/v2\/posts\/3739\/revisions\/3745"}],"wp:featuredmedia":[{"embeddable":true,"href":"https:\/\/www.automakers.cz\/index.php?rest_route=\/wp\/v2\/media\/3741"}],"wp:attachment":[{"href":"https:\/\/www.automakers.cz\/index.php?rest_route=%2Fwp%2Fv2%2Fmedia&parent=3739"}],"wp:term":[{"taxonomy":"category","embeddable":true,"href":"https:\/\/www.automakers.cz\/index.php?rest_route=%2Fwp%2Fv2%2Fcategories&post=3739"},{"taxonomy":"post_tag","embeddable":true,"href":"https:\/\/www.automakers.cz\/index.php?rest_route=%2Fwp%2Fv2%2Ftags&post=3739"}],"curies":[{"name":"wp","href":"https:\/\/api.w.org\/{rel}","templated":true}]}}