{"id":3753,"date":"2024-04-29T08:50:50","date_gmt":"2024-04-29T08:50:50","guid":{"rendered":"https:\/\/www.automakers.cz\/?p=3753"},"modified":"2024-04-29T08:51:19","modified_gmt":"2024-04-29T08:51:19","slug":"stavka-uzavrela-tri-tovarny-stellantisu-v-evrope","status":"publish","type":"post","link":"https:\/\/www.automakers.cz\/?p=3753","title":{"rendered":"St\u00e1vka uzav\u0159ela t\u0159i evropsk\u00e9 tov\u00e1rny Stellantisu"},"content":{"rendered":"<p data-t=\"{&quot;n&quot;:&quot;blueLinks&quot;}\"><strong>Automobilov\u00fd gigant Stellantis \u010del\u00ed v\u00fdpadk\u016fm ve t\u0159ech sv\u00fdch evropsk\u00fdch tov\u00e1rn\u00e1ch kv\u016fli st\u00e1vce u kl\u00ed\u010dov\u00e9ho dodavatele, MA France. Mezi posti\u017een\u00e9 z\u00e1vody pat\u0159\u00ed elektr\u00e1rny v Poissy a Hordainu ve Francii a tak\u00e9 jedna v Lutonu v Brit\u00e1nii.<\/strong><!--more--><\/p>\n<p data-t=\"{&quot;n&quot;:&quot;blueLinks&quot;}\">Tyto tov\u00e1rny jsou kl\u00ed\u010dov\u00e9 pro v\u00fdrobu r\u016fzn\u00fdch vozidel od kompaktn\u00edch voz\u016f, jako jsou DS 3 a Opel Mokka v Poissy, a\u017e po st\u0159edn\u011b velk\u00e9 dod\u00e1vky v dal\u0161\u00edch dvou z\u00e1vodech, prod\u00e1van\u00e9 pod r\u016fzn\u00fdmi zna\u010dkami, v\u010detn\u011b Opel, Citro\u00ebn, Peugeot, Vauxhall a Fiat.<\/p>\n<p class=\"continue-read-break\" data-t=\"{&quot;n&quot;:&quot;blueLinks&quot;}\">St\u00e1vka ve spole\u010dnosti MA France, kter\u00e1 se specializuje na lisovan\u00e9 ocelov\u00e9 d\u00edly, vedla k do\u010dasn\u00e9mu uzav\u0159en\u00ed t\u011bchto tov\u00e1ren.<\/p>\n<p class=\"continue-read-break\" data-t=\"{&quot;n&quot;:&quot;blueLinks&quot;}\">Spekuluje se o tom, \u017ee st\u00e1vka by mohla b\u00fdt preventivn\u00ed reakc\u00ed na potenci\u00e1ln\u00ed p\u0159esun v\u00fdroby Stellantisu do Polska, co\u017e vyvolalo obavy mezi zam\u011bstnanci i spole\u010dnost\u00ed. Spole\u010dnost Stellantis v sou\u010dasn\u00e9 dob\u011b jedn\u00e1 se st\u00e1vkuj\u00edc\u00edmi s c\u00edlem rychle vy\u0159e\u0161it probl\u00e9m a obnovit v\u00fdrobu, aby se zm\u00edrnily dal\u0161\u00ed finan\u010dn\u00ed ztr\u00e1ty.<\/p>\n<p data-t=\"{&quot;n&quot;:&quot;blueLinks&quot;}\"><strong>Zdroj: DAX<\/strong><\/p>\n<p data-t=\"{&quot;n&quot;:&quot;blueLinks&quot;}\"><img loading=\"lazy\" decoding=\"async\" class=\"alignnone size-medium wp-image-3242\" src=\"http:\/\/www.automakers.cz\/wp-content\/uploads\/2024\/04\/Peugeot-operativni-leasing-small-3-900x500.jpg\" alt=\"\" width=\"900\" height=\"500\" srcset=\"https:\/\/www.automakers.cz\/wp-content\/uploads\/2024\/04\/Peugeot-operativni-leasing-small-3-900x500.jpg 900w, https:\/\/www.automakers.cz\/wp-content\/uploads\/2024\/04\/Peugeot-operativni-leasing-small-3-1024x569.jpg 1024w, https:\/\/www.automakers.cz\/wp-content\/uploads\/2024\/04\/Peugeot-operativni-leasing-small-3-768x427.jpg 768w, https:\/\/www.automakers.cz\/wp-content\/uploads\/2024\/04\/Peugeot-operativni-leasing-small-3-1536x853.jpg 1536w, https:\/\/www.automakers.cz\/wp-content\/uploads\/2024\/04\/Peugeot-operativni-leasing-small-3-2048x1138.jpg 2048w\" sizes=\"auto, (max-width: 900px) 100vw, 900px\" \/><\/p>\n","protected":false},"excerpt":{"rendered":"<p>Automobilov\u00fd gigant Stellantis \u010del\u00ed v\u00fdpadk\u016fm ve t\u0159ech sv\u00fdch evropsk\u00fdch tov\u00e1rn\u00e1ch kv\u016fli st\u00e1vce u kl\u00ed\u010dov\u00e9ho dodavatele,&#8230;<\/p>\n","protected":false},"author":1,"featured_media":778,"comment_status":"closed","ping_status":"closed","sticky":false,"template":"","format":"standard","meta":{"footnotes":""},"categories":[31,18],"tags":[],"class_list":["post-3753","post","type-post","status-publish","format-standard","has-post-thumbnail","hentry","category-news","category-vyroba"],"_links":{"self":[{"href":"https:\/\/www.automakers.cz\/index.php?rest_route=\/wp\/v2\/posts\/3753","targetHints":{"allow":["GET"]}}],"collection":[{"href":"https:\/\/www.automakers.cz\/index.php?rest_route=\/wp\/v2\/posts"}],"about":[{"href":"https:\/\/www.automakers.cz\/index.php?rest_route=\/wp\/v2\/types\/post"}],"author":[{"embeddable":true,"href":"https:\/\/www.automakers.cz\/index.php?rest_route=\/wp\/v2\/users\/1"}],"replies":[{"embeddable":true,"href":"https:\/\/www.automakers.cz\/index.php?rest_route=%2Fwp%2Fv2%2Fcomments&post=3753"}],"version-history":[{"count":3,"href":"https:\/\/www.automakers.cz\/index.php?rest_route=\/wp\/v2\/posts\/3753\/revisions"}],"predecessor-version":[{"id":3755,"href":"https:\/\/www.automakers.cz\/index.php?rest_route=\/wp\/v2\/posts\/3753\/revisions\/3755"}],"wp:featuredmedia":[{"embeddable":true,"href":"https:\/\/www.automakers.cz\/index.php?rest_route=\/wp\/v2\/media\/778"}],"wp:attachment":[{"href":"https:\/\/www.automakers.cz\/index.php?rest_route=%2Fwp%2Fv2%2Fmedia&parent=3753"}],"wp:term":[{"taxonomy":"category","embeddable":true,"href":"https:\/\/www.automakers.cz\/index.php?rest_route=%2Fwp%2Fv2%2Fcategories&post=3753"},{"taxonomy":"post_tag","embeddable":true,"href":"https:\/\/www.automakers.cz\/index.php?rest_route=%2Fwp%2Fv2%2Ftags&post=3753"}],"curies":[{"name":"wp","href":"https:\/\/api.w.org\/{rel}","templated":true}]}}