{"id":3779,"date":"2024-04-30T08:28:03","date_gmt":"2024-04-30T08:28:03","guid":{"rendered":"https:\/\/www.automakers.cz\/?p=3779"},"modified":"2024-04-30T12:05:35","modified_gmt":"2024-04-30T12:05:35","slug":"pekingsky-autosalon-ovladly-elektromobily","status":"publish","type":"post","link":"https:\/\/www.automakers.cz\/?p=3779","title":{"rendered":"Pekingsk\u00fd autosalon ovl\u00e1dly elektromobily"},"content":{"rendered":"<p><strong>Pry\u010d jsou \u010dasy, kdy sv\u011btov\u00e9 trendy ud\u00e1valy evropsk\u00e9 autosalony. Te\u010f se sleduje pekingsk\u00e1 motor show, nejv\u011bt\u0161\u00ed \u010d\u00ednsk\u00e1 v\u00fdstava aut. Veletrhu se v\u011bnoval Vladim\u00edr Rybeck\u00fd na port\u00e1lu Autoweek.<\/strong><!--more--><img loading=\"lazy\" decoding=\"async\" class=\"alignnone size-medium wp-image-3780\" src=\"http:\/\/www.automakers.cz\/wp-content\/uploads\/2024\/04\/Peking-Autosalon-675x900.jpg\" alt=\"\" width=\"675\" height=\"900\" srcset=\"https:\/\/www.automakers.cz\/wp-content\/uploads\/2024\/04\/Peking-Autosalon-675x900.jpg 675w, https:\/\/www.automakers.cz\/wp-content\/uploads\/2024\/04\/Peking-Autosalon.jpg 750w\" sizes=\"auto, (max-width: 675px) 100vw, 675px\" \/><\/p>\n","protected":false},"excerpt":{"rendered":"<p>Pry\u010d jsou \u010dasy, kdy sv\u011btov\u00e9 trendy ud\u00e1valy evropsk\u00e9 autosalony. Te\u010f se sleduje pekingsk\u00e1 motor show,&#8230;<\/p>\n","protected":false},"author":1,"featured_media":2659,"comment_status":"closed","ping_status":"closed","sticky":false,"template":"","format":"standard","meta":{"footnotes":""},"categories":[9,8],"tags":[],"class_list":["post-3779","post","type-post","status-publish","format-standard","has-post-thumbnail","hentry","category-elektromobily","category-vystavy"],"_links":{"self":[{"href":"https:\/\/www.automakers.cz\/index.php?rest_route=\/wp\/v2\/posts\/3779","targetHints":{"allow":["GET"]}}],"collection":[{"href":"https:\/\/www.automakers.cz\/index.php?rest_route=\/wp\/v2\/posts"}],"about":[{"href":"https:\/\/www.automakers.cz\/index.php?rest_route=\/wp\/v2\/types\/post"}],"author":[{"embeddable":true,"href":"https:\/\/www.automakers.cz\/index.php?rest_route=\/wp\/v2\/users\/1"}],"replies":[{"embeddable":true,"href":"https:\/\/www.automakers.cz\/index.php?rest_route=%2Fwp%2Fv2%2Fcomments&post=3779"}],"version-history":[{"count":3,"href":"https:\/\/www.automakers.cz\/index.php?rest_route=\/wp\/v2\/posts\/3779\/revisions"}],"predecessor-version":[{"id":3799,"href":"https:\/\/www.automakers.cz\/index.php?rest_route=\/wp\/v2\/posts\/3779\/revisions\/3799"}],"wp:featuredmedia":[{"embeddable":true,"href":"https:\/\/www.automakers.cz\/index.php?rest_route=\/wp\/v2\/media\/2659"}],"wp:attachment":[{"href":"https:\/\/www.automakers.cz\/index.php?rest_route=%2Fwp%2Fv2%2Fmedia&parent=3779"}],"wp:term":[{"taxonomy":"category","embeddable":true,"href":"https:\/\/www.automakers.cz\/index.php?rest_route=%2Fwp%2Fv2%2Fcategories&post=3779"},{"taxonomy":"post_tag","embeddable":true,"href":"https:\/\/www.automakers.cz\/index.php?rest_route=%2Fwp%2Fv2%2Ftags&post=3779"}],"curies":[{"name":"wp","href":"https:\/\/api.w.org\/{rel}","templated":true}]}}