{"id":3800,"date":"2024-05-02T06:31:45","date_gmt":"2024-05-02T06:31:45","guid":{"rendered":"https:\/\/www.automakers.cz\/?p=3800"},"modified":"2024-05-02T06:33:09","modified_gmt":"2024-05-02T06:33:09","slug":"skoda-spousti-hlasovani-v-soutezi-auto-pro-zdravotniho-klauna","status":"publish","type":"post","link":"https:\/\/www.automakers.cz\/?p=3800","title":{"rendered":"\u0160koda spou\u0161t\u00ed hlasov\u00e1n\u00ed ve\u0159ejnosti v sout\u011b\u017ei Auto pro Zdravotn\u00edho klauna"},"content":{"rendered":"<p><strong>T\u0159et\u00ed ro\u010dn\u00edk v\u00fdtvarn\u00e9 sout\u011b\u017ee Auto pro Zdravotn\u00edho klauna m\u00ed\u0159\u00ed do fin\u00e1le: a\u017e do 12. kv\u011btna m\u016f\u017ee ve\u0159ejnost rozhodnout o podob\u011b dvou nov\u00fdch sponzorsk\u00fdch Superb\u016f Combi iV. Dv\u011b p\u0159edchoz\u00ed auta z\u00edskal Zdravotn\u00ed klaun p\u0159ed dv\u011bma lety na podzim, t\u0159et\u00ed v\u016fz byl p\u0159ed\u00e1n v r\u00e1mci lo\u0148sk\u00e9ho ro\u010dn\u00edku Zl\u00edn Film Festivalu. <\/strong><!--more--><\/p>\n<p>V leto\u0161n\u00edm roce porot z n\u00e1vrh\u016f vybrala 20 fin\u00e1ln\u00edch podob, kter\u00e9 jsou zve\u0159ejn\u011bn\u00e9 na internetov\u00e9 adrese https:\/\/autoproklauna.skoda-auto.cz, a zde prob\u00edh\u00e1 tak\u00e9 hlasov\u00e1n\u00ed. D\u011btmi navr\u017een\u00e9 vozy \u0160koda Superb Combi iV budou slavnostn\u011b p\u0159ed\u00e1ny 1. \u010dervna 2024 op\u011bt v r\u00e1mci akce Den se \u0160koda Auto na Zl\u00edn Film Festivalu. Mladoboleslavsk\u00e1 automobilka podporuje neziskovou organizaci Zdravotn\u00ed klaun ji\u017e v\u00edce ne\u017e 20 let.<\/p>\n<p>D\u011bti m\u011bly mo\u017enost b\u011bhem leto\u0161n\u00edho dubna kreslit elektronicky prost\u0159ednictv\u00edm n\u00e1stroj\u016f na internetov\u00e9 str\u00e1nce sout\u011b\u017ee nebo v pap\u00edrov\u011b podob\u011b. Z do\u0161l\u00fdch n\u00e1vrh\u016f vybrala 20 finalist\u016f odborn\u00e1 porota. Ta byla slo\u017eena ze z\u00e1stupc\u016f spole\u010dnosti \u0160koda Auto a neziskov\u00e9 organizace Zdravotn\u00ed klaun.<\/p>\n<p><strong>Zdravotn\u00ed klauni pom\u00e1haj\u00ed proj\u00edt l\u00e9\u010dbou s \u00fasm\u011bvem <\/strong><\/p>\n<p>Podstatou v\u00fdtvarn\u00e9 sout\u011b\u017ee \u201eAuto pro Zdravotn\u00edho klauna\u201c je p\u0159ipomenout posl\u00e1n\u00ed Zdravotn\u00edch klaun\u016f, kte\u0159\u00ed od roku 2001 p\u0159in\u00e1\u0161ej\u00ed radost, dobrou n\u00e1ladu, a p\u0159edev\u0161\u00edm nad\u011bji na m\u00edsta, kde se jich p\u0159\u00edli\u0161 nedost\u00e1v\u00e1. Pom\u00e1haj\u00ed d\u011btsk\u00fdm a geriatrick\u00fdm pacient\u016fm proch\u00e1zet l\u00e9\u010dbou s \u00fasm\u011bvem. Nenav\u0161t\u011bvuj\u00ed je jen u l\u016f\u017eek, v\u011bnuj\u00ed se d\u011btem v pr\u016fb\u011bhu pl\u00e1novan\u00fdch operac\u00ed, rozjas\u0148uj\u00ed n\u00e1ro\u010dn\u00e1 \u010dek\u00e1n\u00ed na pohotovostech a ve specializovan\u00fdch ambulanc\u00edch, jsou dlouhodob\u00fdmi vesel\u00fdmi par\u0165\u00e1ky v l\u00e9\u010debn\u00e1ch i stacion\u00e1\u0159\u00edch. Nesm\u00edrn\u00fd v\u00fdznam maj\u00ed pro v\u00e1\u017en\u011b nebo dlouhodob\u011b nemocn\u00e9 pacienty a jejich nejbli\u017e\u0161\u00ed, kte\u0159\u00ed v souvislosti s l\u00e9\u010dbou \u010dasto za\u017e\u00edvaj\u00ed slo\u017eit\u00e9 \u017eivotn\u00ed situace. Speci\u00e1ln\u011b vy\u0161kolen\u00ed Zdravotn\u00ed klauni pravideln\u011b nav\u0161t\u011bvuj\u00ed\u00a0 66 nemocnic, 11 domov\u016f pro seniory a 1 hospic po cel\u00e9 \u010cesk\u00e9 republice.<\/p>\n<p><strong>D\u011bti sout\u011b\u017e\u00ed o hodnotn\u00e9 ceny <\/strong><\/p>\n<p>Hlasov\u00e1n\u00ed o podob\u011b p\u0159ipravovan\u00fdch voz\u016f prob\u00edh\u00e1 na adrese https:\/\/autoproklauna.skodaauto.cz a bude ukon\u010deno 12. kv\u011btna 2024, n\u00e1sledn\u011b na z\u00e1klad\u011b v\u00edt\u011bzn\u00fdch kreativn\u00edch n\u00e1vrh\u016f vzniknou skute\u010dn\u00e9 vozy. Auto\u0159i nej\u00fasp\u011b\u0161n\u011bj\u0161\u00edch skic z\u00edskaj\u00ed tablet Apple iPad v\u010detn\u011b pera Apple Pencil, ostatn\u00ed finalist\u00e9 se mohou t\u011b\u0161it na d\u00e1rkov\u00e9 p\u0159edm\u011bty od spole\u010dnosti \u0160koda Auto. Modely \u0160koda Superb Combi iV budou slavnostn\u011b p\u0159ed\u00e1ny 1. \u010dervna 2024 v r\u00e1mci akce Den se \u0160koda Auto na Zl\u00edn Film Festivalu.<\/p>\n<p>Mladoboleslavsk\u00e1 automobilka podporuje neziskovou organizaci Zdravotn\u00ed klaun ji\u017e od roku 2002, a to jak z\u00e1p\u016fj\u010dkami automobil\u016f, tak p\u0159\u00edmou finan\u010dn\u00ed pomoc\u00ed. V uplynul\u00fdch dvou letech p\u0159isp\u011bla finan\u010dn\u00edmi dary v celkov\u00e9 v\u00fd\u0161i 2 miliony korun a celkem p\u0159edala do u\u017e\u00edv\u00e1n\u00ed t\u0159i elektromobily \u0160koda Enyaq.<\/p>\n<p><strong>Zdroj: \u0160koda Auto, Tom\u00e1\u0161 Kotera<\/strong><\/p>\n<p><img loading=\"lazy\" decoding=\"async\" class=\"alignnone size-full wp-image-3802\" src=\"http:\/\/www.automakers.cz\/wp-content\/uploads\/2024\/05\/Snimek-obrazovky_1-5-2024_112931_autoproklauna.skoda-auto.cz_.jpeg\" alt=\"\" width=\"896\" height=\"573\" srcset=\"https:\/\/www.automakers.cz\/wp-content\/uploads\/2024\/05\/Snimek-obrazovky_1-5-2024_112931_autoproklauna.skoda-auto.cz_.jpeg 896w, https:\/\/www.automakers.cz\/wp-content\/uploads\/2024\/05\/Snimek-obrazovky_1-5-2024_112931_autoproklauna.skoda-auto.cz_-768x491.jpeg 768w\" sizes=\"auto, (max-width: 896px) 100vw, 896px\" \/><\/p>\n","protected":false},"excerpt":{"rendered":"<p>T\u0159et\u00ed ro\u010dn\u00edk v\u00fdtvarn\u00e9 sout\u011b\u017ee Auto pro Zdravotn\u00edho klauna m\u00ed\u0159\u00ed do fin\u00e1le: a\u017e do 12. kv\u011btna&#8230;<\/p>\n","protected":false},"author":2,"featured_media":3801,"comment_status":"closed","ping_status":"closed","sticky":false,"template":"","format":"standard","meta":{"footnotes":""},"categories":[1],"tags":[],"class_list":["post-3800","post","type-post","status-publish","format-standard","has-post-thumbnail","hentry","category-uncategorized"],"_links":{"self":[{"href":"https:\/\/www.automakers.cz\/index.php?rest_route=\/wp\/v2\/posts\/3800","targetHints":{"allow":["GET"]}}],"collection":[{"href":"https:\/\/www.automakers.cz\/index.php?rest_route=\/wp\/v2\/posts"}],"about":[{"href":"https:\/\/www.automakers.cz\/index.php?rest_route=\/wp\/v2\/types\/post"}],"author":[{"embeddable":true,"href":"https:\/\/www.automakers.cz\/index.php?rest_route=\/wp\/v2\/users\/2"}],"replies":[{"embeddable":true,"href":"https:\/\/www.automakers.cz\/index.php?rest_route=%2Fwp%2Fv2%2Fcomments&post=3800"}],"version-history":[{"count":5,"href":"https:\/\/www.automakers.cz\/index.php?rest_route=\/wp\/v2\/posts\/3800\/revisions"}],"predecessor-version":[{"id":3813,"href":"https:\/\/www.automakers.cz\/index.php?rest_route=\/wp\/v2\/posts\/3800\/revisions\/3813"}],"wp:featuredmedia":[{"embeddable":true,"href":"https:\/\/www.automakers.cz\/index.php?rest_route=\/wp\/v2\/media\/3801"}],"wp:attachment":[{"href":"https:\/\/www.automakers.cz\/index.php?rest_route=%2Fwp%2Fv2%2Fmedia&parent=3800"}],"wp:term":[{"taxonomy":"category","embeddable":true,"href":"https:\/\/www.automakers.cz\/index.php?rest_route=%2Fwp%2Fv2%2Fcategories&post=3800"},{"taxonomy":"post_tag","embeddable":true,"href":"https:\/\/www.automakers.cz\/index.php?rest_route=%2Fwp%2Fv2%2Ftags&post=3800"}],"curies":[{"name":"wp","href":"https:\/\/api.w.org\/{rel}","templated":true}]}}