{"id":3818,"date":"2024-05-02T07:26:40","date_gmt":"2024-05-02T07:26:40","guid":{"rendered":"https:\/\/www.automakers.cz\/?p=3818"},"modified":"2024-05-02T07:26:40","modified_gmt":"2024-05-02T07:26:40","slug":"zajicek-startuje-oldtimer-express-do-aten","status":"publish","type":"post","link":"https:\/\/www.automakers.cz\/?p=3818","title":{"rendered":"Zaj\u00ed\u010dek startuje Oldtimer Express do At\u00e9n"},"content":{"rendered":"<p><b> Milovn\u00edci historick\u00fdch voz\u016f se v sobotu 4. kv\u011btna setkaj\u00ed u N\u00e1rodn\u00edho technick\u00e9ho muzea v Praze odkud slavnostn\u011b odstartuje vytrvalostn\u00ed j\u00edzda \u010desk\u00fdch veter\u00e1n\u016f m\u00ed\u0159\u00edc\u00ed do At\u00e9n.<\/b><!--more--><\/p>\n<p>Startovat se bude r\u00e1no mezi 7. a 10. hodinou, p\u0159i\u010dem\u017e\u00a0<strong>slavnostn\u00ed start prvn\u00edho vozu je napl\u00e1nov\u00e1n na\u00a07:30 h<\/strong>. \u010casn\u00fd start absolvuj\u00ed pos\u00e1dky z\u00a0d\u016fvodu d\u00e9lky prvn\u00ed etapy, kter\u00e1 m\u011b\u0159\u00ed skoro 600 km a kon\u010d\u00ed u rakousk\u00e9ho jezera W\u00f6rthersee.<\/p>\n<p>Div\u00e1ci se vedle p\u0159ehl\u00eddky kr\u00e1sn\u00fdch stroj\u016f mohou t\u011b\u0161it i na setk\u00e1n\u00ed s\u00a0hv\u011bzdami ankety Zlat\u00fd volant jako je\u00a0<strong>p\u011btin\u00e1sobn\u00fd v\u00edt\u011bz 24 hodin Le Mans a jezdec formule 1 Emanuele Pirro<\/strong>, \u010derstv\u00e1 dr\u017eitelka Ceny Eli\u0161ky Junkov\u00e9 \u010desko-slovensk\u00e1 z\u00e1vodnice Katar\u00edna K\u00fdvalov\u00e1, nebo Gregorio Lavilla, b\u00fdval\u00fd motocyklov\u00fd z\u00e1vodn\u00edk a \u0161\u00e9f sv\u011btov\u00e9ho \u0161ampion\u00e1tu WorldSBK.<\/p>\n<p><strong><i>\u201eM\u00e1me p\u0159ichystan\u00e9 je\u0161t\u011b jedno p\u0159ekvapen\u00ed v\u00a0podob\u011b vz\u00e1cn\u00e9 osobnosti, kter\u00e1 p\u0159ijde pozdravit pos\u00e1dky i div\u00e1ky na start. Jeho jm\u00e9no, ale zat\u00edm nemohu prozradit,\u201c<\/i>\u00a0l\u00e1k\u00e1 na start hlavn\u00ed organiz\u00e1tor Oldtimer Expressu Josef Zaj\u00ed\u010dek<\/strong>.<\/p>\n<p>Na fanou\u0161ky, ale na startu budou \u010dekat i\u00a0<strong>sout\u011b\u017ee o hodnotn\u00e9 ceny.<\/strong>\u00a0Mohou vyhr\u00e1t nap\u0159\u00edklad vstupenky na Mistrovstv\u00ed sv\u011bta superbik\u016f na mosteck\u00e9m autodromu (19.\u201321.\u010dervence), nebo\u00a0<strong>tankovac\u00ed kartu s\u00a0kreditem 10.000 K\u010d<\/strong>\u00a0od spole\u010dnosti ORLEN, kter\u00e1 je jedn\u00edm hlavn\u00edch partner\u016f akce.<\/p>\n<p>Oldtimer Express je vytrvalostn\u00ed j\u00edzda \u010desk\u00fdch veter\u00e1n\u016f, kter\u00e1 b\u011bhem p\u011bti dn\u016f p\u0159ekon\u00e1 skoro 2500 km a doputuje a\u017e do At\u00e9n. V\u00a0sobotu r\u00e1no budou\u00a0<strong>na startu v\u00edce ne\u017e \u010dty\u0159i des\u00edtky historick\u00fdch voz\u016f<\/strong>\u00a0a fanou\u0161ci jsou srde\u010dn\u011b zv\u00e1ni, aby se p\u0159i\u0161li pod\u00edvat a podpo\u0159it pos\u00e1dky. Na pestr\u00e9 startovn\u00ed listin\u011b najdete nap\u0159\u00edklad vz\u00e1cn\u00fd kabriolet BMW 327 z\u00a0roku 1941, se\u00a0kter\u00fdm jede Josef Zaj\u00ed\u010dek, zakladatel a duchovn\u00ed otec Oldtimer Expressu.<\/p>\n<p>Vedle po\u010detn\u00e9ho zastoupen\u00ed voz\u016f BMW bude na startu nap\u0159\u00edklad i Aston Martin 15\/98 z\u00a0roku 1937, nebo o rok mlad\u0161\u00ed Praga Piccolo. Sv\u00e9 zastoupen\u00ed maj\u00ed ve startovn\u00edm poli samoz\u0159ejm\u011b tak\u00e9 \u010desk\u00e9 Tatry a \u0161kodovky. Vedle n\u011bkolika Porsche, Jaguar\u016f a Mercedes\u016f pak bude startovat Ferrari, ale i jeden Trabant a mnoho dal\u0161\u00edch kr\u00e1sn\u00fdch voz\u016f.<\/p>\n<p>\u00da\u010dastn\u00edky\u00a0<strong>Oldtimer Expressu \u010dek\u00e1 nabit\u00fdch p\u011bt etap<\/strong>, kter\u00e9 je provedou rakousk\u00fdmi a slovinsk\u00fdmi Alpami, jadransk\u00fdm pob\u0159e\u017e\u00edm, \u010cernou horou, Alb\u00e1ni\u00ed a samoz\u0159ejm\u011b \u0158eckem. P\u0159ipraveno je n\u011bkolik zaj\u00edmav\u00fdch zast\u00e1vek. Jednou z nich bude sout\u011b\u017en\u00ed j\u00edzda pravidelnosti na z\u00e1vodn\u00edm okruhu Grobnik v\u00a0chorvatsk\u00e9 Rijece. Z\u00e1v\u011bre\u010dnou\u00a0<strong>p\u00e1tou etapu pak pos\u00e1dky zakon\u010d\u00ed v\u00a0At\u00e9n\u00e1ch<\/strong>\u00a0na starov\u011bk\u00e9m stadionu Panathinaiko. Velkolep\u00fd stadion postaven\u00fd v roce 556 p\u0159. n. l. z\u00a0b\u00edl\u00e9ho mramoru se stal v roce 1896 d\u011bji\u0161t\u011bm I. novodob\u00fdch olympijsk\u00fdch her a pojme a\u017e 80.000 lid\u00ed. V At\u00e9n\u00e1ch z\u00e1vod vyvrchol\u00ed slavnostn\u00edm vyhl\u00e1\u0161en\u00edm a spole\u010dn\u00fdm galave\u010derem.<\/p>\n<p><img loading=\"lazy\" decoding=\"async\" class=\"alignnone size-medium wp-image-3821\" src=\"http:\/\/www.automakers.cz\/wp-content\/uploads\/2024\/05\/Oldtimer-Express-Saab-900x600.jpg\" alt=\"\" width=\"900\" height=\"600\" srcset=\"https:\/\/www.automakers.cz\/wp-content\/uploads\/2024\/05\/Oldtimer-Express-Saab-900x600.jpg 900w, https:\/\/www.automakers.cz\/wp-content\/uploads\/2024\/05\/Oldtimer-Express-Saab-1024x683.jpg 1024w, https:\/\/www.automakers.cz\/wp-content\/uploads\/2024\/05\/Oldtimer-Express-Saab-768x512.jpg 768w, https:\/\/www.automakers.cz\/wp-content\/uploads\/2024\/05\/Oldtimer-Express-Saab-1536x1024.jpg 1536w, https:\/\/www.automakers.cz\/wp-content\/uploads\/2024\/05\/Oldtimer-Express-Saab.jpg 1920w\" sizes=\"auto, (max-width: 900px) 100vw, 900px\" \/>Div\u00e1ci a fanou\u0161ci jsou zv\u00e1ni na slavnostn\u00ed start.<\/p>\n<p>V\u00edce informac\u00ed na <a href=\"https:\/\/autodrom-mostcz.t.mailkit.eu\/mc\/VEQLVPLQ\/SVWCZCBIJOTFCIQMWT\/CMVCMVEVQVC\" target=\"_blank\" rel=\"noopener noreferrer\">www.oldtimer-car.cz\/oldtimer-express<\/a>.<\/p>\n<p><b>Kdy:<\/b>\u00a0Sobota, 4. kv\u011btna 2024<\/p>\n<p><b>Kde:<\/b>\u00a0N\u00e1rodn\u00ed technick\u00e9 muzeum, Praha<\/p>\n<p><b>\u010cas:<\/b>\u00a07:00 a\u017e 10:00 h, slavnostn\u00ed start prvn\u00edho vozu v 7:30<\/p>\n<p><b>Vstup zdarma<\/b><\/p>\n<p><b>ZdroJ: Oldtimer Express<\/b><\/p>\n<p>Oldtimer Express je jedine\u010dn\u00e1 vytrvalostn\u00ed j\u00edzda \u010desk\u00fdch veter\u00e1n\u016f, kter\u00e1 spojuje v\u00e1\u0161e\u0148 pro klasick\u00e1 auta a cestov\u00e1n\u00ed. V\u00a0prvn\u00edm ro\u010dn\u00edku se 23 pos\u00e1dek vydalo z\u00a0Prahy do Istanbulu. V\u00a0roce 2024 jede u\u017e 43 pos\u00e1dek a v\u00a0olympijsk\u00e9m roce m\u00ed\u0159\u00ed do At\u00e9n. Start se uskute\u010dn\u00ed 4. kv\u011btna 2024 mezi 7. a 10. hodinou od N\u00e1rodn\u00edho technick\u00e9ho muzea v\u00a0Praze.<\/p>\n<p>Trasa povede \u010desk\u00e9 veter\u00e1ny p\u0159es Rakousko, Slovinsko, Chorvatsko, \u010cernou Horu, Alb\u00e1nii a \u0158ecko. Do c\u00edle doraz\u00ed Oldtimer Express po p\u011bti etap\u00e1ch na Den v\u00edt\u011bzstv\u00ed ve st\u0159edu 8. kv\u011btna. C\u00edlem vytrvalostn\u00ed j\u00edzdy nen\u00ed b\u00fdt nejrychlej\u0161\u00ed, ale dojet do c\u00edle. Hlavn\u00edm organiz\u00e1torem akce je Josef Zaj\u00ed\u010dek, majitel Autodromu Most a hodin\u00e1\u0159sk\u00e9 manufaktury ROBOT.<\/p>\n<figure id=\"attachment_97\" aria-describedby=\"caption-attachment-97\" style=\"width: 300px\" class=\"wp-caption alignnone\"><img loading=\"lazy\" decoding=\"async\" class=\"size-medium wp-image-97\" src=\"http:\/\/www.automakers.cz\/wp-content\/uploads\/2023\/11\/Autodrom-Most-Zajicek-TK-Stovicek-300x178.jpg\" alt=\"\" width=\"300\" height=\"178\" srcset=\"https:\/\/www.automakers.cz\/wp-content\/uploads\/2023\/11\/Autodrom-Most-Zajicek-TK-Stovicek-300x178.jpg 300w, https:\/\/www.automakers.cz\/wp-content\/uploads\/2023\/11\/Autodrom-Most-Zajicek-TK-Stovicek-1024x607.jpg 1024w, https:\/\/www.automakers.cz\/wp-content\/uploads\/2023\/11\/Autodrom-Most-Zajicek-TK-Stovicek-768x455.jpg 768w, https:\/\/www.automakers.cz\/wp-content\/uploads\/2023\/11\/Autodrom-Most-Zajicek-TK-Stovicek.jpg 1391w\" sizes=\"auto, (max-width: 300px) 100vw, 300px\" \/><figcaption id=\"caption-attachment-97\" class=\"wp-caption-text\">Majitel Autodromu Josef Zaj\u00ed\u010dek letos vyprav\u00ed Oldtomer Express do At\u00e9n<\/figcaption><\/figure>\n","protected":false},"excerpt":{"rendered":"<p>Milovn\u00edci historick\u00fdch voz\u016f se v sobotu 4. kv\u011btna setkaj\u00ed u N\u00e1rodn\u00edho technick\u00e9ho muzea v Praze&#8230;<\/p>\n","protected":false},"author":1,"featured_media":3820,"comment_status":"closed","ping_status":"closed","sticky":false,"template":"","format":"standard","meta":{"footnotes":""},"categories":[19,34],"tags":[],"class_list":["post-3818","post","type-post","status-publish","format-standard","has-post-thumbnail","hentry","category-motorsport","category-veterani"],"_links":{"self":[{"href":"https:\/\/www.automakers.cz\/index.php?rest_route=\/wp\/v2\/posts\/3818","targetHints":{"allow":["GET"]}}],"collection":[{"href":"https:\/\/www.automakers.cz\/index.php?rest_route=\/wp\/v2\/posts"}],"about":[{"href":"https:\/\/www.automakers.cz\/index.php?rest_route=\/wp\/v2\/types\/post"}],"author":[{"embeddable":true,"href":"https:\/\/www.automakers.cz\/index.php?rest_route=\/wp\/v2\/users\/1"}],"replies":[{"embeddable":true,"href":"https:\/\/www.automakers.cz\/index.php?rest_route=%2Fwp%2Fv2%2Fcomments&post=3818"}],"version-history":[{"count":3,"href":"https:\/\/www.automakers.cz\/index.php?rest_route=\/wp\/v2\/posts\/3818\/revisions"}],"predecessor-version":[{"id":3823,"href":"https:\/\/www.automakers.cz\/index.php?rest_route=\/wp\/v2\/posts\/3818\/revisions\/3823"}],"wp:featuredmedia":[{"embeddable":true,"href":"https:\/\/www.automakers.cz\/index.php?rest_route=\/wp\/v2\/media\/3820"}],"wp:attachment":[{"href":"https:\/\/www.automakers.cz\/index.php?rest_route=%2Fwp%2Fv2%2Fmedia&parent=3818"}],"wp:term":[{"taxonomy":"category","embeddable":true,"href":"https:\/\/www.automakers.cz\/index.php?rest_route=%2Fwp%2Fv2%2Fcategories&post=3818"},{"taxonomy":"post_tag","embeddable":true,"href":"https:\/\/www.automakers.cz\/index.php?rest_route=%2Fwp%2Fv2%2Ftags&post=3818"}],"curies":[{"name":"wp","href":"https:\/\/api.w.org\/{rel}","templated":true}]}}