{"id":3824,"date":"2024-05-02T08:32:00","date_gmt":"2024-05-02T08:32:00","guid":{"rendered":"https:\/\/www.automakers.cz\/?p=3824"},"modified":"2024-05-02T08:53:45","modified_gmt":"2024-05-02T08:53:45","slug":"ald-automotive-se-meni-na-ayvens","status":"publish","type":"post","link":"https:\/\/www.automakers.cz\/?p=3824","title":{"rendered":"ALD Automotive se m\u011bn\u00ed na Ayvens"},"content":{"rendered":"<p><strong>Antimonopoln\u00ed \u00fa\u0159ad neschv\u00e1lil f\u00fazi LeasePlanu a ALD Automotive, ta nalezla jin\u00e9 \u0159e\u0161en\u00ed. Druh\u00e9ho kv\u011btna se p\u0159ejmenovala se na Ayvens. Jej\u00ed vozov\u00fd park v \u010cesku \u010d\u00edt\u00e1 t\u00e9m\u011b\u0159 28 tis\u00edc osobn\u00edch a u\u017eitkov\u00fdch vozidel, na pozici \u0161\u00e9fa z\u016fst\u00e1v\u00e1 Pavel Fo\u0159t.<br \/>\n<\/strong><!--more--><\/p>\n<p>\u010cesk\u00e1 republika se stala des\u00e1tou z celkem 42 zem\u00ed, ve kter\u00e9 se zna\u010dka glob\u00e1ln\u00ed mobility Ayvens objev\u00ed. Za c\u00edl si d\u00e1v\u00e1 p\u0159edstavit nov\u00fd sv\u011bt mobility, kter\u00fd je plynulej\u0161\u00ed, udr\u017eiteln\u011bj\u0161\u00ed a dostupn\u011bj\u0161\u00ed.<\/p>\n<p><strong>\u0160\u00e9fem z\u016fst\u00e1v\u00e1 Pavel Fo\u0159t<\/strong><\/p>\n<p>\u0160\u00e9fem firmy z\u016fst\u00e1v\u00e1 Pavel Fo\u0159t, kter\u00fd byl v \u010dele ALD jako jednatel od roku 2014, kdy na pozici nahradil Petra Kohouta.<\/p>\n<p>P\u0159edchoz\u00ed pracovn\u00ed zku\u0161enosti z\u00edskal Fo\u0159t jako finan\u010dn\u00ed \u0159editel spole\u010dnosti OMD (2010 &#8211; 2014) a jako finan\u010dn\u00ed \u0159editel spole\u010dnosti ALD Automotive pro \u010ceskou a Slovenskou republiku a v auditorsk\u00e9 spole\u010dnosti KPMG.<\/p>\n<p><img loading=\"lazy\" decoding=\"async\" class=\"alignnone size-full wp-image-3840\" src=\"http:\/\/www.automakers.cz\/wp-content\/uploads\/2024\/05\/Ayvens-Pavel-Fort.jpg\" alt=\"\" width=\"360\" height=\"205\" \/><\/p>\n<p><em>\u201eP\u0159edstaven\u00ed Ayvens je v\u00fdznamn\u00fdm strategick\u00fdm miln\u00edkem ve v\u00fdvoji na\u0161\u00ed spole\u010dnosti. Jsem p\u0159esv\u011bd\u010den\u00fd, \u017ee tento krok bude velk\u00fdm p\u0159\u00ednosem pro na\u0161e z\u00e1kazn\u00edky, dodavatele i zam\u011bstnance. V\u011b\u0159\u00edm, \u017ee d\u00edky z\u00e1palu a zku\u0161enostem na\u0161ich zam\u011bstnanc\u016f dok\u00e1\u017eeme z\u00e1kazn\u00edk\u016fm nab\u00eddnout nejlep\u0161\u00ed slu\u017eby na trhu. Jsme opravdu hrd\u00ed, \u017ee m\u016f\u017eeme pokra\u010dovat v t\u00e9to \u00fa\u017easn\u00e9 cest\u011b s novou zna\u010dkou a identitou,&#8220;<\/em>\u00a0\u0159\u00edk\u00e1 <strong>gener\u00e1ln\u00ed \u0159editel Ayvens Fo\u0159t.<\/strong><\/p>\n<p>Pod\u00edlet se na digit\u00e1ln\u00ed transformaci cel\u00e9ho automotive odv\u011btv\u00ed. To jsou c\u00edle nov\u00e9 glob\u00e1ln\u00ed zna\u010dky Ayvens, kter\u00e1 se na mezin\u00e1rodn\u00edm a ve v\u011bt\u0161in\u011b p\u0159\u00edpad\u016f tak\u00e9 lok\u00e1ln\u00edm poli zrodila v r\u00e1mci f\u00faze spole\u010dnost\u00ed LeasePlan a ALD.<\/p>\n<p><strong>Neschv\u00e1len\u00e1 f\u00faze s LeasePlanem<\/strong><\/p>\n<p>V \u010cesk\u00e9 republice k f\u00fazi nedo\u0161lo z d\u016fvodu neschv\u00e1len\u00ed p\u0159\u00edslu\u0161n\u00fdmi antimonopoln\u00edmi \u00fa\u0159ady. <em><i>\u201eP\u0159edstaven\u00ed Ayvens je v\u00fdznamn\u00fdm strategick\u00fdm miln\u00edkem ve v\u00fdvoji na\u0161\u00ed spole\u010dnosti. Jsem p\u0159esv\u011bd\u010den\u00fd, \u017ee tento krok bude velk\u00fdm p\u0159\u00ednosem pro na\u0161e z\u00e1kazn\u00edky, dodavatele i zam\u011bstnance. V\u011b\u0159\u00edm, \u017ee d\u00edky z\u00e1palu a zku\u0161enostem na\u0161ich zam\u011bstnanc\u016f dok\u00e1\u017eeme z\u00e1kazn\u00edk\u016fm nab\u00eddnout nejlep\u0161\u00ed slu\u017eby na trhu. Jsme opravdu hrd\u00ed, \u017ee m\u016f\u017eeme pokra\u010dovat v t\u00e9to \u00fa\u017easn\u00e9 cest\u011b s novou zna\u010dkou a identitou,&#8220;<\/i><\/em>\u00a0\u0159\u00edk\u00e1 <strong><b>Pavel Fo\u0159t, gener\u00e1ln\u00ed \u0159editel spole\u010dnosti Ayvens<\/b><\/strong>.<\/p>\n<p>Vozov\u00fd park Ayvens v\u00a0\u010cesk\u00e9 republice \u010d\u00edt\u00e1 t\u00e9m\u011b\u0159 28\u00a0000 osobn\u00edch a u\u017eitkov\u00fdch vozidel, kter\u00e1\u00a0zprost\u0159edkov\u00e1v\u00e1 v\u00edce ne\u017e 6 000 z\u00e1kazn\u00edk\u016fm z\u00a0\u0159ad firem, ve\u0159ejn\u00fdch instituc\u00ed, drobn\u00fdch podnikatel\u016f a priv\u00e1tn\u00edch klient\u016f. V\u00a0glob\u00e1ln\u00edm m\u011b\u0159\u00edtku spravuje Ayvens vozov\u00fd park o\u00a0celkov\u00e9m po\u010dtu 3,4 milionu vozidel. Jeho sou\u010d\u00e1st\u00ed je i nejv\u011bt\u0161\u00ed flotila elektromobil\u016f r\u016fzn\u00fdch zna\u010dek na sv\u011bt\u011b.<\/p>\n<h3><strong>Vysok\u00e9 ambice<\/strong><\/h3>\n<p>C\u00edlem Ayvens je poskytovat jednodu\u0161\u0161\u00ed, chyt\u0159ej\u0161\u00ed a udr\u017eiteln\u011bj\u0161\u00ed \u0159e\u0161en\u00ed mobility. Sv\u00e9 slu\u017eby bude zna\u010dka nab\u00edzet ve v\u0161ech z\u00e1kaznick\u00fdch segmentech. Na m\u00edru u\u0161it\u00e1 \u0159e\u0161en\u00ed tak u n\u00ed najde ka\u017ed\u00fd \u2013 od velk\u00fdch korpor\u00e1tn\u00edch klient\u016f p\u0159es mal\u00e9 a st\u0159edn\u00ed podniky a profesion\u00e1ly a\u017e po soukrom\u00e9 z\u00e1kazn\u00edky. Je\u0161t\u011b v\u00edce ne\u017e doposud se p\u0159itom Ayvens zam\u011b\u0159\u00ed na rozvoj digit\u00e1ln\u00edch \u0159e\u0161en\u00ed.<\/p>\n<p><em><i>\u201e<\/i><\/em><em><i>Na\u0161\u00ed ambic\u00ed je co nejrychlej\u0161\u00ed propagace zna\u010dky Ayvens na tuzemsk\u00e9m trhu a z\u00edsk\u00e1n\u00ed pozice l\u00eddra odpov\u00eddaj\u00edc\u00ed\u00a0postaven\u00ed zna\u010dky na glob\u00e1ln\u00ed \u00farovni. K tomu by n\u00e1m m\u011bla napomoci rozs\u00e1hl\u00e1 medi\u00e1ln\u00ed kampa\u0148 a spolu s n\u00ed i obrovsk\u00e1 zku\u0161enost obou spojuj\u00edc\u00edch se spole\u010dnost\u00ed, d\u00edky kter\u00e9 m\u00e1me nejkomplexn\u011bj\u0161\u00ed nab\u00eddku slu\u017eeb v t\u00e9 nejvy\u0161\u0161\u00ed mo\u017en\u00e9 kvalit\u011b. Moj\u00ed osobn\u00ed prioritou je rovn\u011b\u017e zam\u011b\u0159en\u00ed na profesion\u00e1ln\u00ed a transparentn\u00ed komunikaci a osobn\u00ed zainteresovanost ka\u017ed\u00e9ho zam\u011bstnance na spokojenosti na\u0161ich klient\u016f,<\/i><\/em><em><i>\u201c<\/i><\/em>\u00a0\u0159\u00edk\u00e1 <strong><b>Martin \u0160t\u011btina, obchodn\u00ed \u0159editel spole\u010dnosti Ayvens<\/b><\/strong>.<\/p>\n<h3><strong><b>Nov\u00e1 identita<\/b><\/strong><\/h3>\n<p>Spolu s\u00a0nov\u00fdm jm\u00e9nem p\u0159edstavila zna\u010dka i zbrusu novou vizu\u00e1ln\u00ed identitu symbolizuj\u00edc\u00ed dynami\u010dnost a pokrok postaven\u00fd na pevn\u00fdch z\u00e1kladech dvou siln\u00fdch spole\u010dnost\u00ed. Nov\u00e9 logo zd\u016fraz\u0148uje p\u0159\u00edslu\u0161nost ke skupin\u011b majoritn\u00edho akcion\u00e1\u0159e Soci\u00e9t\u00e9 G\u00e9n\u00e9rale. Slogan &#8222;<em><i>Better with every move<\/i><\/em>&#8220; zachycuje hlavn\u00ed posl\u00e1n\u00ed spole\u010dnosti, kter\u00fdm je prost\u0159ednictv\u00edm neust\u00e1l\u00e9ho pokroku p\u0159in\u00e1\u0161et lep\u0161\u00ed a kvalitn\u011bj\u0161\u00ed sv\u011bt mobility nejen pro sv\u00e9 z\u00e1kazn\u00edky, ale i pro na\u0161i planetu.<\/p>\n<p><strong><b>O spole\u010dnosti Ayvens<\/b><\/strong><\/p>\n<p>Spole\u010dnost Ayvens je p\u0159edn\u00edm sv\u011btov\u00fdm hr\u00e1\u010dem v oblasti udr\u017eiteln\u00e9 mobility, kter\u00fd se zav\u00e1zal zlep\u0161ovat \u017eivotn\u00ed prost\u0159ed\u00ed. Ji\u017e des\u00edtky let zlep\u0161ujeme mobilitu, poskytujeme leasing s kompletn\u00edmi slu\u017ebami, flexibiln\u00ed p\u0159edplacen\u00e9 slu\u017eby, spr\u00e1vu vozov\u00e9ho parku a \u0159e\u0161en\u00ed pro velk\u00e9 mezin\u00e1rodn\u00ed korporace, mal\u00e9 a st\u0159edn\u00ed podniky, podnikatele i soukrom\u00e9 osoby.<\/p>\n<p>S\u00a015\u00a0700 zam\u011bstnanci ve 42 zem\u00edch, 3,4 miliony vozidel a nejv\u011bt\u0161\u00edm vozov\u00fdm parkem elektromobil\u016f r\u016fzn\u00fdch zna\u010dek na sv\u011bt\u011b vyu\u017e\u00edv\u00e1me na\u0161\u00ed jedine\u010dn\u00e9 pozice k tomu, abychom byli l\u00eddrem na cest\u011b k \u010dist\u00e9 nule a st\u00e1li v \u010dele digit\u00e1ln\u00ed transformace sektoru mobility.<\/p>\n<p>Spole\u010dnost je k\u00f3tov\u00e1na v odd\u00edle A Ticker: ALD. Skupina Soci\u00e9t\u00e9 G\u00e9n\u00e9rale je v\u011bt\u0161inov\u00fdm akcion\u00e1\u0159em spole\u010dnosti Ayvens.<\/p>\n<p><strong><b>O Ayvens v \u010cesk\u00e9 republice<\/b><\/strong><\/p>\n<p>Ayvens nab\u00edz\u00ed flexibiln\u00ed operativn\u00ed leasing ve v\u0161ech jeho form\u00e1ch (operativn\u00ed leasing bez slu\u017eeb, operativn\u00ed leasing s voliteln\u00fdmi slu\u017ebami), finan\u010dn\u00ed leasing, spr\u00e1vu vozov\u00e9ho parku a dal\u0161\u00ed individu\u00e1ln\u00ed \u0159e\u0161en\u00ed mobility z\u00e1kazn\u00edk\u016fm v\u0161ech velikost\u00ed, od velk\u00fdch po mal\u00e9 a st\u0159edn\u00ed firmy, od drobn\u00fdch podnikatel\u016f p\u0159es jednotlivce a\u017e po ve\u0159ejnou spr\u00e1vu, sm\u011brem k mobilit\u011b s nulov\u00fdmi emisemi prost\u0159ednictv\u00edm inovac\u00ed a technologick\u00fdch slu\u017eeb.<\/p>\n<p>Spole\u010dnost Ayvens p\u016fsob\u00ed v \u010cesk\u00e9 republice bezm\u00e1la 30 let, ve sv\u00e9m vozov\u00e9m parku m\u00e1 t\u00e9m\u011b\u0159 28 000 vozidel a v\u00edce ne\u017e 6 000 z\u00e1kazn\u00edk\u016f. Sv\u00fdm klient\u016fm nab\u00edz\u00ed slu\u017eby prost\u0159ednictv\u00edm rozs\u00e1hl\u00e9 s\u00edt\u011b smluvn\u00edch partner\u016f.<\/p>\n<p><strong><b>Zdroj: <\/b><\/strong><strong><b>Mat\u011bj F\u00fcrst<\/b><\/strong><\/p>\n<p><img loading=\"lazy\" decoding=\"async\" class=\"alignnone size-medium wp-image-3844\" src=\"http:\/\/www.automakers.cz\/wp-content\/uploads\/2024\/05\/Ayvens-Banner1-900x471.jpg\" alt=\"\" width=\"900\" height=\"471\" srcset=\"https:\/\/www.automakers.cz\/wp-content\/uploads\/2024\/05\/Ayvens-Banner1-900x471.jpg 900w, https:\/\/www.automakers.cz\/wp-content\/uploads\/2024\/05\/Ayvens-Banner1-1024x536.jpg 1024w, https:\/\/www.automakers.cz\/wp-content\/uploads\/2024\/05\/Ayvens-Banner1-768x402.jpg 768w, https:\/\/www.automakers.cz\/wp-content\/uploads\/2024\/05\/Ayvens-Banner1.jpg 1200w\" sizes=\"auto, (max-width: 900px) 100vw, 900px\" \/><\/p>\n<p>&nbsp;<\/p>\n","protected":false},"excerpt":{"rendered":"<p>Antimonopoln\u00ed \u00fa\u0159ad neschv\u00e1lil f\u00fazi LeasePlanu a ALD Automotive, ta nalezla jin\u00e9 \u0159e\u0161en\u00ed. Druh\u00e9ho kv\u011btna se&#8230;<\/p>\n","protected":false},"author":1,"featured_media":3835,"comment_status":"closed","ping_status":"closed","sticky":false,"template":"","format":"standard","meta":{"footnotes":""},"categories":[33,31],"tags":[],"class_list":["post-3824","post","type-post","status-publish","format-standard","has-post-thumbnail","hentry","category-leasing","category-news"],"_links":{"self":[{"href":"https:\/\/www.automakers.cz\/index.php?rest_route=\/wp\/v2\/posts\/3824","targetHints":{"allow":["GET"]}}],"collection":[{"href":"https:\/\/www.automakers.cz\/index.php?rest_route=\/wp\/v2\/posts"}],"about":[{"href":"https:\/\/www.automakers.cz\/index.php?rest_route=\/wp\/v2\/types\/post"}],"author":[{"embeddable":true,"href":"https:\/\/www.automakers.cz\/index.php?rest_route=\/wp\/v2\/users\/1"}],"replies":[{"embeddable":true,"href":"https:\/\/www.automakers.cz\/index.php?rest_route=%2Fwp%2Fv2%2Fcomments&post=3824"}],"version-history":[{"count":9,"href":"https:\/\/www.automakers.cz\/index.php?rest_route=\/wp\/v2\/posts\/3824\/revisions"}],"predecessor-version":[{"id":3845,"href":"https:\/\/www.automakers.cz\/index.php?rest_route=\/wp\/v2\/posts\/3824\/revisions\/3845"}],"wp:featuredmedia":[{"embeddable":true,"href":"https:\/\/www.automakers.cz\/index.php?rest_route=\/wp\/v2\/media\/3835"}],"wp:attachment":[{"href":"https:\/\/www.automakers.cz\/index.php?rest_route=%2Fwp%2Fv2%2Fmedia&parent=3824"}],"wp:term":[{"taxonomy":"category","embeddable":true,"href":"https:\/\/www.automakers.cz\/index.php?rest_route=%2Fwp%2Fv2%2Fcategories&post=3824"},{"taxonomy":"post_tag","embeddable":true,"href":"https:\/\/www.automakers.cz\/index.php?rest_route=%2Fwp%2Fv2%2Ftags&post=3824"}],"curies":[{"name":"wp","href":"https:\/\/api.w.org\/{rel}","templated":true}]}}