{"id":3829,"date":"2024-05-02T07:24:15","date_gmt":"2024-05-02T07:24:15","guid":{"rendered":"https:\/\/www.automakers.cz\/?p=3829"},"modified":"2024-05-02T08:20:58","modified_gmt":"2024-05-02T08:20:58","slug":"bmw-partnerem-oldtimer-expressu","status":"publish","type":"post","link":"https:\/\/www.automakers.cz\/?p=3829","title":{"rendered":"BMW partnerem Oldtimer Expressu"},"content":{"rendered":"<p><strong>N\u00e1rodn\u00ed technick\u00e9 muzeum v Praze uvid\u00ed v sobotu 4. kv\u011btna start vytrvalostn\u00ed j\u00edzdy \u010desk\u00fdch veter\u00e1n\u016f, zna\u010dka BMW se jej z\u00fa\u010dastn\u00ed jako partner. Startovn\u00ed listina je \u201evydatn\u011b\u201c obsazena vozy BMW i MINI.<\/strong><!--more--><\/p>\n<p>Celkem 43 pos\u00e1dek za 5 dn\u00ed uraz\u00ed v\u00edce ne\u017e 2500 kilometr\u016f a nav\u0161t\u00edv\u00ed 7 zem\u00ed (\u010cesk\u00e1 republika, Rakousko, Slovinsko, Chorvatsko, \u010cern\u00e1 Hora, Alb\u00e1nie, \u0158ecko).<\/p>\n<p>Startovn\u00ed ro\u0161t se py\u0161n\u00ed nap\u0159\u00edklad BMW 327 Cabriolet z roku 1941, BMW 3.0 CS z roku 1971 nebo MINI Cooper z roku 1994.<\/p>\n<p>Div\u00e1ci se na startu krom\u011b historick\u00fdch stroj\u016f mohou t\u011b\u0161it na p\u011btin\u00e1sobn\u00e9ho v\u00edt\u011bze 24 hodin Le Mans a jezdce formule 1 Emanuela Pirra, na \u010derstvou dr\u017eitelku Ceny Eli\u0161ky Junkov\u00e9, \u010desko-slovenskou z\u00e1vodnici Katar\u00ednu K\u00fdvalovou, nebo na Gregoria Lavillu, b\u00fdval\u00e9ho motocyklov\u00e9ho z\u00e1vodn\u00edka a \u0161\u00e9fa sv\u011btov\u00e9ho \u0161ampion\u00e1tu WorldSBK. Pro n\u00e1v\u0161t\u011bvn\u00edky je p\u0159ipraven i doprovodn\u00fd program, nap\u0159\u00edklad sout\u011b\u017e o\u00a0vstupenky na Mistrovstv\u00ed sv\u011bta superbik\u016f nebo tankovac\u00ed kartu s\u00a0kreditem 10\u00a0000 korun.<\/p>\n<p><img loading=\"lazy\" decoding=\"async\" class=\"alignnone size-medium wp-image-3820\" src=\"http:\/\/www.automakers.cz\/wp-content\/uploads\/2024\/05\/Oldtimer-start-Tudor-900x600.jpg\" alt=\"\" width=\"900\" height=\"600\" srcset=\"https:\/\/www.automakers.cz\/wp-content\/uploads\/2024\/05\/Oldtimer-start-Tudor-900x600.jpg 900w, https:\/\/www.automakers.cz\/wp-content\/uploads\/2024\/05\/Oldtimer-start-Tudor-1024x682.jpg 1024w, https:\/\/www.automakers.cz\/wp-content\/uploads\/2024\/05\/Oldtimer-start-Tudor-768x512.jpg 768w, https:\/\/www.automakers.cz\/wp-content\/uploads\/2024\/05\/Oldtimer-start-Tudor.jpg 1205w\" sizes=\"auto, (max-width: 900px) 100vw, 900px\" \/>Slavnostn\u00ed start prvn\u00edho vozu je u\u00a0N\u00e1rodn\u00edho technick\u00e9ho muzea v\u00a0Praze napl\u00e1nov\u00e1n na 7:30.<\/p>\n<p><strong>Zdroj: BMW<\/strong><\/p>\n","protected":false},"excerpt":{"rendered":"<p>N\u00e1rodn\u00ed technick\u00e9 muzeum v Praze uvid\u00ed v sobotu 4. kv\u011btna start vytrvalostn\u00ed j\u00edzdy \u010desk\u00fdch veter\u00e1n\u016f,&#8230;<\/p>\n","protected":false},"author":1,"featured_media":3831,"comment_status":"closed","ping_status":"closed","sticky":false,"template":"","format":"standard","meta":{"footnotes":""},"categories":[19,34],"tags":[],"class_list":["post-3829","post","type-post","status-publish","format-standard","has-post-thumbnail","hentry","category-motorsport","category-veterani"],"_links":{"self":[{"href":"https:\/\/www.automakers.cz\/index.php?rest_route=\/wp\/v2\/posts\/3829","targetHints":{"allow":["GET"]}}],"collection":[{"href":"https:\/\/www.automakers.cz\/index.php?rest_route=\/wp\/v2\/posts"}],"about":[{"href":"https:\/\/www.automakers.cz\/index.php?rest_route=\/wp\/v2\/types\/post"}],"author":[{"embeddable":true,"href":"https:\/\/www.automakers.cz\/index.php?rest_route=\/wp\/v2\/users\/1"}],"replies":[{"embeddable":true,"href":"https:\/\/www.automakers.cz\/index.php?rest_route=%2Fwp%2Fv2%2Fcomments&post=3829"}],"version-history":[{"count":4,"href":"https:\/\/www.automakers.cz\/index.php?rest_route=\/wp\/v2\/posts\/3829\/revisions"}],"predecessor-version":[{"id":3834,"href":"https:\/\/www.automakers.cz\/index.php?rest_route=\/wp\/v2\/posts\/3829\/revisions\/3834"}],"wp:featuredmedia":[{"embeddable":true,"href":"https:\/\/www.automakers.cz\/index.php?rest_route=\/wp\/v2\/media\/3831"}],"wp:attachment":[{"href":"https:\/\/www.automakers.cz\/index.php?rest_route=%2Fwp%2Fv2%2Fmedia&parent=3829"}],"wp:term":[{"taxonomy":"category","embeddable":true,"href":"https:\/\/www.automakers.cz\/index.php?rest_route=%2Fwp%2Fv2%2Fcategories&post=3829"},{"taxonomy":"post_tag","embeddable":true,"href":"https:\/\/www.automakers.cz\/index.php?rest_route=%2Fwp%2Fv2%2Ftags&post=3829"}],"curies":[{"name":"wp","href":"https:\/\/api.w.org\/{rel}","templated":true}]}}