{"id":386,"date":"2023-11-19T21:38:18","date_gmt":"2023-11-19T21:38:18","guid":{"rendered":"https:\/\/www.automakers.cz\/?p=386"},"modified":"2023-11-19T21:57:53","modified_gmt":"2023-11-19T21:57:53","slug":"klokocka-nabizi-ojete-vozy-audi","status":"publish","type":"post","link":"https:\/\/www.automakers.cz\/?p=386","title":{"rendered":"Kloko\u010dka nab\u00edz\u00ed prov\u011b\u0159en\u00e9 ojetiny Audi"},"content":{"rendered":"<p><strong>\u010cesk\u00e1 s\u00ed\u0165 celosv\u011btov\u00e9ho programu prodeje ojet\u00fdch voz\u016f Audi se rozrostla o dal\u0161\u00edho partnera, j\u00edm\u017e je Autosalon Kloko\u010dka v Karlovarsk\u00e9 ulici v pra\u017esk\u00e9 \u010dtvrti \u0158epy.<\/strong><!--more--><\/p>\n<p>\u201eM\u00e1m velkou radost, \u017ee mohu v\u00a0na\u0161em programu prodeje prov\u011b\u0159en\u00fdch a kvalitn\u00edch ojet\u00fdch voz\u016f Audi Approved <em>:plus<\/em> p\u0159iv\u00edtat dal\u0161\u00edho, v \u010cesku ji\u017e \u010dtvrt\u00e9ho partnera, j\u00edm\u017e je od poloviny listopadu pra\u017esk\u00fd Autosalon Kloko\u010dka,\u201c \u0159\u00edk\u00e1 Martin Kade\u010dka, vedouc\u00ed divize Das WeltAuto spole\u010dnosti Porsche \u010cesk\u00e1 republika, a dod\u00e1v\u00e1:<\/p>\n<p>\u201eZ\u00e1kazn\u00edci naleznou ve vyhrazen\u00fdch prostor\u00e1ch \u0161irok\u00fd v\u00fdb\u011br ojet\u00fdch voz\u016f Audi ve spojen\u00ed s\u00a0nadstandardn\u00edmi pr\u00e9miov\u00fdmi slu\u017ebami, kter\u00e9 poskytuj\u00ed d\u016fkladn\u011b pro\u0161kolen\u00ed prodejci. Proces n\u00e1kupu ojet\u00e9ho vozu v\u00a0s\u00edti Audi Approved je tak t\u00e9m\u011b\u0159 ve v\u0161ech ohledech rovnocenn\u00fd se zku\u0161enostmi z\u00e1kazn\u00edk\u016f p\u0159i po\u0159\u00edzen\u00ed nov\u00e9ho vozu Audi u autorizovan\u00fdch prodejc\u016f.\u201c<\/p>\n<p>Z\u00e1kazn\u00edci Autosalonu Kloko\u010dka maj\u00ed od nyn\u011bj\u0161ka v\u00fdb\u011br prov\u011b\u0159en\u00fdch ojet\u00fdch voz\u016f Audi, kter\u00e9 z velk\u00e9 \u010d\u00e1sti poch\u00e1zej\u00ed z flotily referentsk\u00fdch a slu\u017eebn\u00edch voz\u016f spole\u010dnosti Audi AG. Audi Approved <em>:plus<\/em> garantuje z\u00e1kazn\u00edk\u016fm u v\u0161ech voz\u016f po\u010det ujet\u00fdch kilometr\u016f, technick\u00fd stav i servisn\u00ed historii.<\/p>\n<p>Na mlad\u0161\u00ed vozy se nav\u00edc vztahuje prodlou\u017een\u00e1 z\u00e1ruka v\u00fdrobce, pro ostatn\u00ed ojet\u00e9 vozy je mo\u017en\u00e9 z\u00e1ruku zakoupit u prodejce program Audi Approved <em>:plus<\/em>.<\/p>\n<p>Klienti maj\u00ed po cel\u00fd proces v\u00fdb\u011bru a n\u00e1kupu ojet\u00e9ho vozu k dispozici pro\u0161kolen\u00e9ho prodejce, kter\u00fd z\u00e1jemce s vyhl\u00e9dnut\u00fdm automobilem sezn\u00e1m\u00ed a zajist\u00ed zku\u0161ebn\u00ed j\u00edzdu. Sou\u010d\u00e1st\u00ed slu\u017eeb je nab\u00eddka financov\u00e1n\u00ed na m\u00edru klienta v\u010detn\u011b origin\u00e1ln\u00edch produkt\u016f spole\u010dnosti Audi Financial Services i odkoupen\u00ed pou\u017eit\u00e9ho vozu na proti\u00fa\u010det.<\/p>\n<p><strong>Zdroj: Libor Hlisnikovsk\u00fd<\/strong><\/p>\n<p><img loading=\"lazy\" decoding=\"async\" class=\"alignnone size-medium wp-image-388\" src=\"http:\/\/www.automakers.cz\/wp-content\/uploads\/2023\/11\/Klokocka-Audi-Approved-900x600.jpg\" alt=\"\" width=\"900\" height=\"600\" \/><\/p>\n","protected":false},"excerpt":{"rendered":"<p>\u010cesk\u00e1 s\u00ed\u0165 celosv\u011btov\u00e9ho programu prodeje ojet\u00fdch voz\u016f Audi se rozrostla o dal\u0161\u00edho partnera, j\u00edm\u017e je&#8230;<\/p>\n","protected":false},"author":1,"featured_media":387,"comment_status":"open","ping_status":"open","sticky":false,"template":"","format":"standard","meta":{"footnotes":""},"categories":[17,31],"tags":[],"class_list":["post-386","post","type-post","status-publish","format-standard","has-post-thumbnail","hentry","category-dealeri","category-news"],"_links":{"self":[{"href":"https:\/\/www.automakers.cz\/index.php?rest_route=\/wp\/v2\/posts\/386","targetHints":{"allow":["GET"]}}],"collection":[{"href":"https:\/\/www.automakers.cz\/index.php?rest_route=\/wp\/v2\/posts"}],"about":[{"href":"https:\/\/www.automakers.cz\/index.php?rest_route=\/wp\/v2\/types\/post"}],"author":[{"embeddable":true,"href":"https:\/\/www.automakers.cz\/index.php?rest_route=\/wp\/v2\/users\/1"}],"replies":[{"embeddable":true,"href":"https:\/\/www.automakers.cz\/index.php?rest_route=%2Fwp%2Fv2%2Fcomments&post=386"}],"version-history":[{"count":2,"href":"https:\/\/www.automakers.cz\/index.php?rest_route=\/wp\/v2\/posts\/386\/revisions"}],"predecessor-version":[{"id":391,"href":"https:\/\/www.automakers.cz\/index.php?rest_route=\/wp\/v2\/posts\/386\/revisions\/391"}],"wp:featuredmedia":[{"embeddable":true,"href":"https:\/\/www.automakers.cz\/index.php?rest_route=\/wp\/v2\/media\/387"}],"wp:attachment":[{"href":"https:\/\/www.automakers.cz\/index.php?rest_route=%2Fwp%2Fv2%2Fmedia&parent=386"}],"wp:term":[{"taxonomy":"category","embeddable":true,"href":"https:\/\/www.automakers.cz\/index.php?rest_route=%2Fwp%2Fv2%2Fcategories&post=386"},{"taxonomy":"post_tag","embeddable":true,"href":"https:\/\/www.automakers.cz\/index.php?rest_route=%2Fwp%2Fv2%2Ftags&post=386"}],"curies":[{"name":"wp","href":"https:\/\/api.w.org\/{rel}","templated":true}]}}