{"id":3860,"date":"2024-05-03T09:26:55","date_gmt":"2024-05-03T09:26:55","guid":{"rendered":"https:\/\/www.automakers.cz\/?p=3860"},"modified":"2024-05-03T09:28:15","modified_gmt":"2024-05-03T09:28:15","slug":"domansky-otevrel-novy-showroom-toyoty-v-praze","status":"publish","type":"post","link":"https:\/\/www.automakers.cz\/?p=3860","title":{"rendered":"Domansk\u00fd otev\u0159el nov\u00fd showroom Toyoty"},"content":{"rendered":"<table border=\"0\" cellspacing=\"0\" cellpadding=\"0\" align=\"center\">\n<tbody>\n<tr>\n<td><strong>Zna\u010dka Toyota otev\u0159ela v dubnu v pra\u017esk\u00fdch Stod\u016flk\u00e1ch specializovan\u00e9 centrum pro prodej firemn\u00edm z\u00e1kazn\u00edk\u016fm. Showroom spole\u010dnosti Domansk\u00fd na plo\u0161e 450 m\u00b2 je um\u00edst\u011bn\u00fd v ulici Tluma\u010dovsk\u00e1 1298.<\/strong><\/td>\n<td align=\"right\"><\/td>\n<\/tr>\n<tr>\n<td colspan=\"2\">\n<table class=\"table-row\" border=\"0\" cellspacing=\"0\" cellpadding=\"0\">\n<tbody>\n<tr>\n<td class=\"contentpicture\" align=\"left\" valign=\"top\"><\/td>\n<\/tr>\n<tr>\n<td class=\"contentpicture\" align=\"left\" valign=\"top\">\n<div class=\"rrrarticle-content\"><a href=\"https:\/\/www.toyotanews.eu\/cs\/vseobecne-informace-cz\/3361-item-toyota-domansky-otevrela-novy-showroom-v-praze?idU=1&amp;acm=4677_2384\" target=\"_blank\" rel=\"noopener\"><img decoding=\"async\" class=\"resize\" src=\"https:\/\/email17.active24.com\/-.._._.--.._1675427993\/webmail\/server\/download.php?sid=wm-6633a57f65648244701598&amp;class=cid&amp;fullpath=handl%40czechnews.cz%2FINBOX%2F4333497%2Ff76bf8608b06d7469fce7a33fa851956&amp;part=1.2.3\" alt=\"Toyota Domansk\u00fd otev\u0159ela nov\u00fd showroom v Praze\" width=\"100%\" height=\"auto\" \/><\/a><\/div>\n<\/td>\n<\/tr>\n<tr>\n<td class=\"contentpicture\" align=\"left\" valign=\"top\">\n<table class=\"table-row\" border=\"0\" cellspacing=\"0\" cellpadding=\"0\">\n<tbody>\n<tr>\n<td><\/td>\n<td><\/td>\n<td><\/td>\n<td><\/td>\n<td><\/td>\n<td><\/td>\n<td><\/td>\n<td><\/td>\n<td><\/td>\n<td><\/td>\n<\/tr>\n<\/tbody>\n<\/table>\n<\/td>\n<\/tr>\n<tr>\n<td align=\"left\" valign=\"top\">\n<div class=\"rrrarticle-content\">\n<p>Nov\u00e9 centrum nab\u00edz\u00ed interi\u00e9r v nov\u00e9m prodejn\u00edm konceptu Toyota. V sou\u010dasnosti disponuje t\u0159emi servisn\u00edmi st\u00e1n\u00edmi uzp\u016fsoben\u00fdmi k p\u0159ijet\u00ed i velk\u00fdch u\u017eitkov\u00fdch model\u016f.<\/p>\n<p>Dal\u0161\u00ed servisn\u00ed m\u00edsta se aktu\u00e1ln\u011b buduj\u00ed v nov\u00e9m polyfunk\u010dn\u00edm objektu v sousedstv\u00ed, ve kter\u00e9m se mimo klasick\u00fdch servisn\u00edch prostor budou nach\u00e1zet tak\u00e9 t\u0159i plnohodnotn\u00e9 byty pro zam\u011bstnance poprodejn\u00edch slu\u017eeb.<\/p>\n<p>\u201eProdej voz\u016f Toyota do firemn\u00edch flotil je na vzestupu. Firmy ji\u017e tvo\u0159\u00ed p\u0159es dv\u011b t\u0159etiny na\u0161eho odbytu osobn\u00edch a lehk\u00fdch u\u017eitkov\u00fdch voz\u016f v \u010cesku, a proto si zaslou\u017e\u00ed specializovan\u00fd p\u0159\u00edstup,&#8220; \u0159\u00edk\u00e1 Radek Vesel\u00fd, \u0159editel prodeje Toyota.<\/p>\n<p>Toyota se v leto\u0161n\u00edm roce za\u0159adila mezi t\u0159i nejprod\u00e1van\u011bj\u0161\u00ed zna\u010dky na \u010desk\u00e9m trhu. V sou\u010dasnosti prost\u0159ednictv\u00edm partner\u016f provozuje 34 prodejn\u00edch a servisn\u00edch m\u00edst po cel\u00e9 \u010cesk\u00e9 republice a dv\u011b specializovan\u00e1 servisn\u00ed m\u00edsta.<\/p>\n<\/div>\n<\/td>\n<\/tr>\n<\/tbody>\n<\/table>\n<\/td>\n<\/tr>\n<\/tbody>\n<\/table>\n<p><!--more--><\/p>\n","protected":false},"excerpt":{"rendered":"<p>Zna\u010dka Toyota otev\u0159ela v dubnu v pra\u017esk\u00fdch Stod\u016flk\u00e1ch specializovan\u00e9 centrum pro prodej firemn\u00edm z\u00e1kazn\u00edk\u016fm. Showroom&#8230;<\/p>\n","protected":false},"author":1,"featured_media":3861,"comment_status":"closed","ping_status":"closed","sticky":false,"template":"","format":"standard","meta":{"footnotes":""},"categories":[17,3],"tags":[],"class_list":["post-3860","post","type-post","status-publish","format-standard","has-post-thumbnail","hentry","category-dealeri","category-investice"],"_links":{"self":[{"href":"https:\/\/www.automakers.cz\/index.php?rest_route=\/wp\/v2\/posts\/3860","targetHints":{"allow":["GET"]}}],"collection":[{"href":"https:\/\/www.automakers.cz\/index.php?rest_route=\/wp\/v2\/posts"}],"about":[{"href":"https:\/\/www.automakers.cz\/index.php?rest_route=\/wp\/v2\/types\/post"}],"author":[{"embeddable":true,"href":"https:\/\/www.automakers.cz\/index.php?rest_route=\/wp\/v2\/users\/1"}],"replies":[{"embeddable":true,"href":"https:\/\/www.automakers.cz\/index.php?rest_route=%2Fwp%2Fv2%2Fcomments&post=3860"}],"version-history":[{"count":6,"href":"https:\/\/www.automakers.cz\/index.php?rest_route=\/wp\/v2\/posts\/3860\/revisions"}],"predecessor-version":[{"id":3867,"href":"https:\/\/www.automakers.cz\/index.php?rest_route=\/wp\/v2\/posts\/3860\/revisions\/3867"}],"wp:featuredmedia":[{"embeddable":true,"href":"https:\/\/www.automakers.cz\/index.php?rest_route=\/wp\/v2\/media\/3861"}],"wp:attachment":[{"href":"https:\/\/www.automakers.cz\/index.php?rest_route=%2Fwp%2Fv2%2Fmedia&parent=3860"}],"wp:term":[{"taxonomy":"category","embeddable":true,"href":"https:\/\/www.automakers.cz\/index.php?rest_route=%2Fwp%2Fv2%2Fcategories&post=3860"},{"taxonomy":"post_tag","embeddable":true,"href":"https:\/\/www.automakers.cz\/index.php?rest_route=%2Fwp%2Fv2%2Ftags&post=3860"}],"curies":[{"name":"wp","href":"https:\/\/api.w.org\/{rel}","templated":true}]}}