{"id":3868,"date":"2024-05-03T09:37:33","date_gmt":"2024-05-03T09:37:33","guid":{"rendered":"https:\/\/www.automakers.cz\/?p=3868"},"modified":"2024-05-03T09:53:00","modified_gmt":"2024-05-03T09:53:00","slug":"ceske-volvo-car-meni-sefa","status":"publish","type":"post","link":"https:\/\/www.automakers.cz\/?p=3868","title":{"rendered":"\u010cesk\u00e9 Volvo Car m\u011bn\u00ed \u0161\u00e9fa"},"content":{"rendered":"<p><strong>Z veden\u00ed gener\u00e1ln\u00edho import\u00e9ra zna\u010dky Volvo Cars, spole\u010dnosti Volvo Car Czech Republic odch\u00e1z\u00ed k 1. \u010dervenci 2024 jeho dosavadn\u00ed gener\u00e1ln\u00ed \u0159editel Alican Emiro\u011flu, jen\u017e se vrac\u00ed do sv\u00e9ho rodn\u00e9ho Turecka, kde p\u0159evezme vedouc\u00ed pozici tureck\u00e9ho NSC (n\u00e1rodn\u00ed prodejn\u00ed spole\u010dnost).<\/strong><!--more--><\/p>\n<p>V \u010desk\u00e9m zastoupen\u00ed zna\u010dky jej nahrad\u00ed \u0160\u00e1rka Heyna Fuchsov\u00e1, je\u017e na tento post p\u0159ejde ze sv\u00e9ho st\u00e1vaj\u00edc\u00edho p\u016fsoben\u00ed ve veden\u00ed Volvo Car Denmark.<\/p>\n<p>&#8222;B\u011bhem 3,5let\u00e9ho p\u016fsoben\u00ed Alicana Emiro\u011flua na pozici gener\u00e1ln\u00edho \u0159editele se Volvo Car Czech Republic posunulo zase o notn\u00fd kus d\u00e1l v r\u00e1mci sv\u00e9ho postaven\u00ed na trhu coby jednoho z l\u00eddr\u016f elektromobility, dos\u00e1hlo rekordn\u00edho n\u00e1r\u016fstu objemu prodeje o 39 % a sou\u010dasn\u011b rekordn\u00edho pod\u00edlu na trhu,&#8220; uvedl import.<\/p>\n<p>Dlouhodob\u00fd pl\u00e1n do roku 2025 prod\u00e1vat 2\u00a0500 voz\u016f ro\u010dn\u011b byl ji\u017e loni (2023) p\u0159ekro\u010den, kdy\u017e bylo prod\u00e1no 3 020 automobil\u016f Volvo. D\u00edky tomu byl stanoven nov\u00fd, je\u0161t\u011b ambici\u00f3zn\u011bj\u0161\u00ed c\u00edl pro leto\u0161n\u00ed rok, a sice dos\u00e1hnout v\u00a0\u010cR hranice 5 000 prodan\u00fdch voz\u016f Volvo.<\/p>\n<p>Celkov\u00fd pod\u00edl zna\u010dky Volvo na trhu pod veden\u00edm Alicana Emiro\u011flua vzrostl z 0,99 % v\u00a0roce 2020 na sou\u010dasn\u00e1 v\u00edce ne\u017e 2 % v prvn\u00edm \u010dtvrtlet\u00ed roku 2024. Sou\u010dasn\u011b se Volvo Car Czech Republic m\u016f\u017ee pochlubit nejvy\u0161\u0161\u00edm pod\u00edlem prodeje plugin-hybridn\u00edch voz\u016f na cel\u00e9m trhu a rovn\u011b\u017e prodej jeho pln\u011b elektrick\u00fdch model\u016f pat\u0159\u00ed mezi pr\u00e9miov\u00fdmi zna\u010dkami k\u00a0nejvy\u0161\u0161\u00edm.<\/p>\n<p>Na celkov\u00e9m \u00fasp\u011bchu zna\u010dky se pod\u00edlej\u00ed velmi \u00fasp\u011b\u0161n\u00e9 vozy Volvo XC90, XC60 a XC40, kter\u00e9 pat\u0159\u00ed mezi t\u0159i neprod\u00e1van\u011bj\u0161\u00ed modely ve sv\u00e9m segmentu na trhu. Velk\u00e9mu z\u00e1jmu se rovn\u011b\u017e u\u017e nyn\u00ed t\u011b\u0161\u00ed BEV vozy nov\u00e9 modelov\u00e9 \u0159ady v\u00a0\u010dele s\u00a0celosv\u011btov\u011b \u00fasp\u011b\u0161n\u00fdm a stejn\u011b tak na \u010desk\u00e9m trhu nad o\u010dek\u00e1v\u00e1n\u00ed dob\u0159e p\u0159ij\u00edman\u00fdm kompaktn\u00edm crossoverem Volvo EX30 a sou\u010dasnou vlajkovou lod\u00ed zna\u010dky, Volvem EX90.<\/p>\n<p><img loading=\"lazy\" decoding=\"async\" class=\"alignnone size-medium wp-image-949\" src=\"http:\/\/www.automakers.cz\/wp-content\/uploads\/2023\/12\/Volvo-Emiroglu-900x720.jpg\" alt=\"\" width=\"900\" height=\"720\" srcset=\"https:\/\/www.automakers.cz\/wp-content\/uploads\/2023\/12\/Volvo-Emiroglu-900x720.jpg 900w, https:\/\/www.automakers.cz\/wp-content\/uploads\/2023\/12\/Volvo-Emiroglu-1024x819.jpg 1024w, https:\/\/www.automakers.cz\/wp-content\/uploads\/2023\/12\/Volvo-Emiroglu-768x614.jpg 768w, https:\/\/www.automakers.cz\/wp-content\/uploads\/2023\/12\/Volvo-Emiroglu-1536x1229.jpg 1536w, https:\/\/www.automakers.cz\/wp-content\/uploads\/2023\/12\/Volvo-Emiroglu-2048x1638.jpg 2048w\" sizes=\"auto, (max-width: 900px) 100vw, 900px\" \/><strong>Odch\u00e1zej\u00edc\u00ed gener\u00e1ln\u00ed \u0159editel Alican Emiro\u011flu ke sv\u00e9mu p\u016fsoben\u00ed v \u010cesku uvedl:<\/strong><\/p>\n<p>\u201eJsem nesm\u00edrn\u011b hrd\u00fd a vd\u011b\u010dn\u00fd za to, \u017ee jsem byl v posledn\u00edch 3,5 letech gener\u00e1ln\u00edm \u0159editelem spole\u010dnosti Volvo Car Czech Republic. B\u011bhem sv\u00e9 cesty jsem zde nasb\u00edral kr\u00e1sn\u00e9 vzpom\u00ednky a z\u00edskal velk\u00e9 zku\u0161enosti. Cht\u011bl bych ze srdce pod\u011bkovat p\u0159edev\u0161\u00edm sv\u00fdm koleg\u016fm ve spole\u010dnosti Volvo Car Czech Republic a na\u0161im partner\u016fm z \u0159ad prodejc\u016f. Bylo mi opravdovou ct\u00ed pracovat s tak kompetentn\u00edmi a oddan\u00fdmi lidmi, kte\u0159\u00ed maj\u00ed v\u00e1\u0161e\u0148 pro na\u0161i zna\u010dku. R\u00e1d bych tak\u00e9 pod\u011bkoval na\u0161im obchodn\u00edm partner\u016fm a v\u0161em na\u0161im z\u00e1kazn\u00edk\u016fm za jejich d\u016fv\u011bru a spolupr\u00e1ci.\u201c<\/p>\n<figure id=\"attachment_953\" aria-describedby=\"caption-attachment-953\" style=\"width: 900px\" class=\"wp-caption alignnone\"><img loading=\"lazy\" decoding=\"async\" class=\"size-medium wp-image-953\" src=\"http:\/\/www.automakers.cz\/wp-content\/uploads\/2023\/12\/Handl-Emiroglu-small-900x713.jpg\" alt=\"\" width=\"900\" height=\"713\" srcset=\"https:\/\/www.automakers.cz\/wp-content\/uploads\/2023\/12\/Handl-Emiroglu-small-900x713.jpg 900w, https:\/\/www.automakers.cz\/wp-content\/uploads\/2023\/12\/Handl-Emiroglu-small-1024x811.jpg 1024w, https:\/\/www.automakers.cz\/wp-content\/uploads\/2023\/12\/Handl-Emiroglu-small-768x609.jpg 768w, https:\/\/www.automakers.cz\/wp-content\/uploads\/2023\/12\/Handl-Emiroglu-small.jpg 1474w\" sizes=\"auto, (max-width: 900px) 100vw, 900px\" \/><figcaption id=\"caption-attachment-953\" class=\"wp-caption-text\">S Alicanem Emiroglu jsme je\u0161t\u011b ned\u00e1vno prob\u00edrali v\u00fdhledy na rok 2024.<\/figcaption><\/figure>\n<p><strong>Heyna Fuchsov\u00e1 se vrac\u00ed<\/strong><\/p>\n<p>Od 1. \u010dervence se veden\u00ed \u010desk\u00e9ho zastoupen\u00ed ujme \u0160\u00e1rka Heyna Fuchsov\u00e1, je\u017e tento post zast\u00e1vala ji\u017e v letech 2015\u20132019.<\/p>\n<p>Ta na ot\u00e1zku, s jak\u00fdmi pocity se po sv\u00e9m d\u00e1nsk\u00e9m p\u016fsoben\u00ed vrac\u00ed do \u010ceska, odpov\u011bd\u011bla:<\/p>\n<p>\u201eBylo by naivn\u00ed si myslet, \u017ee vstupuji do stejn\u00e9 \u0159eky. Obchodn\u00ed prost\u0159ed\u00ed se zm\u011bnilo a j\u00e1 jsem se tak\u00e9 posunula, tak\u017ee jsem opravdu zv\u011bdav\u00e1, jestli a jak budu schopna nabyt\u00fd odstup z\u00faro\u010dit. Zaj\u00edm\u00e1 m\u011b byznys, zaj\u00edm\u00e1 m\u011b n\u00e1\u0161 \u010desk\u00fd t\u00fdm, kter\u00fd je ze t\u0159etiny nov\u00fd, a zaj\u00edm\u00e1 m\u011b nastaven\u00ed na\u0161ich obchodn\u00edch partner\u016f, dealer\u016f.\u201c<\/p>\n<p><strong>Co bude pro Volvo Car Czech Republic pod veden\u00edm nov\u00e9 \u0159editelky podle jej\u00edho m\u00edn\u011bn\u00ed v nadch\u00e1zej\u00edc\u00edm obdob\u00ed nejv\u011bt\u0161\u00ed v\u00fdzvou?<\/strong><\/p>\n<p>\u201eElektrifikace. Vrac\u00edm se ze zem\u011b, kde je 90 % prodej\u016f generov\u00e1no \u010dist\u00e9 elektrick\u00fdmi vozy, kde existuje pln\u011b funguj\u00edc\u00ed infrastruktura nab\u00edjen\u00ed, kde je Tesla \u010d\u00edslo 1 na trhu a kde vn\u00edm\u00e1n\u00ed tradi\u010dn\u00edch zna\u010dek u\u017e d\u00e1vno neplat\u00ed. Pokud m\u00e1te slu\u0161n\u00e9 portfolio \u010dist\u011b elektrick\u00fdch model\u016f, pak jste ve h\u0159e. A je jedno, jestli jste tradi\u010dn\u00ed zna\u010dka, nebo zna\u010dka, o kter\u00e9 p\u0159ed rokem je\u0161t\u011b nikdo nesly\u0161el.\u201c<\/p>\n<p>\u201eJe osv\u011b\u017euj\u00edc\u00ed vid\u011bt, jak se n\u00e1m da\u0159\u00ed posouvat velk\u00e9 talenty, kter\u00e9 ji\u017e m\u00e1me v na\u0161ich t\u00fdmech, na nov\u00e9 pozice, kter\u00e9 se d\u00e1le rozv\u00edjej\u00ed a z\u00e1rove\u0148 posiluj\u00ed celkov\u00e9 schopnosti regionu. Gratuluji a p\u0159eji v\u0161em hodn\u011b \u0161t\u011bst\u00ed,\u201c uvedl ke zm\u011bn\u00e1m Jim Rowan, gener\u00e1ln\u00ed \u0159editel a v\u00fdkonn\u00fd \u0159editel Volvo Cars.<\/p>\n<p><img loading=\"lazy\" decoding=\"async\" class=\"alignnone size-medium wp-image-3872\" src=\"http:\/\/www.automakers.cz\/wp-content\/uploads\/2024\/05\/sarkaheynafuchsova-21-600x900.jpg\" alt=\"\" width=\"600\" height=\"900\" \/><\/p>\n<p><strong>Zdroj: Volvo, Petra Dole\u017ealov\u00e1<\/strong><\/p>\n<p>&nbsp;<\/p>\n","protected":false},"excerpt":{"rendered":"<p>Z veden\u00ed gener\u00e1ln\u00edho import\u00e9ra zna\u010dky Volvo Cars, spole\u010dnosti Volvo Car Czech Republic odch\u00e1z\u00ed k 1&#8230;.<\/p>\n","protected":false},"author":1,"featured_media":3870,"comment_status":"closed","ping_status":"closed","sticky":false,"template":"","format":"standard","meta":{"footnotes":""},"categories":[11,6,5],"tags":[],"class_list":["post-3868","post","type-post","status-publish","format-standard","has-post-thumbnail","hentry","category-importeri","category-management","category-personalie"],"_links":{"self":[{"href":"https:\/\/www.automakers.cz\/index.php?rest_route=\/wp\/v2\/posts\/3868","targetHints":{"allow":["GET"]}}],"collection":[{"href":"https:\/\/www.automakers.cz\/index.php?rest_route=\/wp\/v2\/posts"}],"about":[{"href":"https:\/\/www.automakers.cz\/index.php?rest_route=\/wp\/v2\/types\/post"}],"author":[{"embeddable":true,"href":"https:\/\/www.automakers.cz\/index.php?rest_route=\/wp\/v2\/users\/1"}],"replies":[{"embeddable":true,"href":"https:\/\/www.automakers.cz\/index.php?rest_route=%2Fwp%2Fv2%2Fcomments&post=3868"}],"version-history":[{"count":8,"href":"https:\/\/www.automakers.cz\/index.php?rest_route=\/wp\/v2\/posts\/3868\/revisions"}],"predecessor-version":[{"id":3879,"href":"https:\/\/www.automakers.cz\/index.php?rest_route=\/wp\/v2\/posts\/3868\/revisions\/3879"}],"wp:featuredmedia":[{"embeddable":true,"href":"https:\/\/www.automakers.cz\/index.php?rest_route=\/wp\/v2\/media\/3870"}],"wp:attachment":[{"href":"https:\/\/www.automakers.cz\/index.php?rest_route=%2Fwp%2Fv2%2Fmedia&parent=3868"}],"wp:term":[{"taxonomy":"category","embeddable":true,"href":"https:\/\/www.automakers.cz\/index.php?rest_route=%2Fwp%2Fv2%2Fcategories&post=3868"},{"taxonomy":"post_tag","embeddable":true,"href":"https:\/\/www.automakers.cz\/index.php?rest_route=%2Fwp%2Fv2%2Ftags&post=3868"}],"curies":[{"name":"wp","href":"https:\/\/api.w.org\/{rel}","templated":true}]}}