{"id":3924,"date":"2024-05-07T06:35:07","date_gmt":"2024-05-07T06:35:07","guid":{"rendered":"https:\/\/www.automakers.cz\/?p=3924"},"modified":"2024-05-07T06:35:53","modified_gmt":"2024-05-07T06:35:53","slug":"siemens-a-mercedes-maji-energeticke-dvojce","status":"publish","type":"post","link":"https:\/\/www.automakers.cz\/?p=3924","title":{"rendered":"Siemens a Mercedes testuj\u00ed digit\u00e1ln\u00ed energetick\u00e9 dvoj\u010de"},"content":{"rendered":"<p><strong>Siemens a Mercedes-Benz p\u0159edstavily tzv. digit\u00e1ln\u00ed energetick\u00e9 dvoj\u010de, kter\u00e9 si klade za c\u00edl usnadnit budouc\u00ed udr\u017eiteln\u00e9 pl\u00e1nov\u00e1n\u00ed tov\u00e1ren v automobilov\u00e9m pr\u016fmyslu.<\/strong><!--more--><\/p>\n<p>Inovativn\u00ed digit\u00e1ln\u00ed energetick\u00e9 dvoj\u010de (Digital Energy Twin) m\u00e1 podpo\u0159it ambice automobilky vyu\u017e\u00edvat do roku 2039 ve v\u0161ech sv\u00fdch v\u00fdrobn\u00edch z\u00e1vodech na sv\u011bt\u011b 100 % obnoviteln\u00fdch zdroj\u016f energie. \u0158e\u0161en\u00ed vylep\u0161uje, zjednodu\u0161uje a urychluje proces energetick\u00e9ho pl\u00e1nov\u00e1n\u00ed tov\u00e1rny v ran\u00e9 f\u00e1zi, a to jak u brownfield\u016f, tak u\u00a0nov\u00fdch projekt\u016f (greenfield\u016f).<\/p>\n<p>V r\u00e1mci t\u00e9to spolupr\u00e1ce firmy vyu\u017eily know-how spole\u010dnosti Siemens v oblasti dekarbonizace a energetick\u00e9ho dvoj\u010dete ve spojen\u00ed s hlubok\u00fdmi znalostmi renomovan\u00e9ho v\u00fdrobce automobil\u016f a vytvo\u0159ily \u0161k\u00e1lovateln\u00fd n\u00e1stroj pro aplikaci v\u00a0automobilov\u00e9m pr\u016fmyslu. Siemens zajist\u00ed \u0161kolen\u00ed a podporu a bude digit\u00e1ln\u00ed energetick\u00e9 dvoj\u010de udr\u017eovat a pr\u016fb\u011b\u017en\u011b rozv\u00edjet tak, aby mohlo b\u00fdt nasazeno v\u00a0glob\u00e1ln\u00ed v\u00fdrobn\u00ed s\u00edti Mercedes-Benz.<\/p>\n<p><strong>Testuje se v Singelfingenu<\/strong><\/p>\n<p>Digit\u00e1ln\u00ed energetick\u00e9 dvoj\u010de, kter\u00e9 bylo navr\u017eeno a testov\u00e1no v z\u00e1vod\u011b Mercedes-Benz v n\u011bmeck\u00e9m Sindelfingenu (\u201eFactory 56\u201c), je zalo\u017eeno na modelech chov\u00e1n\u00ed budov, technick\u00fdch za\u0159\u00edzen\u00ed a v\u00fdroby energie. Propojuje vstupn\u00ed informace, jako nap\u0159. \u00fadaje o po\u010das\u00ed, simulace profilu zat\u00ed\u017een\u00ed, v\u00fdb\u011br a dimenzov\u00e1n\u00ed objekt\u016f. Simuluje fyzick\u00fd energetick\u00fd syst\u00e9m, ov\u011b\u0159uje navrhovan\u00e9 sc\u00e9n\u00e1\u0159e pl\u00e1nov\u00e1n\u00ed spot\u0159eby energie a nab\u00edz\u00ed doporu\u010den\u00ed pro optimalizaci po\u017eadovan\u00fdch v\u00fdsledk\u016f, v\u010detn\u011b energetick\u00e9 \u00fa\u010dinnosti a dal\u0161\u00edch souvisej\u00edc\u00edch \u00faspor n\u00e1klad\u016f a sni\u017eov\u00e1n\u00ed emis\u00ed.<\/p>\n<p><em><i>\u201eD\u00edky p\u0159esn\u00e9mu modelov\u00e1n\u00ed provozn\u00edch sc\u00e9n\u00e1\u0159\u016f a spot\u0159eby energie umo\u017e\u0148uje digit\u00e1ln\u00ed energetick\u00e9 dvoj\u010de rychlej\u0161\u00ed a transparentn\u011bj\u0161\u00ed rozhodov\u00e1n\u00ed v ran\u00fdch f\u00e1z\u00edch pl\u00e1nov\u00e1n\u00ed,\u201c<\/i><\/em>\u00a0uvedl Matthias Rebellius, \u010dlen p\u0159edstavenstva koncernu Siemens AG a \u0159editel Siemens Smart Infrastructure. <em><i>\u201e\u0158e\u0161en\u00ed je d\u016fkazem, jak ve spole\u010dnosti Siemens propojujeme re\u00e1ln\u00fd a digit\u00e1ln\u00ed sv\u011bt s c\u00edlem dos\u00e1hnout udr\u017eiteln\u00e9ho pokroku v pr\u016fmyslov\u00fdch odv\u011btv\u00edch. Z\u00e1rove\u0148 to je i prvn\u00ed krok sm\u011brem k integrovan\u00e9mu procesu optimalizovan\u00e9ho pl\u00e1nov\u00e1n\u00ed, provozu budov a\u00a0v\u00fdroby.\u201c<\/i><\/em><\/p>\n<p>Spole\u010dn\u00e9 digit\u00e1ln\u00ed energetick\u00e9 dvoj\u010de ukazuje tak\u00e9 potenci\u00e1l otev\u0159en\u00e9 digit\u00e1ln\u00ed obchodn\u00ed platformy Siemens Xcelerator, kter\u00e1 urychluje digit\u00e1ln\u00ed transformaci a\u00a0umo\u017e\u0148uje z\u00e1kazn\u00edk\u016fm a partner\u016fm spole\u010dn\u011b vyv\u00edjet produkty a \u0159e\u0161en\u00ed na m\u00edru pro nejr\u016fzn\u011bj\u0161\u00ed odv\u011btv\u00ed.<\/p>\n<p>Spole\u010dnosti Siemens a Mercedes Benz uzav\u0159ely v roce 2021 strategick\u00e9 partnerstv\u00ed pro udr\u017eitelnou v\u00fdrobu automobil\u016f, kter\u00e9 umo\u017e\u0148uje spolupr\u00e1ci na rozvoji v oblasti digitalizace udr\u017eiteln\u00fdch v\u00fdrobn\u00edch metod.<\/p>\n<p><em><i>\u201eDigit\u00e1ln\u00ed energetick\u00e9 dvoj\u010de je na\u0161\u00ed reakc\u00ed na \u00fasp\u011b\u0161nou vizualizaci, anal\u00fdzu a\u00a0udr\u017eitelnou optimalizaci energeticky \u00fa\u010dinn\u00fdch proces\u016f v budov\u00e1ch. D\u00edky tomuto inovativn\u00edmu p\u0159\u00edstupu dok\u00e1\u017eeme l\u00e9pe porozum\u011bt st\u00e1vaj\u00edc\u00edm tov\u00e1rn\u00edm objekt\u016fm a\u00a0prom\u011b\u0148ujeme je na \u017eivouc\u00ed a inteligentn\u00ed budovy. Pomoc\u00ed t\u00e9to transformativn\u00ed technologie maximalizujeme jejich potenci\u00e1l a nastavujeme perspektivn\u00ed standardy pro energeticky \u00fa\u010dinn\u00e9 a udr\u017eiteln\u00e9 vyu\u017e\u00edv\u00e1n\u00ed objekt\u016f v glob\u00e1ln\u00ed v\u00fdrobn\u00ed s\u00edti Mercedes-Benz,\u201c<\/i><\/em>\u00a0uvedl Arno van der Merwe, viceprezident pro pl\u00e1nov\u00e1n\u00ed v\u00fdroby, Mercedes Benz Cars.<\/p>\n<p><img loading=\"lazy\" decoding=\"async\" class=\"alignnone size-medium wp-image-3545\" src=\"http:\/\/www.automakers.cz\/wp-content\/uploads\/2024\/04\/mercedes-3-900x507.webp\" alt=\"\" width=\"900\" height=\"507\" srcset=\"https:\/\/www.automakers.cz\/wp-content\/uploads\/2024\/04\/mercedes-3-900x507.webp 900w, https:\/\/www.automakers.cz\/wp-content\/uploads\/2024\/04\/mercedes-3-768x432.webp 768w, https:\/\/www.automakers.cz\/wp-content\/uploads\/2024\/04\/mercedes-3.webp 1000w\" sizes=\"auto, (max-width: 900px) 100vw, 900px\" \/><\/p>\n<p>Digit\u00e1ln\u00ed energetick\u00e1 dvoj\u010data jsou kl\u00ed\u010dovou sou\u010d\u00e1st\u00ed portfolia spole\u010dnosti Siemens zam\u011b\u0159en\u00e9ho na podporu pr\u016fmyslov\u00fdch z\u00e1kazn\u00edk\u016f p\u0159i dosahov\u00e1n\u00ed jejich c\u00edl\u016f v\u00a0oblasti udr\u017eitelnosti a dekarbonizace. Siemens ned\u00e1vno ozn\u00e1mil, \u017ee spolupracuje i s dal\u0161\u00edm siln\u00fdm mezin\u00e1rodn\u00edm partnerem na jeho glob\u00e1ln\u00edm pl\u00e1nu dos\u00e1hnout bezemisn\u00ed v\u00fdroby. Vyu\u017e\u00edv\u00e1 k tomu digit\u00e1ln\u00ed energetick\u00e9 dvoj\u010de pro simulace spot\u0159eby energie a identifikaci m\u00edst, kde lze dos\u00e1hnout \u00faspor energie v\u00a015 pivovarech po cel\u00e9m sv\u011bt\u011b. Siemens odhaduje, \u017ee v ka\u017ed\u00e9m z\u00e1vod\u011b lze u\u0161et\u0159it 15-20 % energie a v pr\u016fm\u011bru sn\u00ed\u017eit emise CO\u2082\u00a0a\u017e\u00a0o 50 %.<\/p>\n<p><strong>Zdroj: Siemens, Mariana Kellerov\u00e1<\/strong><\/p>\n<p>&nbsp;<\/p>\n","protected":false},"excerpt":{"rendered":"<p>Siemens a Mercedes-Benz p\u0159edstavily tzv. digit\u00e1ln\u00ed energetick\u00e9 dvoj\u010de, kter\u00e9 si klade za c\u00edl usnadnit budouc\u00ed&#8230;<\/p>\n","protected":false},"author":1,"featured_media":3925,"comment_status":"closed","ping_status":"closed","sticky":false,"template":"","format":"standard","meta":{"footnotes":""},"categories":[18],"tags":[],"class_list":["post-3924","post","type-post","status-publish","format-standard","has-post-thumbnail","hentry","category-vyroba"],"_links":{"self":[{"href":"https:\/\/www.automakers.cz\/index.php?rest_route=\/wp\/v2\/posts\/3924","targetHints":{"allow":["GET"]}}],"collection":[{"href":"https:\/\/www.automakers.cz\/index.php?rest_route=\/wp\/v2\/posts"}],"about":[{"href":"https:\/\/www.automakers.cz\/index.php?rest_route=\/wp\/v2\/types\/post"}],"author":[{"embeddable":true,"href":"https:\/\/www.automakers.cz\/index.php?rest_route=\/wp\/v2\/users\/1"}],"replies":[{"embeddable":true,"href":"https:\/\/www.automakers.cz\/index.php?rest_route=%2Fwp%2Fv2%2Fcomments&post=3924"}],"version-history":[{"count":3,"href":"https:\/\/www.automakers.cz\/index.php?rest_route=\/wp\/v2\/posts\/3924\/revisions"}],"predecessor-version":[{"id":3928,"href":"https:\/\/www.automakers.cz\/index.php?rest_route=\/wp\/v2\/posts\/3924\/revisions\/3928"}],"wp:featuredmedia":[{"embeddable":true,"href":"https:\/\/www.automakers.cz\/index.php?rest_route=\/wp\/v2\/media\/3925"}],"wp:attachment":[{"href":"https:\/\/www.automakers.cz\/index.php?rest_route=%2Fwp%2Fv2%2Fmedia&parent=3924"}],"wp:term":[{"taxonomy":"category","embeddable":true,"href":"https:\/\/www.automakers.cz\/index.php?rest_route=%2Fwp%2Fv2%2Fcategories&post=3924"},{"taxonomy":"post_tag","embeddable":true,"href":"https:\/\/www.automakers.cz\/index.php?rest_route=%2Fwp%2Fv2%2Ftags&post=3924"}],"curies":[{"name":"wp","href":"https:\/\/api.w.org\/{rel}","templated":true}]}}