{"id":3932,"date":"2024-05-07T08:14:06","date_gmt":"2024-05-07T08:14:06","guid":{"rendered":"https:\/\/www.automakers.cz\/?p=3932"},"modified":"2024-05-07T08:14:06","modified_gmt":"2024-05-07T08:14:06","slug":"toyota-v-dubnu-druha-mezi-importery","status":"publish","type":"post","link":"https:\/\/www.automakers.cz\/?p=3932","title":{"rendered":"Toyota v dubnu druh\u00e1 mezi import\u00e9ry"},"content":{"rendered":"<p><span style=\"font-family: Times New Roman, serif;\"><span style=\"font-size: medium;\"><strong><span style=\"color: #263238;\">Svaz dovozc\u016f automobil\u016f se\u010detl registrace nov\u00fdch vozidel za duben leto\u0161n\u00edho roku. N<\/span><\/strong><span style=\"color: #263238;\"><strong>ov\u00e1 osobn\u00ed auta ukazuj\u00ed za prvn\u00ed \u010dty\u0159i m\u011bs\u00edce 2024 meziro\u010dn\u00ed n\u00e1r\u016fst 3,2 %. V dubnu dos\u00e1hlo toto zv\u00fd\u0161en\u00ed 6,3 procenta.<\/strong> <\/span><\/span><\/span><!--more--><\/p>\n<p><span style=\"font-family: Times New Roman, serif;\"><span style=\"font-size: medium;\"><span style=\"color: #263238;\">Zaj\u00edmav\u00e9 je, \u017ee v<\/span><span style=\"color: #000000;\"> po\u0159ad\u00ed nejprod\u00e1van\u011bj\u0161\u00edch zna\u010dek osobn\u00edch aut se v dubnu historicky poprv\u00e9 na druh\u00e9 m\u00edsto za zna\u010dku \u0160koda posunula Toyota, kter\u00e1 figuruje na druh\u00e9m m\u00edst\u011b i u kategorie lehk\u00fdch u\u017eitkov\u00fdch vozidel. Dosud v\u017edy pat\u0159ilo druh\u00e9 m\u00edsto bu\u010fto Volkswagenu nebo korejsk\u00e9 zna\u010dce Hyundai, kter\u00e1 produkuje auta v moravsk\u00fdch No\u0161ovic\u00edch. <\/span><\/span><\/span><\/p>\n<p class=\"xmprfx_MsoNormal\" align=\"justify\">Absolutn\u00edho rekordu dos\u00e1hly\u00a0 lehk\u00e9 u\u017eitkov\u00e9 automobily (v porovnateln\u00e9m obdob\u00ed od roku 2008). Toyota figuruje na druh\u00e9m m\u00edst\u011b i u kategorie lehk\u00fdch u\u017eitkov\u00fdch vozidel N1 (a to i za 1-4\/2024).<\/p>\n<p class=\"xmprfx_MsoNormal\" align=\"justify\">Registrace \u010dist\u011b elektrick\u00fdch OA vzrostly v dubnu o 23,8 %, hybridn\u00ed vozy zaznamenaly n\u00e1r\u016fst o 55,5 %. Pod\u00edl OA se vzn\u011btov\u00fdm motorem v dubnu rovn\u011b\u017e m\u00edrn\u011b vzrostl, na 26,23 %.<\/p>\n<p class=\"xmprfx_MsoNormal\" align=\"justify\">I v\u0161echny ostatn\u00ed kategorie vozidel vyk\u00e1zaly v dubnu meziro\u010dn\u00ed n\u00e1r\u016fst.<\/p>\n<p class=\"xmprfx_MsoNormal\">Registrace dov\u00e1\u017een\u00fdch ojet\u00fdch OA v obdob\u00ed 1<span style=\"font-family: Cambria Math;\">\u2011<\/span>4\/2024 meziro\u010dn\u011b klesly o 9,2 %, v samotn\u00e9m m\u011bs\u00edci dubnu byly ni\u017e\u0161\u00ed pouze o 0,8 %, pr\u016fm\u011brn\u00e9 st\u00e1\u0159\u00ed je nad\u00e1le vysok\u00e9, dosahuje 10,4 roku.<\/p>\n<p><span style=\"font-family: Times New Roman, serif;\"><span style=\"font-size: medium;\"><span style=\"color: #000000;\">V dubnu bylo tak\u00e9 zaznamen\u00e1no historicky nejv\u00edce prodan\u00fdch motocykl\u016f za tento m\u011bs\u00edc.<\/span><\/span><\/span><\/p>\n<p><img loading=\"lazy\" decoding=\"async\" class=\"size-medium wp-image-2575\" src=\"http:\/\/www.automakers.cz\/wp-content\/uploads\/2024\/03\/Motosalon-Jawa-777x900.jpg\" alt=\"\" width=\"777\" height=\"900\" \/><\/p>\n<p><strong>Zdroj: SDA<\/strong><\/p>\n","protected":false},"excerpt":{"rendered":"<p>Svaz dovozc\u016f automobil\u016f se\u010detl registrace nov\u00fdch vozidel za duben leto\u0161n\u00edho roku. Nov\u00e1 osobn\u00ed auta ukazuj\u00ed&#8230;<\/p>\n","protected":false},"author":1,"featured_media":2464,"comment_status":"closed","ping_status":"closed","sticky":false,"template":"","format":"standard","meta":{"footnotes":""},"categories":[48,10],"tags":[],"class_list":["post-3932","post","type-post","status-publish","format-standard","has-post-thumbnail","hentry","category-registrace","category-statistika"],"_links":{"self":[{"href":"https:\/\/www.automakers.cz\/index.php?rest_route=\/wp\/v2\/posts\/3932","targetHints":{"allow":["GET"]}}],"collection":[{"href":"https:\/\/www.automakers.cz\/index.php?rest_route=\/wp\/v2\/posts"}],"about":[{"href":"https:\/\/www.automakers.cz\/index.php?rest_route=\/wp\/v2\/types\/post"}],"author":[{"embeddable":true,"href":"https:\/\/www.automakers.cz\/index.php?rest_route=\/wp\/v2\/users\/1"}],"replies":[{"embeddable":true,"href":"https:\/\/www.automakers.cz\/index.php?rest_route=%2Fwp%2Fv2%2Fcomments&post=3932"}],"version-history":[{"count":2,"href":"https:\/\/www.automakers.cz\/index.php?rest_route=\/wp\/v2\/posts\/3932\/revisions"}],"predecessor-version":[{"id":3934,"href":"https:\/\/www.automakers.cz\/index.php?rest_route=\/wp\/v2\/posts\/3932\/revisions\/3934"}],"wp:featuredmedia":[{"embeddable":true,"href":"https:\/\/www.automakers.cz\/index.php?rest_route=\/wp\/v2\/media\/2464"}],"wp:attachment":[{"href":"https:\/\/www.automakers.cz\/index.php?rest_route=%2Fwp%2Fv2%2Fmedia&parent=3932"}],"wp:term":[{"taxonomy":"category","embeddable":true,"href":"https:\/\/www.automakers.cz\/index.php?rest_route=%2Fwp%2Fv2%2Fcategories&post=3932"},{"taxonomy":"post_tag","embeddable":true,"href":"https:\/\/www.automakers.cz\/index.php?rest_route=%2Fwp%2Fv2%2Ftags&post=3932"}],"curies":[{"name":"wp","href":"https:\/\/api.w.org\/{rel}","templated":true}]}}