{"id":3955,"date":"2024-05-10T10:54:35","date_gmt":"2024-05-10T10:54:35","guid":{"rendered":"https:\/\/www.automakers.cz\/?p=3955"},"modified":"2024-05-10T10:54:48","modified_gmt":"2024-05-10T10:54:48","slug":"usa-chystaji-cla-na-dovoz-elektroaut-z-ciny","status":"publish","type":"post","link":"https:\/\/www.automakers.cz\/?p=3955","title":{"rendered":"USA chystaj\u00ed cla na dovoz elektroaut z \u010c\u00edny"},"content":{"rendered":"<p class=\"big\"><strong>Administrativa americk\u00e9ho prezidenta Joea Bidena p\u0159ipravuje zaveden\u00ed cel na dovoz elektromobil\u016f z \u010c\u00edny. Informovala o tom agentura Bloomberg, podle n\u00ed\u017e krok ozn\u00e1m\u00ed vl\u00e1da p\u0159\u00ed\u0161t\u00ed t\u00fdden. Ochrann\u00e1 opat\u0159en\u00ed se maj\u00ed t\u00fdkat i bateri\u00ed \u010di sol\u00e1rn\u00ed techniky.<\/strong><!--more--><\/p>\n<p>B\u00edl\u00fd d\u016fm ji\u017e koncem \u00fanora ozn\u00e1mil, \u017ee Spojen\u00e9 st\u00e1ty se rozhodly pro\u0161et\u0159it, zda dovoz automobil\u016f z \u010c\u00edny nep\u0159edstavuje hrozbu pro n\u00e1rodn\u00ed bezpe\u010dnost. D\u016fvodem vy\u0161et\u0159ov\u00e1n\u00ed je podle n\u011bj skute\u010dnost, \u017ee automobily shroma\u017e\u010fuj\u00ed velk\u00e9 mno\u017estv\u00ed citliv\u00fdch \u00fadaj\u016f o \u0159idi\u010d\u00edch a pasa\u017e\u00e9rech a vyu\u017e\u00edvaj\u00ed sv\u00e9 kamery a senzory k zaznamen\u00e1v\u00e1n\u00ed informac\u00ed o americk\u00e9 infrastruktu\u0159e.<\/p>\n<p>Nyn\u00ed se podle agentury Boooberg schyluje k zaveden\u00ed cel pl\u00e1novan\u00e9 patrn\u011b na p\u0159\u00ed\u0161t\u00ed \u00fater\u00fd. Vedle p\u0159edstaven\u00ed nov\u00fdch cel by m\u011bla Bidenova administrativa ozn\u00e1mit zachov\u00e1n\u00ed \u0159ady existuj\u00edc\u00edch, kter\u00e1 maj\u00ed ochr\u00e1nit americk\u00e9 firmy a t\u00edm p\u0159isp\u011bt k zachov\u00e1n\u00ed pracovn\u00edch m\u00edt.<\/p>\n<p>Biden se p\u016fl roku p\u0159ed volbami sna\u017e\u00ed oslovit mimo jin\u00e9 lidi pracuj\u00edc\u00ed v americk\u00fdch automobilk\u00e1ch. N\u011bkolik americk\u00fdch sen\u00e1tor\u016f jej ji\u017e vyzvalo, aby zavedl embargo na dovoz levn\u00fdch elektromobil\u016f z \u010c\u00edny.<\/p>\n<p><strong>Zdroj: ceskenoviny.cz<\/strong><\/p>\n","protected":false},"excerpt":{"rendered":"<p>Administrativa americk\u00e9ho prezidenta Joea Bidena p\u0159ipravuje zaveden\u00ed cel na dovoz elektromobil\u016f z \u010c\u00edny. Informovala o&#8230;<\/p>\n","protected":false},"author":1,"featured_media":2659,"comment_status":"closed","ping_status":"closed","sticky":false,"template":"","format":"standard","meta":{"footnotes":""},"categories":[9,44,31],"tags":[],"class_list":["post-3955","post","type-post","status-publish","format-standard","has-post-thumbnail","hentry","category-elektromobily","category-export","category-news"],"_links":{"self":[{"href":"https:\/\/www.automakers.cz\/index.php?rest_route=\/wp\/v2\/posts\/3955","targetHints":{"allow":["GET"]}}],"collection":[{"href":"https:\/\/www.automakers.cz\/index.php?rest_route=\/wp\/v2\/posts"}],"about":[{"href":"https:\/\/www.automakers.cz\/index.php?rest_route=\/wp\/v2\/types\/post"}],"author":[{"embeddable":true,"href":"https:\/\/www.automakers.cz\/index.php?rest_route=\/wp\/v2\/users\/1"}],"replies":[{"embeddable":true,"href":"https:\/\/www.automakers.cz\/index.php?rest_route=%2Fwp%2Fv2%2Fcomments&post=3955"}],"version-history":[{"count":2,"href":"https:\/\/www.automakers.cz\/index.php?rest_route=\/wp\/v2\/posts\/3955\/revisions"}],"predecessor-version":[{"id":3957,"href":"https:\/\/www.automakers.cz\/index.php?rest_route=\/wp\/v2\/posts\/3955\/revisions\/3957"}],"wp:featuredmedia":[{"embeddable":true,"href":"https:\/\/www.automakers.cz\/index.php?rest_route=\/wp\/v2\/media\/2659"}],"wp:attachment":[{"href":"https:\/\/www.automakers.cz\/index.php?rest_route=%2Fwp%2Fv2%2Fmedia&parent=3955"}],"wp:term":[{"taxonomy":"category","embeddable":true,"href":"https:\/\/www.automakers.cz\/index.php?rest_route=%2Fwp%2Fv2%2Fcategories&post=3955"},{"taxonomy":"post_tag","embeddable":true,"href":"https:\/\/www.automakers.cz\/index.php?rest_route=%2Fwp%2Fv2%2Ftags&post=3955"}],"curies":[{"name":"wp","href":"https:\/\/api.w.org\/{rel}","templated":true}]}}