{"id":3972,"date":"2024-05-12T09:34:59","date_gmt":"2024-05-12T09:34:59","guid":{"rendered":"https:\/\/www.automakers.cz\/?p=3972"},"modified":"2024-05-14T09:17:35","modified_gmt":"2024-05-14T09:17:35","slug":"skoda-cr-hlasi-personalni-zmenu","status":"publish","type":"post","link":"https:\/\/www.automakers.cz\/?p=3972","title":{"rendered":"\u0160koda \u010cR hl\u00e1s\u00ed person\u00e1ln\u00ed zm\u011bnu"},"content":{"rendered":"<p><strong>\u0160\u00e9f \u0160kody \u010cR Ji\u0159\u00ed Mal\u00e1\u010dek najal od kv\u011btna novou vedouc\u00ed odd\u011blen\u00ed rozvoje strategie a obchodn\u00ed s\u00edt\u011b. Mana\u017eerka, kter\u00e1 bude koordinovat nejv\u011bt\u0161\u00ed tuzemskou dealerskou s\u00ed\u0165, p\u0159ich\u00e1z\u00ed z finan\u010dn\u00edho sektoru.<\/strong><!--more--><\/p>\n<p>Novou mana\u017eerkou v t\u00fdmu \u0160kody \u010cR je Nicola Koldov\u00e1, kter\u00e1 m\u011bla na pozici nahradit Miroslava Holana, kter\u00fd ji\u017e d\u0159\u00edve ode\u0161el mimo automobilku.<\/p>\n<p>Koldov\u00e1 d\u0159\u00edve pracovala v Unicredit Leasingu na r\u016fzn\u00fdch pozic\u00edch, do \u00fanora 2022 pak zast\u00e1vala pozici project mana\u017eera v Raiffeisen Leasingu.<\/p>\n<p>&#8222;Pan\u00ed Koldov\u00e9 p\u0159eji \u00fasp\u011b\u0161n\u00fd start v nov\u00e9 zodpov\u011bdn\u00e9 pozici,&#8220; uvedl k nov\u00e9mu jmenov\u00e1n\u00ed Ji\u0159\u00ed Mal\u00e1\u010dek.<\/p>\n<p><strong>Zdroj: Ozn\u00e1men\u00ed \u0160A obchodn\u00edm partner\u016fm, Linked IN<\/strong><\/p>\n<p>&nbsp;<\/p>\n","protected":false},"excerpt":{"rendered":"<p>\u0160\u00e9f \u0160kody \u010cR Ji\u0159\u00ed Mal\u00e1\u010dek najal od kv\u011btna novou vedouc\u00ed odd\u011blen\u00ed rozvoje strategie a obchodn\u00ed&#8230;<\/p>\n","protected":false},"author":1,"featured_media":3974,"comment_status":"closed","ping_status":"closed","sticky":false,"template":"","format":"standard","meta":{"footnotes":""},"categories":[6,5],"tags":[],"class_list":["post-3972","post","type-post","status-publish","format-standard","has-post-thumbnail","hentry","category-management","category-personalie"],"_links":{"self":[{"href":"https:\/\/www.automakers.cz\/index.php?rest_route=\/wp\/v2\/posts\/3972","targetHints":{"allow":["GET"]}}],"collection":[{"href":"https:\/\/www.automakers.cz\/index.php?rest_route=\/wp\/v2\/posts"}],"about":[{"href":"https:\/\/www.automakers.cz\/index.php?rest_route=\/wp\/v2\/types\/post"}],"author":[{"embeddable":true,"href":"https:\/\/www.automakers.cz\/index.php?rest_route=\/wp\/v2\/users\/1"}],"replies":[{"embeddable":true,"href":"https:\/\/www.automakers.cz\/index.php?rest_route=%2Fwp%2Fv2%2Fcomments&post=3972"}],"version-history":[{"count":5,"href":"https:\/\/www.automakers.cz\/index.php?rest_route=\/wp\/v2\/posts\/3972\/revisions"}],"predecessor-version":[{"id":3979,"href":"https:\/\/www.automakers.cz\/index.php?rest_route=\/wp\/v2\/posts\/3972\/revisions\/3979"}],"wp:featuredmedia":[{"embeddable":true,"href":"https:\/\/www.automakers.cz\/index.php?rest_route=\/wp\/v2\/media\/3974"}],"wp:attachment":[{"href":"https:\/\/www.automakers.cz\/index.php?rest_route=%2Fwp%2Fv2%2Fmedia&parent=3972"}],"wp:term":[{"taxonomy":"category","embeddable":true,"href":"https:\/\/www.automakers.cz\/index.php?rest_route=%2Fwp%2Fv2%2Fcategories&post=3972"},{"taxonomy":"post_tag","embeddable":true,"href":"https:\/\/www.automakers.cz\/index.php?rest_route=%2Fwp%2Fv2%2Ftags&post=3972"}],"curies":[{"name":"wp","href":"https:\/\/api.w.org\/{rel}","templated":true}]}}