{"id":402,"date":"2023-11-21T09:00:22","date_gmt":"2023-11-21T09:00:22","guid":{"rendered":"https:\/\/www.automakers.cz\/?p=402"},"modified":"2023-11-21T13:21:41","modified_gmt":"2023-11-21T13:21:41","slug":"registraci-v-eu-se-v-rijnu-zvysily-o-15","status":"publish","type":"post","link":"https:\/\/www.automakers.cz\/?p=402","title":{"rendered":"Registrace v EU se v \u0159\u00edjnu zv\u00fd\u0161ily o 15 %"},"content":{"rendered":"<p><strong>Po\u010det registrac\u00ed nov\u00fdch osobn\u00edch <span class=\"highlight-query\">aut<\/span> v <span class=\"highlight-E1id3 highlight-E1M\">Evropsk\u00e9<\/span> <span class=\"highlight-E1id3 highlight-E1M\">unii<\/span> v \u0159\u00edjnu stoupl o 14,6 procenta na 855.484 voz\u016f. <span class=\"highlight-query\">Prodej<\/span> se zv\u00fd\u0161il u\u017e patn\u00e1ct\u00fd m\u011bs\u00edc za sebou. D\u00e1l se zvy\u0161oval pod\u00edl elektromobil\u016f na celkov\u00e9m <span class=\"highlight-query\">prodeji<\/span> a od za\u010d\u00e1tku leto\u0161\u00edho roku je poprv\u00e9 vy\u0161\u0161\u00ed ne\u017e pod\u00edl <span class=\"highlight-query\">aut<\/span> s naftov\u00fdm motorem.<\/strong><!--more--><\/p>\n<p>Ve sv\u00e9 zpr\u00e1v\u011b to dnes uvedlo Evropsk\u00e9 sdru\u017een\u00ed v\u00fdrobc\u016f automobil\u016f (ACEA). V\u0161echny trhy vyk\u00e1zaly r\u016fst, v\u00fdjimkou je <span class=\"highlight-E0id5 highlight-E0M\">Ma\u010farsko<\/span> Z velk\u00fdch evropsk\u00fdch trh\u016f se <span class=\"highlight-query\">prodej<\/span> zv\u00fd\u0161il o 21,9 procenta ve <span class=\"highlight-E0id4 highlight-E0M\">Francii<\/span> a o p\u011btinu v <span class=\"highlight-E0id6 highlight-E0M\">It\u00e1lii<\/span>. Ve <span class=\"highlight-E0id3 highlight-E0M\">\u0160pan\u011blsku<\/span> po\u010det registrac\u00ed stoupl o 18,1 procenta, v <span class=\"highlight-E0id2 highlight-E0M\">N\u011bmecku<\/span> o 4,9 procenta.<\/p>\n<p>Za deset m\u011bs\u00edc\u016f leto\u0161n\u00edho roku se po\u010det registrac\u00ed v cel\u00e9 <span class=\"highlight-E1id3 highlight-E1M\">unii<\/span> zv\u00fd\u0161il o 16,7 procenta na t\u00e9m\u011b\u0159 dev\u011bt milion\u016f. V\u0161echny trhy zat\u00edm v leto\u0161n\u00edm roce vykazuj\u00ed r\u016fst, v\u00fdjimkou je <span class=\"highlight-E0id5 highlight-E0M\">Ma\u010farsko<\/span>.<\/p>\n<p><strong>Kolik procent <span class=\"highlight-query\">prodeje<\/span> tvo\u0159\u00ed elektromobily a hybridn\u00ed modely?<\/strong><\/p>\n<p>Pod\u00edl bateriov\u00fdch elektrick\u00fdch voz\u016f se na celkov\u00e9m <span class=\"highlight-query\">prodeji<\/span> v \u0159\u00edjnu zv\u00fd\u0161il na 14,2 procenta z lo\u0148sk\u00fdch 12 procent. Od za\u010d\u00e1tku roku stoupl na 14 procent, a poprv\u00e9 tak p\u0159ekonal pod\u00edl voz\u016f s naftov\u00fdm motorem. Nejv\u011bt\u0161\u00ed pod\u00edl na celkov\u00e9m <span class=\"highlight-query\">prodeji<\/span> m\u011bly v \u0159\u00edjnu vozy s benzinov\u00fdm motorem, a to 33,4 procenta. Druh\u00e1 p\u0159\u00ed\u010dka pat\u0159ila hybridn\u00edch elektromobil\u016fm s pod\u00edlem t\u00e9m\u011b\u0159 29 procent. Elektromobily, a\u0165 u\u017e pln\u011b elektrick\u00e9 nebo hybridn\u00ed modely, se letos na celkov\u00e9m <span class=\"highlight-query\">prodej<\/span> <span class=\"highlight-query\">aut<\/span> v <span class=\"highlight-E1id3 highlight-E1M\">EU<\/span> zat\u00edm pod\u00edlej\u00ed 47 procenty. Po\u010det registrac\u00ed bateriov\u00fdch elektrick\u00fdch voz\u016f se zv\u00fd\u0161il o 36,3 procenta na 121.808 a od za\u010d\u00e1tku roku o 53,1 procenta na 1,2 milionu.<\/p>\n<p>V <span class=\"highlight-E0id1 highlight-E0M\">Belgii<\/span> a <span class=\"highlight-E0id0 highlight-E0M\">D\u00e1nsku<\/span> <span class=\"highlight-query\">prodej<\/span> v \u0159\u00edjnu vzrostl o v\u00edce ne\u017e 100 procent. Nejv\u011bt\u0161\u00edm trhem pro bateriov\u00e9 elektromobily z\u016fst\u00e1v\u00e1 <span class=\"highlight-E0id2 highlight-E0M\">N\u011bmecko<\/span>, kde se <span class=\"highlight-query\">prodej<\/span> zv\u00fd\u0161il o 4,3 procenta. <span class=\"highlight-query\">Prodej<\/span> pln\u011b hybridn\u00edch <span class=\"highlight-query\">aut<\/span> vzrostl t\u00e9m\u011b\u0159 o 39 procent. <span class=\"highlight-query\">Prodej<\/span> <span class=\"highlight-query\">aut<\/span> s benzinov\u00fdm motorem se v \u0159\u00edjnu zv\u00fd\u0161il o 8,1 procenta. <span class=\"highlight-query\">Prodej<\/span> voz\u016f s naftov\u00fdm motorem v\u0161ak o 13,2 procenta klesl. N\u011bkter\u00e9 automobilky, ale tak\u00e9 <span class=\"highlight-E5id2 highlight-E5M\">analytici<\/span> a <span class=\"highlight-E5id0 highlight-E5M\">obchodn\u00edci<\/span>, se ob\u00e1vaj\u00ed, \u017ee <span class=\"highlight-query\">prodej<\/span> elektromobil\u016f v <span class=\"highlight-E1id3 highlight-E1M\">EU<\/span> se po letech prudk\u00e9ho r\u016fstu dostal na vrchol.<\/p>\n<p><strong>Volkswagen i \u0160koda hl\u00e1s\u00ed r\u016fst<\/strong><\/p>\n<p><span class=\"highlight-E5id1 highlight-E5M\">Spot\u0159ebitel\u00e9<\/span> toti\u017e \u010dekaj\u00ed, a\u017e se na trhu objev\u00ed dostupn\u011bj\u0161\u00ed modely. Nejv\u011bt\u0161\u00ed automobilkou z\u016fstal <span class=\"highlight-E1id1 highlight-E4id0 highlight-E1M highlight-E4M\">Volkswagen<\/span>, jeho\u017e <span class=\"highlight-query\">prodej<\/span> se v \u0159\u00edjnu zv\u00fd\u0161il o 9,9 procenta, z toho <span class=\"highlight-query\">prodej<\/span> <span class=\"highlight-E4id0 highlight-E1id2 highlight-E4M highlight-E1M\">\u0160kody<\/span> <span class=\"highlight-query highlight-E1id2 highlight-E4id0 highlight-E1M highlight-E4M\">Auto<\/span> o 17,5 procenta. Skupina <span class=\"highlight-E4id0 highlight-E1id1 highlight-E4M highlight-E1M\">Volkswagen<\/span> m\u00e1 na trhu t\u00e9m\u011b\u0159 \u010dtvrtinov\u00fd pod\u00edl. <span class=\"highlight-E4id2 highlight-E1id5 highlight-E4id0 highlight-E4M highlight-E1M\">Stellantis<\/span> pak zv\u00fd\u0161il <span class=\"highlight-query\">prodej<\/span> o 11,3 procenta a <span class=\"highlight-E1id0 highlight-E4id0 highlight-E1M highlight-E4M\">Renault<\/span> o 24,3 procenta. <span class=\"highlight-query\">Prodej<\/span> <span class=\"highlight-E4id0 highlight-E4id1 highlight-E1id4 highlight-E4M highlight-E1M\">Tesly<\/span> vzrostl t\u00e9m\u011b\u0159 o 150 procent a na <span class=\"highlight-query\">prodeji<\/span> pln\u011b elektrick\u00fdch voz\u016f m\u011bla <span class=\"highlight-E4id0 highlight-E1id4 highlight-E4id1 highlight-E4M highlight-E1M\">Tesla<\/span> pod\u00edl t\u00e9m\u011b\u0159 12 procent.<\/p>\n<p><strong>Zdroj: ACEA, graf \u010cT 24<br \/>\n<\/strong><\/p>\n<p><img loading=\"lazy\" decoding=\"async\" class=\"alignnone size-medium wp-image-19\" src=\"http:\/\/www.automakers.cz\/wp-content\/uploads\/2023\/11\/Skoda-robot-baterie-orez-626x381-1-300x183.jpg\" alt=\"\" width=\"300\" height=\"183\" srcset=\"https:\/\/www.automakers.cz\/wp-content\/uploads\/2023\/11\/Skoda-robot-baterie-orez-626x381-1-300x183.jpg 300w, https:\/\/www.automakers.cz\/wp-content\/uploads\/2023\/11\/Skoda-robot-baterie-orez-626x381-1.jpg 626w\" sizes=\"auto, (max-width: 300px) 100vw, 300px\" \/><\/p>\n<p>&nbsp;<\/p>\n","protected":false},"excerpt":{"rendered":"<p>Po\u010det registrac\u00ed nov\u00fdch osobn\u00edch aut v Evropsk\u00e9 unii v \u0159\u00edjnu stoupl o 14,6 procenta na&#8230;<\/p>\n","protected":false},"author":1,"featured_media":420,"comment_status":"open","ping_status":"open","sticky":false,"template":"","format":"standard","meta":{"footnotes":""},"categories":[10],"tags":[],"class_list":["post-402","post","type-post","status-publish","format-standard","has-post-thumbnail","hentry","category-statistika"],"_links":{"self":[{"href":"https:\/\/www.automakers.cz\/index.php?rest_route=\/wp\/v2\/posts\/402","targetHints":{"allow":["GET"]}}],"collection":[{"href":"https:\/\/www.automakers.cz\/index.php?rest_route=\/wp\/v2\/posts"}],"about":[{"href":"https:\/\/www.automakers.cz\/index.php?rest_route=\/wp\/v2\/types\/post"}],"author":[{"embeddable":true,"href":"https:\/\/www.automakers.cz\/index.php?rest_route=\/wp\/v2\/users\/1"}],"replies":[{"embeddable":true,"href":"https:\/\/www.automakers.cz\/index.php?rest_route=%2Fwp%2Fv2%2Fcomments&post=402"}],"version-history":[{"count":4,"href":"https:\/\/www.automakers.cz\/index.php?rest_route=\/wp\/v2\/posts\/402\/revisions"}],"predecessor-version":[{"id":422,"href":"https:\/\/www.automakers.cz\/index.php?rest_route=\/wp\/v2\/posts\/402\/revisions\/422"}],"wp:featuredmedia":[{"embeddable":true,"href":"https:\/\/www.automakers.cz\/index.php?rest_route=\/wp\/v2\/media\/420"}],"wp:attachment":[{"href":"https:\/\/www.automakers.cz\/index.php?rest_route=%2Fwp%2Fv2%2Fmedia&parent=402"}],"wp:term":[{"taxonomy":"category","embeddable":true,"href":"https:\/\/www.automakers.cz\/index.php?rest_route=%2Fwp%2Fv2%2Fcategories&post=402"},{"taxonomy":"post_tag","embeddable":true,"href":"https:\/\/www.automakers.cz\/index.php?rest_route=%2Fwp%2Fv2%2Ftags&post=402"}],"curies":[{"name":"wp","href":"https:\/\/api.w.org\/{rel}","templated":true}]}}