{"id":4023,"date":"2024-05-14T13:19:30","date_gmt":"2024-05-14T13:19:30","guid":{"rendered":"https:\/\/www.automakers.cz\/?p=4023"},"modified":"2024-05-14T14:54:43","modified_gmt":"2024-05-14T14:54:43","slug":"nova-pravidla-pro-dobijecky-elektroaut","status":"publish","type":"post","link":"https:\/\/www.automakers.cz\/?p=4023","title":{"rendered":"Nov\u00e1 pravidla pro dob\u00edje\u010dky elektroaut"},"content":{"rendered":"<p><strong><span style=\"font-size: medium;\">Velk\u00fdm probl\u00e9mem elektromobilist\u016f v Evrop\u011b je skute\u010dnost, \u017ee v\u011bt\u0161ina nab\u00edje\u010dek nep\u0159ij\u00edm\u00e1 b\u011b\u017en\u00e9 platebn\u00ed karty. To se m\u00e1 zm\u011bnit. Od leto\u0161n\u00edho dubna mus\u00ed ka\u017ed\u00e1 nov\u00e1 dob\u00edje\u010dka elektroaut p\u0159ij\u00edmat bezhotovostn\u00ed platby. <\/span><\/strong><!--more--><\/p>\n<p><span style=\"font-size: medium;\">Ji\u017e stoj\u00edc\u00ed dob\u00edjec\u00ed stanice pak budou p\u0159ij\u00edmat platby kartou \u010di QR k\u00f3dem nejpozd\u011bji od roku 2027. C\u00edlem m\u00e1 b\u00fdt zp\u0159\u00edstupn\u011bn\u00ed \u201ead hoc\u201c nab\u00edjen\u00ed pro ka\u017ed\u00e9ho.<\/span><\/p>\n<p><strong><span style=\"font-size: medium;\">N<\/span><\/strong><strong><a href=\"https:\/\/www.consilium.europa.eu\/cs\/press\/press-releases\/2023\/07\/25\/alternative-fuels-infrastructure-council-adopts-new-law-for-more-recharging-and-refuelling-stations-across-europe\/\"><span style=\"color: #000000;\"><span style=\"font-size: medium;\">a\u0159\u00edzen\u00ed o infrastruktu\u0159e pro alternativn\u00ed paliva<\/span><\/span><\/a><\/strong> <strong><span style=\"font-size: medium;\">vydan\u00e9 Evropskou komis\u00ed rovn\u011b\u017e zav\u00e1d\u00ed povinnost instalovat rychl\u00e9 dob\u00edjec\u00ed stanice o v\u00fdkonu nejm\u00e9n\u011b 150 kW ka\u017ed\u00fdch 60 km pod\u00e9l hlavn\u00edch dopravn\u00edch koridor\u016f EU, tzv. transevropsk\u00e9 dopravn\u00ed s\u00edt\u011b (TEN-T). <\/span><\/strong><\/p>\n<p><span style=\"font-size: medium;\">\u201eZ nov\u011b platn\u00e9ho evropsk\u00e9ho na\u0159\u00edzen\u00ed pod zkratkou AFIR je pro \u010desk\u00e9 motoristy d\u016fle\u017eit\u00e9, \u017ee ka\u017ed\u00e1 dob\u00edjec\u00ed stanice bude nejpozd\u011bji do t\u0159\u00ed let p\u0159ij\u00edmat bezhotovostn\u00ed platby. To stejn\u00e9 plat\u00ed nap\u0159\u00edklad i pro vod\u00edkov\u00e9 \u010derpac\u00ed stanice,\u201c komentuje novou situaci<\/span><span style=\"font-size: medium;\"> Luk\u00e1\u0161 Svoboda z KB SmartPay, kter\u00e1 se zab\u00fdv\u00e1 instalac\u00ed platebn\u00edch termin\u00e1l\u016f na dob\u00edjec\u00ed stojany. <\/span><\/p>\n<p>\u201e<span style=\"font-size: medium;\">V minul\u00e9m roce byl n\u00e1\u0161 termin\u00e1l instalov\u00e1n na \u00fapln\u011b prvn\u00ed nab\u00edje\u010dce v \u010cesku, kter\u00e1 platbu kartou umo\u017e\u0148ovala. Konkr\u00e9tn\u011b to byla stanice spole\u010dnosti E.ON ve Strakonic\u00edch, se sv\u00fdmi devades\u00e1ti kilowatty tehdy nejv\u00fdkonn\u011bj\u0161\u00ed v Jiho\u010desk\u00e9m kraji,\u201c p\u0159ipomn\u011bl<\/span><span style=\"font-size: medium;\"> Svoboda s t\u00edm, \u017ee s<\/span><span style=\"font-size: medium;\">amoobslu\u017en\u00e9 termin\u00e1ly jsou ji\u017e prov\u011b\u0159en\u00e9 v mnoha odv\u011btv\u00edch, elektromobilitu nevyj\u00edmaje. <\/span><\/p>\n<p><span style=\"font-size: medium;\">\u201eM\u016f\u017eete je nal\u00e9zt na stovk\u00e1ch parkovi\u0161\u0165, na \u010derpac\u00edch stanic\u00edch, v samoobslu\u017en\u00fdch my\u010dk\u00e1ch, u potravinov\u00fdch automat\u016f nebo v samoobslu\u017en\u00fdch prodejn\u00e1ch nov\u00e9 generace. Na n\u00e1dra\u017e\u00edch si d\u00edky nim snadno kupujeme j\u00edzdenky a lze p\u0159es n\u011b platit z\u00e1silky u v\u00fddejov\u00fdch box\u016f. Sv\u00e9 vyu\u017eit\u00ed na\u0161ly dokonce i ve st\u00e1tn\u00ed slu\u017eb\u011b,\u201c <\/span><span style=\"font-size: medium;\">uzav\u00edr\u00e1 mana\u017eer. <\/span><span style=\"font-size: medium;\">Mno\u017estv\u00ed ve\u0159ejn\u00fdch dob\u00edjec\u00edch stanic je nyn\u00ed v \u010cesku v\u016f\u010di po\u010dtu elektroaut dostate\u010dn\u00e9. Konkr\u00e9tn\u011b je v \u010cR registrov\u00e1no celkem 31 418 \u010dist\u00fdch elektromobil\u016f<\/span><span style=\"color: #000000;\"><span style=\"font-size: medium;\">, ve\u0159ejn\u00fdch dob\u00edjec\u00edch stanic je 2392. <\/span><\/span><\/p>\n<p><strong>Zdroj: <\/strong><b>T\u00fdden\u00edk Euro<br \/>\n<\/b><\/p>\n<p><img loading=\"lazy\" decoding=\"async\" class=\"alignnone size-medium wp-image-1370\" src=\"http:\/\/www.automakers.cz\/wp-content\/uploads\/2024\/01\/CEZ-Futur-nabijecka-elektrina-900x676.jpg\" alt=\"\" width=\"900\" height=\"676\" srcset=\"https:\/\/www.automakers.cz\/wp-content\/uploads\/2024\/01\/CEZ-Futur-nabijecka-elektrina-900x676.jpg 900w, https:\/\/www.automakers.cz\/wp-content\/uploads\/2024\/01\/CEZ-Futur-nabijecka-elektrina-1024x769.jpg 1024w, https:\/\/www.automakers.cz\/wp-content\/uploads\/2024\/01\/CEZ-Futur-nabijecka-elektrina-768x577.jpg 768w, https:\/\/www.automakers.cz\/wp-content\/uploads\/2024\/01\/CEZ-Futur-nabijecka-elektrina.jpg 1266w\" sizes=\"auto, (max-width: 900px) 100vw, 900px\" \/><\/p>\n<div><\/div>\n","protected":false},"excerpt":{"rendered":"<p>Velk\u00fdm probl\u00e9mem elektromobilist\u016f v Evrop\u011b je skute\u010dnost, \u017ee v\u011bt\u0161ina nab\u00edje\u010dek nep\u0159ij\u00edm\u00e1 b\u011b\u017en\u00e9 platebn\u00ed karty. To&#8230;<\/p>\n","protected":false},"author":1,"featured_media":4025,"comment_status":"closed","ping_status":"closed","sticky":false,"template":"","format":"standard","meta":{"footnotes":""},"categories":[9,25],"tags":[],"class_list":["post-4023","post","type-post","status-publish","format-standard","has-post-thumbnail","hentry","category-elektromobily","category-legislativa"],"_links":{"self":[{"href":"https:\/\/www.automakers.cz\/index.php?rest_route=\/wp\/v2\/posts\/4023","targetHints":{"allow":["GET"]}}],"collection":[{"href":"https:\/\/www.automakers.cz\/index.php?rest_route=\/wp\/v2\/posts"}],"about":[{"href":"https:\/\/www.automakers.cz\/index.php?rest_route=\/wp\/v2\/types\/post"}],"author":[{"embeddable":true,"href":"https:\/\/www.automakers.cz\/index.php?rest_route=\/wp\/v2\/users\/1"}],"replies":[{"embeddable":true,"href":"https:\/\/www.automakers.cz\/index.php?rest_route=%2Fwp%2Fv2%2Fcomments&post=4023"}],"version-history":[{"count":4,"href":"https:\/\/www.automakers.cz\/index.php?rest_route=\/wp\/v2\/posts\/4023\/revisions"}],"predecessor-version":[{"id":4027,"href":"https:\/\/www.automakers.cz\/index.php?rest_route=\/wp\/v2\/posts\/4023\/revisions\/4027"}],"wp:featuredmedia":[{"embeddable":true,"href":"https:\/\/www.automakers.cz\/index.php?rest_route=\/wp\/v2\/media\/4025"}],"wp:attachment":[{"href":"https:\/\/www.automakers.cz\/index.php?rest_route=%2Fwp%2Fv2%2Fmedia&parent=4023"}],"wp:term":[{"taxonomy":"category","embeddable":true,"href":"https:\/\/www.automakers.cz\/index.php?rest_route=%2Fwp%2Fv2%2Fcategories&post=4023"},{"taxonomy":"post_tag","embeddable":true,"href":"https:\/\/www.automakers.cz\/index.php?rest_route=%2Fwp%2Fv2%2Ftags&post=4023"}],"curies":[{"name":"wp","href":"https:\/\/api.w.org\/{rel}","templated":true}]}}