{"id":4029,"date":"2024-05-14T15:00:27","date_gmt":"2024-05-14T15:00:27","guid":{"rendered":"https:\/\/www.automakers.cz\/?p=4029"},"modified":"2024-05-14T15:01:05","modified_gmt":"2024-05-14T15:01:05","slug":"zinnwald-lithium-pokrocila-v-krusnych-horach","status":"publish","type":"post","link":"https:\/\/www.automakers.cz\/?p=4029","title":{"rendered":"Zinnwald Lithium pokro\u010dila v Kru\u0161n\u00fdch hor\u00e1ch"},"content":{"rendered":"<p><strong><span style=\"font-family: Times New Roman, serif;\"><span style=\"font-size: large;\">Evropsk\u00e9 automobilky u\u017e n\u011bkolik let napjat\u011b sleduj\u00ed p\u0159\u00edpravu t\u011b\u017eby lithia v Kru\u0161n\u00fdch hor\u00e1ch. Kv\u016fli nedostatku tohoto kovu, pot\u0159ebn\u00e9ho pro v\u00fdrobu bateri\u00ed pro elektromobily, mus\u00ed draze kupovat bateriov\u00e9 \u010dl\u00e1nky v Asii a to evropsk\u00fdm z\u00e1kazn\u00edk\u016fm prodra\u017euje n\u00e1kupy elektrifikovan\u00fdch vozidel. Kru\u0161nohorsk\u00fd <\/span><\/span><\/strong><strong><span style=\"color: #000000;\"><span style=\"font-family: Times New Roman, serif;\"><span style=\"font-size: large;\">C\u00ednovec je podle geologick\u00fdch pr\u016fzkum\u016f nejbohat\u0161\u00edm lo\u017eiskem lithia v Evrop\u011b.<\/span><\/span><\/span><\/strong><!--more--><\/p>\n<p><span style=\"color: #000000;\"><span style=\"font-family: Times New Roman, serif;\"><span style=\"font-size: large;\"> Na tuzemsk\u00e9 stran\u011b \u010desko \u2013 n\u011bmeck\u00e9 hranice, kde se nach\u00e1z\u00ed asi dv\u011b t\u0159etiny z\u00e1sob, jej chce t\u011b\u017eit polost\u00e1tn\u00ed \u010cEZ. <\/span><\/span><\/span><\/p>\n<p><span style=\"color: #000000;\"><span style=\"font-family: Times New Roman, serif;\"><span style=\"font-size: large;\">V N\u011bmecku se na to chyst\u00e1 akciov\u00e1 spole\u010dnost Zinnwald Lithium. Oba projekty byly dosud ve stadiu p\u0159\u00edpravy studie proveditelnosti. N\u011bmc\u016fm se j\u00ed letos v dubnu poda\u0159ilo p\u0159edlo\u017eit akcion\u00e1\u0159\u016fm firmy a ve\u0159ejnosti.<\/span><\/span><\/span><\/p>\n<p><span style=\"color: #222222;\">\u201e<span style=\"font-family: Times New Roman, serif;\"><span style=\"font-size: large;\">V\u00fdsledky studie potvrdily potenci\u00e1l v\u00fdznamn\u00e9ho zdroje lithia, kter\u00fd by mohl b\u00fdt zdrojem pro integrovan\u00fd projekt spole\u010dnosti na v\u00fdrobu hydroxidu lithn\u00e9ho. A<\/span><\/span><\/span><span style=\"color: #000000;\"><span style=\"font-family: Times New Roman, serif;\"><span style=\"font-size: large;\">nal\u00fdzy uk\u00e1zaly v\u00fdznamnou mineralizaci lithia, c\u00ednu a wolframu s vysokou kvalitou,\u201c ozn\u00e1mil gener\u00e1ln\u00ed \u0159editel Zinnwald Lithium Anton du Plessis. Jeho c\u00edlem je nyn\u00ed z\u00edskat a\u017e 12 000 tun hydroxidu lithn\u00e9ho pro baterie ro\u010dn\u011b. <\/span><\/span><\/span><\/p>\n<p><span style=\"color: #000000;\"><span style=\"font-family: Times New Roman, serif;\"><span style=\"font-size: large;\">D<\/span><\/span><\/span><span style=\"color: #222222;\"><span style=\"font-family: Times New Roman, serif;\"><span style=\"font-size: large;\">u Plessis p\u0159itom vyzdvihl bl\u00edzkost projektu k n\u011bmeck\u00e9mu automobilov\u00e9mu a chemick\u00e9mu pr\u016fmyslu i k rostouc\u00edmu trhu s kovy pro v\u00fdrobu bateri\u00ed. Akcie n\u011bmeck\u00e9 spole\u010dnosti posko\u010dily ve druh\u00e9 polovin\u011b dubna po pozitivn\u00edch zpr\u00e1v\u00e1ch o v\u00edce ne\u017e 30 procent, t\u011b\u017eit by se mohlo u\u017e v roce 2025.<\/span><\/span><\/span><\/p>\n<p><span style=\"font-family: Times New Roman, serif;\"><span style=\"font-size: large;\"><span style=\"color: #222222;\">Na \u010desk\u00e9 stran\u011b C\u00ednovce zkoum\u00e1 mo\u017enosti t\u011b\u017eby spole\u010dnost Geomet, kterou ovl\u00e1d\u00e1 v\u00fd\u0161e zm\u00edn\u011bn\u00fd \u010cEZ. <\/span><span style=\"color: #263238;\">Podle zve\u0159ejn\u011bn\u00e9 dokumentace by m\u011bl v lokalit\u011b Sedmih\u016frky nedaleko Dub\u00ed vzniknout zcela nov\u00fd d\u016fln\u00ed are\u00e1l. T\u011b\u017ea\u0159i zde cht\u011bj\u00ed krom\u011b lithia t\u011b\u017eit i c\u00edn a wolfram. <\/span><\/span><\/span><\/p>\n<p><span style=\"font-family: Times New Roman, serif;\"><span style=\"font-size: large;\"><span style=\"color: #263238;\">Ro\u010dn\u011b pl\u00e1nuj\u00ed vyt\u011b\u017eit a\u017e 1,8 milionu tun rudy s t\u00edm, \u017ee v prvn\u00edch 20 letech by se j\u00ed hlubinnou metodou mohlo z\u00edskat a\u017e 38 milion\u016f tun. Zat\u00edm se zkoum\u00e1 vliv na \u017eivotn\u00ed prost\u0159ed\u00ed, kter\u00e9mu by m\u011bl pomoci nov\u00fd z\u00e1m\u011br nezpracov\u00e1vat vyt\u011b\u017eenou horninu p\u0159\u00edmo v Kru\u0161n\u00fdch hor\u00e1ch, ale v are\u00e1lu b\u00fdval\u00e9 elektr\u00e1rny Prun\u00e9\u0159ov. Optimistick\u00e9 odhady p\u0159edpokl\u00e1daj\u00ed start t\u011b\u017eby nejd\u0159\u00edve v roce 2026. <\/span><\/span><\/span><\/p>\n<p><strong>Zdroj: T\u00fdden\u00edk Euro<\/strong><\/p>\n","protected":false},"excerpt":{"rendered":"<p>Evropsk\u00e9 automobilky u\u017e n\u011bkolik let napjat\u011b sleduj\u00ed p\u0159\u00edpravu t\u011b\u017eby lithia v Kru\u0161n\u00fdch hor\u00e1ch. Kv\u016fli nedostatku&#8230;<\/p>\n","protected":false},"author":1,"featured_media":4030,"comment_status":"closed","ping_status":"closed","sticky":false,"template":"","format":"standard","meta":{"footnotes":""},"categories":[9,31],"tags":[],"class_list":["post-4029","post","type-post","status-publish","format-standard","has-post-thumbnail","hentry","category-elektromobily","category-news"],"_links":{"self":[{"href":"https:\/\/www.automakers.cz\/index.php?rest_route=\/wp\/v2\/posts\/4029","targetHints":{"allow":["GET"]}}],"collection":[{"href":"https:\/\/www.automakers.cz\/index.php?rest_route=\/wp\/v2\/posts"}],"about":[{"href":"https:\/\/www.automakers.cz\/index.php?rest_route=\/wp\/v2\/types\/post"}],"author":[{"embeddable":true,"href":"https:\/\/www.automakers.cz\/index.php?rest_route=\/wp\/v2\/users\/1"}],"replies":[{"embeddable":true,"href":"https:\/\/www.automakers.cz\/index.php?rest_route=%2Fwp%2Fv2%2Fcomments&post=4029"}],"version-history":[{"count":3,"href":"https:\/\/www.automakers.cz\/index.php?rest_route=\/wp\/v2\/posts\/4029\/revisions"}],"predecessor-version":[{"id":4033,"href":"https:\/\/www.automakers.cz\/index.php?rest_route=\/wp\/v2\/posts\/4029\/revisions\/4033"}],"wp:featuredmedia":[{"embeddable":true,"href":"https:\/\/www.automakers.cz\/index.php?rest_route=\/wp\/v2\/media\/4030"}],"wp:attachment":[{"href":"https:\/\/www.automakers.cz\/index.php?rest_route=%2Fwp%2Fv2%2Fmedia&parent=4029"}],"wp:term":[{"taxonomy":"category","embeddable":true,"href":"https:\/\/www.automakers.cz\/index.php?rest_route=%2Fwp%2Fv2%2Fcategories&post=4029"},{"taxonomy":"post_tag","embeddable":true,"href":"https:\/\/www.automakers.cz\/index.php?rest_route=%2Fwp%2Fv2%2Ftags&post=4029"}],"curies":[{"name":"wp","href":"https:\/\/api.w.org\/{rel}","templated":true}]}}