{"id":4034,"date":"2024-05-14T15:06:24","date_gmt":"2024-05-14T15:06:24","guid":{"rendered":"https:\/\/www.automakers.cz\/?p=4034"},"modified":"2024-05-14T15:20:56","modified_gmt":"2024-05-14T15:20:56","slug":"prague-car-festival-komunikuje-tomas-vanek","status":"publish","type":"post","link":"https:\/\/www.automakers.cz\/?p=4034","title":{"rendered":"Prague Car Festival komunikuje Van\u011bk"},"content":{"rendered":"<p><strong>Na konci \u0159\u00edjna prob\u011bhne na v\u00fdstavi\u0161ti PVA EXPO PRAHA 13. ro\u010dn\u00edk motoristick\u00e9 v\u00fdstavy Prague Car Festival. Komunikac\u00ed s ve\u0159ejnost\u00ed i odborn\u00fdmi m\u00e9dii t\u00e9to unik\u00e1tn\u00ed akce je od kv\u011btna pov\u011b\u0159en b\u00fdval\u00fd mluv\u010d\u00ed Toyoty Tom\u00e1\u0161 Van\u011bk.<\/strong><!--more--><\/p>\n<p>V\u00fdstava Prague Car Festival spojuje oblast cestovn\u00edch, upraven\u00fdch a sportovn\u00edch automobil\u016f a motocykl\u016f v\u010detn\u011b dopl\u0148k\u016f a p\u0159\u00edslu\u0161enstv\u00ed, servisn\u00ed a gar\u00e1\u017eov\u00e9 techniky a v neposledn\u00ed \u0159ad\u011b i sv\u011bta motorsportu a historie vozidel. Na plo\u0161e p\u0159es 38 000 m2 p\u0159edstav\u00ed nejlep\u0161\u00ed tuning z cel\u00e9 Evropy, \u010deskou i zahrani\u010dn\u00ed \u0161pi\u010dku automobilov\u00fdch a motocyklov\u00fdch z\u00e1vod\u016f a pr\u016f\u0159ez bohatou histori\u00ed v\u00fdvoje automobil\u016f a motocykl\u016f od p\u0159edv\u00e1le\u010dn\u00e9ho obdob\u00ed a\u017e po sou\u010dasnost.<\/p>\n<p>Od kv\u011btna leto\u0161n\u00edho roku se sou\u010d\u00e1st\u00ed realiza\u010dn\u00edho t\u00fdmu v\u00fdstavy Prague Car Festival st\u00e1v\u00e1 Tom\u00e1\u0161 Van\u011bk, kter\u00fd m\u00e1 dlouholet\u00e9 zku\u0161enosti v oblasti automotive komunikace. T\u00e9m\u011b\u0159 15 let byl PR mana\u017eerem v \u010desk\u00e9m importu dvou v\u00fdznamn\u00fdch japonsk\u00fdch automobilov\u00fdch zna\u010dek. V roce 2015 zalo\u017eil vlastn\u00ed komunika\u010dn\u00ed agenturu.<\/p>\n<p>\u201eV\u00fdstavu Prague Car Festival zn\u00e1m velmi dob\u0159e, proto\u017ee se j\u00ed aktivn\u011b ji\u017e \u010dtvrt\u00fdm rokem \u00fa\u010dastn\u00edm v r\u00e1mci prezentace m\u00e9ho v\u00fdznamn\u00e9ho klienta. Jedn\u00e1 se o akci, kter\u00e1 se ka\u017ed\u00fdm rokem posouv\u00e1 kvalitativn\u011b v\u00fdrazn\u011b dop\u0159edu a z\u00edsk\u00e1v\u00e1 si t\u00edm \u010d\u00edm d\u00e1l v\u00edce p\u0159\u00edznivc\u016f. Stejn\u011b tak m\u011b poj\u00ed dlouholet\u00e9 p\u0159\u00e1telstv\u00ed s Petrem Dufkem, \u0159editelem t\u00e9to unik\u00e1tn\u00ed v\u00fdstavy. Proto si jeho nab\u00eddky na spolupr\u00e1ci v oblasti komunikace nesm\u00edrn\u011b v\u00e1\u017e\u00edm a moc se na ni t\u011b\u0161\u00edm. S\u00e1m jsem toti\u017e velk\u00fdm fanou\u0161kem automobil\u016f, od t\u011bch historick\u00fdch a\u017e k z\u00e1vodn\u00edm speci\u00e1l\u016fm,\u201c komentuje po\u010d\u00e1tek spolupr\u00e1ce Tom\u00e1\u0161 Van\u011bk.<\/p>\n<p>K person\u00e1ln\u00edmu pos\u00edlen\u00ed organiza\u010dn\u00edho t\u00fdmu v\u00fdstavy Prague Car Festival se vyj\u00e1d\u0159il tak\u00e9 jej\u00ed \u0159editel Petr Dufek: \u201eJsem moc r\u00e1d, \u017ee jsme se s Tom\u00e1\u0161em na spolupr\u00e1ci dohodli u\u017e proto, \u017ee v oblasti Public Relations zam\u011b\u0159en\u00e9 na motorsport spolupracujeme t\u00e9m\u011b\u0159 25 let a dob\u0159e zn\u00e1m jeho profesion\u00e1ln\u00ed p\u0159\u00edstup u\u017e z dob jeho p\u016fsoben\u00ed u Toyoty. Na\u0161e v\u00fdstava se neust\u00e1le obsahov\u011b rozv\u00edj\u00ed a k tomu pot\u0159ebujeme posilovat vhodn\u00e9 komunika\u010dn\u00ed aktivity. V\u011b\u0159\u00edm, \u017ee tato spolupr\u00e1ce bude oboustrann\u011b p\u0159\u00ednosn\u00e1.\u201c<\/p>\n<p>V\u00fdstava Prague Car Festival ji\u017e \u0159adu let l\u00e1k\u00e1 fanou\u0161ky motorismu na v\u00fdstavi\u0161t\u011b PVA Expo Praha. V roce 2023 ji nav\u0161t\u00edvilo v\u00edce ne\u017e 37 000 motoristick\u00fdch nad\u0161enc\u016f. K vid\u011bn\u00ed bylo p\u0159es 1100 v mnoha p\u0159\u00edpadech unik\u00e1tn\u00edch expon\u00e1t\u016f.<\/p>\n<p><strong>Zdroj: Petr Dufek<\/strong><\/p>\n","protected":false},"excerpt":{"rendered":"<p>Na konci \u0159\u00edjna prob\u011bhne na v\u00fdstavi\u0161ti PVA EXPO PRAHA 13. ro\u010dn\u00edk motoristick\u00e9 v\u00fdstavy Prague Car&#8230;<\/p>\n","protected":false},"author":1,"featured_media":4035,"comment_status":"closed","ping_status":"closed","sticky":false,"template":"","format":"standard","meta":{"footnotes":""},"categories":[21,8],"tags":[],"class_list":["post-4034","post","type-post","status-publish","format-standard","has-post-thumbnail","hentry","category-pr","category-vystavy"],"_links":{"self":[{"href":"https:\/\/www.automakers.cz\/index.php?rest_route=\/wp\/v2\/posts\/4034","targetHints":{"allow":["GET"]}}],"collection":[{"href":"https:\/\/www.automakers.cz\/index.php?rest_route=\/wp\/v2\/posts"}],"about":[{"href":"https:\/\/www.automakers.cz\/index.php?rest_route=\/wp\/v2\/types\/post"}],"author":[{"embeddable":true,"href":"https:\/\/www.automakers.cz\/index.php?rest_route=\/wp\/v2\/users\/1"}],"replies":[{"embeddable":true,"href":"https:\/\/www.automakers.cz\/index.php?rest_route=%2Fwp%2Fv2%2Fcomments&post=4034"}],"version-history":[{"count":3,"href":"https:\/\/www.automakers.cz\/index.php?rest_route=\/wp\/v2\/posts\/4034\/revisions"}],"predecessor-version":[{"id":4040,"href":"https:\/\/www.automakers.cz\/index.php?rest_route=\/wp\/v2\/posts\/4034\/revisions\/4040"}],"wp:featuredmedia":[{"embeddable":true,"href":"https:\/\/www.automakers.cz\/index.php?rest_route=\/wp\/v2\/media\/4035"}],"wp:attachment":[{"href":"https:\/\/www.automakers.cz\/index.php?rest_route=%2Fwp%2Fv2%2Fmedia&parent=4034"}],"wp:term":[{"taxonomy":"category","embeddable":true,"href":"https:\/\/www.automakers.cz\/index.php?rest_route=%2Fwp%2Fv2%2Fcategories&post=4034"},{"taxonomy":"post_tag","embeddable":true,"href":"https:\/\/www.automakers.cz\/index.php?rest_route=%2Fwp%2Fv2%2Ftags&post=4034"}],"curies":[{"name":"wp","href":"https:\/\/api.w.org\/{rel}","templated":true}]}}