{"id":4052,"date":"2024-05-17T06:28:23","date_gmt":"2024-05-17T06:28:23","guid":{"rendered":"https:\/\/www.automakers.cz\/?p=4052"},"modified":"2024-05-17T06:28:23","modified_gmt":"2024-05-17T06:28:23","slug":"skoda-group-koupila-cegelec","status":"publish","type":"post","link":"https:\/\/www.automakers.cz\/?p=4052","title":{"rendered":"\u0160koda Group koupila Cegelec"},"content":{"rendered":"<p><strong><b>\u0160koda Group koupila 100 % akci\u00ed spole\u010dnosti Cegelec od VINCI Energies, \u010dlena nadn\u00e1rodn\u00ed pr\u016fmyslov\u00e9 skupiny VINCI. Firma ze skupiny PPF tak roz\u0161i\u0159uje sv\u00e9 portfolio o dal\u0161\u00ed komponenty pro r\u016fzn\u00e1 vozidla hromadn\u00e9 dopravy a tak\u00e9 zaj\u00edmav\u00fd rozsah servisn\u00edch slu\u017eeb. <\/b><\/strong><!--more--><\/p>\n<p>\u0160koda nav\u00edc z\u00edsk\u00e1v\u00e1 zku\u0161en\u00fd t\u00fdm pracovn\u00edk\u016f. Spole\u010dnost Cegelec bude pokra\u010dovat ve sv\u00e9 podnikatelsk\u00e9 \u010dinnosti v r\u00e1mci \u0160koda Group pod nov\u00fdm n\u00e1zvem Electric Components.<\/p>\n<p><em><i>\u201e\u0160koda Group proch\u00e1z\u00ed dlouhodob\u00fdm rozvojem a sou\u010d\u00e1st\u00ed toho je i posilov\u00e1n\u00ed na\u0161ich v\u00fdvojov\u00fdch, v\u00fdrobn\u00edch i\u00a0servisn\u00edch kapacit. T\u011b\u0161\u00edme se na spolupr\u00e1ci s\u00a0nov\u00fdmi kolegy a pr\u00e1ci na zaj\u00edmav\u00fdch projektech \u2013 a\u0165 st\u00e1vaj\u00edc\u00edch, tak nov\u00fdch, kter\u00e9 n\u00e1s brzy \u010dekaj\u00ed\u201c, <\/i><\/em>uvedl <strong><b>Karel Majer, p\u0159edseda p\u0159edstavenstva a obchodn\u00ed \u0159editel spole\u010dnosti \u0160koda Electric. ze \u0160koda Group<\/b><\/strong>, pod kterou se nov\u011b nabyt\u00e1 spole\u010dnost za\u0159ad\u00ed.<\/p>\n<p>Spole\u010dnost Cegelec a.s. (nov\u011b Electric Components a.s.) se zab\u00fdv\u00e1 v\u00fdvojem a v\u00fdrobou elektrick\u00fdch za\u0159\u00edzen\u00ed se zam\u011b\u0159en\u00edm p\u0159edev\u0161\u00edm na m\u011bstskou hromadnou dopravu. V centru pozornosti tak stoj\u00ed zejm\u00e9na dod\u00e1vky elektrick\u00fdch v\u00fdzbroj\u00ed pro tramvaje, trolejbusy, metro a p\u0159\u00edm\u011bstskou \u017eeleznici. Ve spolupr\u00e1ci s dal\u0161\u00edmi subjekty se pod\u00edl\u00ed tak\u00e9 na modernizaci kolejov\u00fdch vozidel, p\u0159edev\u0161\u00edm tramvaj\u00ed z\u00a0p\u016fvodn\u00ed produkce \u010cKD Praha.<\/p>\n<p><em><i>\u00a0<\/i><\/em><em><i>\u201eV\u011b\u0159\u00edm, \u017ee spojen\u00ed na\u0161ich know-how p\u0159isp\u011bje k roz\u0161\u00ed\u0159en\u00ed spole\u010dn\u00fdch aktivit na dal\u0161\u00edch projektech po cel\u00e9m sv\u011bt\u011b,\u201c <\/i><\/em>dopl\u0148uje <strong><b>Miroslav Opa, d\u0159\u00edve gener\u00e1ln\u00ed \u0159editel a nov\u011b p\u0159edseda p\u0159edstavenstva Electric Components a.s.<\/b><\/strong><em><i>\u00a0<\/i><\/em><\/p>\n<p><strong><b>\u0160koda Group <\/b><\/strong><\/p>\n<p>Firma je sou\u010d\u00e1st\u00ed skupiny PPF. Vyr\u00e1b\u00ed \u0161k\u00e1lu vozidel pro hromadnou dopravu a komponent\u016f, v\u010detn\u011b n\u00edzkopodla\u017en\u00edch tramvaj\u00ed, elektrick\u00fdch lokomotiv, p\u0159\u00edm\u011bstsk\u00fdch vlakov\u00fdch jednotek, souprav metra, elektrobus\u016f a trolejbus\u016f a tak\u00e9 \u0159\u00eddic\u00edch a pohonn\u00fdch syst\u00e9m\u016f pro dopravn\u00ed syst\u00e9my. \u0160koda Group zam\u011bstn\u00e1v\u00e1 8000 lid\u00ed v n\u011bkolika v\u00fdrobn\u00edch z\u00e1vodech v \u010cesk\u00e9 republice a ve Finsku. Obchodn\u00ed jednotky m\u00e1 skupina tak\u00e9 v N\u011bmecku, It\u00e1lii, Rakousku, Polsku, Ma\u010farsku a na Ukrajin\u011b. V roce 2022 dos\u00e1hla tr\u017eeb ve v\u00fd\u0161i 763,7 milionu eur a upraven\u00e1 EBITDA byla 50,2 milionu eur.<\/p>\n<p><strong><b>Skupina PPF<\/b><\/strong>\u00a0je mezin\u00e1rodn\u00ed investi\u010dn\u00ed spole\u010dnost p\u016fsob\u00edc\u00ed v 25 zem\u00edch Evropy, Asie, Severn\u00ed Ameriky a Afriky. Investuje do \u0159ady odv\u011btv\u00ed, v\u010detn\u011b finan\u010dn\u00edch slu\u017eeb, telekomunikac\u00ed, m\u00e9di\u00ed, stroj\u00edrenstv\u00ed a e-commerce. Skupina vlastn\u00ed aktiva v hodnot\u011b 43,5 miliardy eur a celosv\u011btov\u011b zam\u011bstn\u00e1v\u00e1 55 000 lid\u00ed (k 31. prosinci 2023).<\/p>\n<p><strong>Zdroj: \u0160koda Group<\/strong><\/p>\n","protected":false},"excerpt":{"rendered":"<p>\u0160koda Group koupila 100 % akci\u00ed spole\u010dnosti Cegelec od VINCI Energies, \u010dlena nadn\u00e1rodn\u00ed pr\u016fmyslov\u00e9 skupiny&#8230;<\/p>\n","protected":false},"author":1,"featured_media":4054,"comment_status":"closed","ping_status":"closed","sticky":false,"template":"","format":"standard","meta":{"footnotes":""},"categories":[3,18],"tags":[],"class_list":["post-4052","post","type-post","status-publish","format-standard","has-post-thumbnail","hentry","category-investice","category-vyroba"],"_links":{"self":[{"href":"https:\/\/www.automakers.cz\/index.php?rest_route=\/wp\/v2\/posts\/4052","targetHints":{"allow":["GET"]}}],"collection":[{"href":"https:\/\/www.automakers.cz\/index.php?rest_route=\/wp\/v2\/posts"}],"about":[{"href":"https:\/\/www.automakers.cz\/index.php?rest_route=\/wp\/v2\/types\/post"}],"author":[{"embeddable":true,"href":"https:\/\/www.automakers.cz\/index.php?rest_route=\/wp\/v2\/users\/1"}],"replies":[{"embeddable":true,"href":"https:\/\/www.automakers.cz\/index.php?rest_route=%2Fwp%2Fv2%2Fcomments&post=4052"}],"version-history":[{"count":3,"href":"https:\/\/www.automakers.cz\/index.php?rest_route=\/wp\/v2\/posts\/4052\/revisions"}],"predecessor-version":[{"id":4056,"href":"https:\/\/www.automakers.cz\/index.php?rest_route=\/wp\/v2\/posts\/4052\/revisions\/4056"}],"wp:featuredmedia":[{"embeddable":true,"href":"https:\/\/www.automakers.cz\/index.php?rest_route=\/wp\/v2\/media\/4054"}],"wp:attachment":[{"href":"https:\/\/www.automakers.cz\/index.php?rest_route=%2Fwp%2Fv2%2Fmedia&parent=4052"}],"wp:term":[{"taxonomy":"category","embeddable":true,"href":"https:\/\/www.automakers.cz\/index.php?rest_route=%2Fwp%2Fv2%2Fcategories&post=4052"},{"taxonomy":"post_tag","embeddable":true,"href":"https:\/\/www.automakers.cz\/index.php?rest_route=%2Fwp%2Fv2%2Ftags&post=4052"}],"curies":[{"name":"wp","href":"https:\/\/api.w.org\/{rel}","templated":true}]}}