{"id":4057,"date":"2024-05-17T06:40:22","date_gmt":"2024-05-17T06:40:22","guid":{"rendered":"https:\/\/www.automakers.cz\/?p=4057"},"modified":"2024-05-17T06:40:47","modified_gmt":"2024-05-17T06:40:47","slug":"novy-volkswagen-california-bude-v-cervnu","status":"publish","type":"post","link":"https:\/\/www.automakers.cz\/?p=4057","title":{"rendered":"Nov\u00fd Volkswagen California v \u010dervnu"},"content":{"rendered":"<p><b>Volkswagen U\u017eitkov\u00e9 p\u0159edstavil ve sv\u011btov\u00e9 premi\u00e9\u0159e nov\u011b vyvinutou generaci bestselleru California, jeho\u017e bylo vyrobeno ji\u017e v\u00edce ne\u017e 280 000 voz\u016f. P\u0159edprodej modelu za\u010dne v \u010dervnu.<\/b><!--more--><\/p>\n<p>Z\u00e1kladem Californie je dlouh\u00e1 verze Multivanu. Volkswagen zachoval typick\u00e9 prvky modelu, jak\u00fdmi je t\u0159eba v\u00fdsuvn\u00e1 st\u0159echa. V\u0161echny verze modelu California budou poprv\u00e9 dod\u00e1v\u00e1ny se dv\u011bma posuvn\u00fdmi dve\u0159mi v s\u00e9riov\u00e9 v\u00fdbav\u011b.<\/p>\n<p><img loading=\"lazy\" decoding=\"async\" class=\"alignnone size-medium wp-image-4060\" src=\"http:\/\/www.automakers.cz\/wp-content\/uploads\/2024\/05\/VW_California_Beach_17-low-900x600.jpg\" alt=\"\" width=\"900\" height=\"600\" srcset=\"https:\/\/www.automakers.cz\/wp-content\/uploads\/2024\/05\/VW_California_Beach_17-low-900x600.jpg 900w, https:\/\/www.automakers.cz\/wp-content\/uploads\/2024\/05\/VW_California_Beach_17-low-1024x683.jpg 1024w, https:\/\/www.automakers.cz\/wp-content\/uploads\/2024\/05\/VW_California_Beach_17-low-768x512.jpg 768w, https:\/\/www.automakers.cz\/wp-content\/uploads\/2024\/05\/VW_California_Beach_17-low.jpg 1274w\" sizes=\"auto, (max-width: 900px) 100vw, 900px\" \/><\/p>\n<p>Dal\u0161\u00ed novinkou pou\u017eitou v modelu Nov\u00e1 California je plug-in hybridn\u00ed pohon. D\u00edky n\u011bmu se kempovac\u00ed v\u016fz prom\u011bn\u00ed na p\u0159echodnou dobu v elektromobil, kter\u00fd sou\u010dasn\u011b umo\u017e\u0148uje j\u00edzdu na dlouh\u00e9 vzd\u00e1lenosti.<\/p>\n<p><strong>Zdroj: VW U\u017eitkov\u00e9, Zorka Ma\u0161kov\u00e1<\/strong><\/p>\n<p>&nbsp;<\/p>\n","protected":false},"excerpt":{"rendered":"<p>Volkswagen U\u017eitkov\u00e9 p\u0159edstavil ve sv\u011btov\u00e9 premi\u00e9\u0159e nov\u011b vyvinutou generaci bestselleru California, jeho\u017e bylo vyrobeno ji\u017e&#8230;<\/p>\n","protected":false},"author":1,"featured_media":4059,"comment_status":"closed","ping_status":"closed","sticky":false,"template":"","format":"standard","meta":{"footnotes":""},"categories":[38,12],"tags":[],"class_list":["post-4057","post","type-post","status-publish","format-standard","has-post-thumbnail","hentry","category-luv","category-premiery"],"_links":{"self":[{"href":"https:\/\/www.automakers.cz\/index.php?rest_route=\/wp\/v2\/posts\/4057","targetHints":{"allow":["GET"]}}],"collection":[{"href":"https:\/\/www.automakers.cz\/index.php?rest_route=\/wp\/v2\/posts"}],"about":[{"href":"https:\/\/www.automakers.cz\/index.php?rest_route=\/wp\/v2\/types\/post"}],"author":[{"embeddable":true,"href":"https:\/\/www.automakers.cz\/index.php?rest_route=\/wp\/v2\/users\/1"}],"replies":[{"embeddable":true,"href":"https:\/\/www.automakers.cz\/index.php?rest_route=%2Fwp%2Fv2%2Fcomments&post=4057"}],"version-history":[{"count":4,"href":"https:\/\/www.automakers.cz\/index.php?rest_route=\/wp\/v2\/posts\/4057\/revisions"}],"predecessor-version":[{"id":4062,"href":"https:\/\/www.automakers.cz\/index.php?rest_route=\/wp\/v2\/posts\/4057\/revisions\/4062"}],"wp:featuredmedia":[{"embeddable":true,"href":"https:\/\/www.automakers.cz\/index.php?rest_route=\/wp\/v2\/media\/4059"}],"wp:attachment":[{"href":"https:\/\/www.automakers.cz\/index.php?rest_route=%2Fwp%2Fv2%2Fmedia&parent=4057"}],"wp:term":[{"taxonomy":"category","embeddable":true,"href":"https:\/\/www.automakers.cz\/index.php?rest_route=%2Fwp%2Fv2%2Fcategories&post=4057"},{"taxonomy":"post_tag","embeddable":true,"href":"https:\/\/www.automakers.cz\/index.php?rest_route=%2Fwp%2Fv2%2Ftags&post=4057"}],"curies":[{"name":"wp","href":"https:\/\/api.w.org\/{rel}","templated":true}]}}