{"id":4076,"date":"2024-05-17T06:19:18","date_gmt":"2024-05-17T06:19:18","guid":{"rendered":"https:\/\/www.automakers.cz\/?p=4076"},"modified":"2024-05-20T08:01:23","modified_gmt":"2024-05-20T08:01:23","slug":"horice-jedou-300-zatacek-gustava-havla","status":"publish","type":"post","link":"https:\/\/www.automakers.cz\/?p=4076","title":{"rendered":"Ho\u0159ice jedou 300 zat\u00e1\u010dek Gustava Havla"},"content":{"rendered":"<p><strong>AMK Ho\u0159ice fini\u0161uje p\u0159\u00edpravy na v\u00edkendov\u00fd motocyklov\u00fd silni\u010dn\u00ed z\u00e1vod 300 zat\u00e1\u010dek Gustava Havla. Leto\u0161n\u00ed program 61. ro\u010dn\u00edku p\u0159ibl\u00ed\u017eil novin\u00e1\u0159\u016fm p\u0159edseda klubu a \u0159editel z\u00e1vodu Tom\u00e1\u0161 Jen\u0161ovsk\u00fd. (VIDEO)<\/strong><br \/>\n<!--more--><\/p>\n<p><strong>300 zat\u00e1\u010dek Gustava Havla je Open mistrovstv\u00ed \u010cesk\u00e9 republiky na p\u0159\u00edrodn\u00edch okruz\u00edch a P\u0159ebor \u010cesk\u00e9 republiky na p\u0159\u00edrodn\u00edch okruz\u00edch<\/strong>, kter\u00fd se jezd\u00ed v\u00a0<strong>Ho\u0159ic\u00edch v Podkrkono\u0161\u00ed<\/strong>\u00a0od roku\u00a0<strong>1936<\/strong>.<\/p>\n<p><iframe loading=\"lazy\"  id=\"_ytid_86709\"  width=\"640\" height=\"360\"  data-origwidth=\"640\" data-origheight=\"360\" src=\"https:\/\/www.youtube.com\/embed\/ZaAnhpBj5jk?enablejsapi=1&#038;autoplay=0&#038;cc_load_policy=0&#038;cc_lang_pref=&#038;iv_load_policy=1&#038;loop=0&#038;modestbranding=0&#038;rel=1&#038;fs=1&#038;playsinline=0&#038;autohide=2&#038;theme=dark&#038;color=red&#038;controls=1&#038;\" class=\"__youtube_prefs__  epyt-is-override  no-lazyload\" title=\"YouTube player\"  allow=\"accelerometer; autoplay; clipboard-write; encrypted-media; gyroscope; picture-in-picture\" allowfullscreen data-no-lazy=\"1\" data-skipgform_ajax_framebjll=\"\"><\/iframe><\/p>\n<p>&#8222;N\u00e1zev vznikl z faktu, \u017ee po dvan\u00e1cti kolech z\u00e1vodu ujede motocyklista na ho\u0159ick\u00e9m z\u00e1vodn\u00edm okruhu p\u0159esn\u011b <strong>312 zat\u00e1\u010dek<\/strong>,&#8220; p\u0159ipom\u00edn\u00e1 \u0161\u00e9f z\u00e1vodu Tom\u00e1\u0161 Jen\u0161ovsk\u00fd. Podle jeho slov je z\u00e1vod unik\u00e1tn\u00ed t\u00edm, \u017ee se st\u00e1le jezd\u00ed na stejn\u00e9m silni\u010dn\u00edm okruhu jako p\u0159ed 61 lety. Letos o\u010dek\u00e1v\u00e1 dvacet tis\u00edc div\u00e1k\u016f.<\/p>\n<p><img loading=\"lazy\" decoding=\"async\" class=\"alignnone size-medium wp-image-4080\" src=\"http:\/\/www.automakers.cz\/wp-content\/uploads\/2024\/05\/Horice-Jensovsky-mistostarostka-900x675.jpg\" alt=\"\" width=\"900\" height=\"675\" srcset=\"https:\/\/www.automakers.cz\/wp-content\/uploads\/2024\/05\/Horice-Jensovsky-mistostarostka-900x675.jpg 900w, https:\/\/www.automakers.cz\/wp-content\/uploads\/2024\/05\/Horice-Jensovsky-mistostarostka-1024x768.jpg 1024w, https:\/\/www.automakers.cz\/wp-content\/uploads\/2024\/05\/Horice-Jensovsky-mistostarostka-768x576.jpg 768w, https:\/\/www.automakers.cz\/wp-content\/uploads\/2024\/05\/Horice-Jensovsky-mistostarostka-1536x1152.jpg 1536w, https:\/\/www.automakers.cz\/wp-content\/uploads\/2024\/05\/Horice-Jensovsky-mistostarostka.jpg 2040w\" sizes=\"auto, (max-width: 900px) 100vw, 900px\" \/><strong>Od roku 1968 nese z\u00e1vod jm\u00e9no Gustava Havla<\/strong>, \u010desk\u00e9ho z\u00e1vodn\u00edka, kter\u00fd pat\u0159il mezi sv\u011btovou \u0161pi\u010dku a tragicky\u00a0<strong>zahynul v roce 1967<\/strong> p\u0159i cest\u011b do zam\u011bstn\u00e1n\u00ed.<\/p>\n<p>Historii z\u00e1vodu i jeho \u00fa\u010dastn\u00edk\u016f p\u0159ipom\u00edn\u00e1 v\u00fdstava v m\u00edstn\u00edm z\u00e1mku.<\/p>\n<p><img loading=\"lazy\" decoding=\"async\" class=\"alignnone size-medium wp-image-4079\" src=\"http:\/\/www.automakers.cz\/wp-content\/uploads\/2024\/05\/Gustav-Havel-900x675.jpg\" alt=\"\" width=\"900\" height=\"675\" srcset=\"https:\/\/www.automakers.cz\/wp-content\/uploads\/2024\/05\/Gustav-Havel-900x675.jpg 900w, https:\/\/www.automakers.cz\/wp-content\/uploads\/2024\/05\/Gustav-Havel-1024x768.jpg 1024w, https:\/\/www.automakers.cz\/wp-content\/uploads\/2024\/05\/Gustav-Havel-768x576.jpg 768w, https:\/\/www.automakers.cz\/wp-content\/uploads\/2024\/05\/Gustav-Havel-1536x1152.jpg 1536w, https:\/\/www.automakers.cz\/wp-content\/uploads\/2024\/05\/Gustav-Havel.jpg 2040w\" sizes=\"auto, (max-width: 900px) 100vw, 900px\" \/><\/p>\n<p><strong>Erich Handl, Ho\u0159ice<\/strong><\/p>\n","protected":false},"excerpt":{"rendered":"<p>AMK Ho\u0159ice fini\u0161uje p\u0159\u00edpravy na v\u00edkendov\u00fd motocyklov\u00fd silni\u010dn\u00ed z\u00e1vod 300 zat\u00e1\u010dek Gustava Havla. Leto\u0161n\u00ed program&#8230;<\/p>\n","protected":false},"author":1,"featured_media":4078,"comment_status":"closed","ping_status":"closed","sticky":false,"template":"","format":"standard","meta":{"footnotes":""},"categories":[71,19,66],"tags":[],"class_list":["post-4076","post","type-post","status-publish","format-standard","has-post-thumbnail","hentry","category-interview","category-motorsport","category-video"],"_links":{"self":[{"href":"https:\/\/www.automakers.cz\/index.php?rest_route=\/wp\/v2\/posts\/4076","targetHints":{"allow":["GET"]}}],"collection":[{"href":"https:\/\/www.automakers.cz\/index.php?rest_route=\/wp\/v2\/posts"}],"about":[{"href":"https:\/\/www.automakers.cz\/index.php?rest_route=\/wp\/v2\/types\/post"}],"author":[{"embeddable":true,"href":"https:\/\/www.automakers.cz\/index.php?rest_route=\/wp\/v2\/users\/1"}],"replies":[{"embeddable":true,"href":"https:\/\/www.automakers.cz\/index.php?rest_route=%2Fwp%2Fv2%2Fcomments&post=4076"}],"version-history":[{"count":6,"href":"https:\/\/www.automakers.cz\/index.php?rest_route=\/wp\/v2\/posts\/4076\/revisions"}],"predecessor-version":[{"id":4087,"href":"https:\/\/www.automakers.cz\/index.php?rest_route=\/wp\/v2\/posts\/4076\/revisions\/4087"}],"wp:featuredmedia":[{"embeddable":true,"href":"https:\/\/www.automakers.cz\/index.php?rest_route=\/wp\/v2\/media\/4078"}],"wp:attachment":[{"href":"https:\/\/www.automakers.cz\/index.php?rest_route=%2Fwp%2Fv2%2Fmedia&parent=4076"}],"wp:term":[{"taxonomy":"category","embeddable":true,"href":"https:\/\/www.automakers.cz\/index.php?rest_route=%2Fwp%2Fv2%2Fcategories&post=4076"},{"taxonomy":"post_tag","embeddable":true,"href":"https:\/\/www.automakers.cz\/index.php?rest_route=%2Fwp%2Fv2%2Ftags&post=4076"}],"curies":[{"name":"wp","href":"https:\/\/api.w.org\/{rel}","templated":true}]}}